{"id":207867,"date":"2025-06-27T08:22:10","date_gmt":"2025-06-27T08:22:10","guid":{"rendered":"https:\/\/www.europesays.com\/fr\/207867\/"},"modified":"2025-06-27T08:22:10","modified_gmt":"2025-06-27T08:22:10","slug":"en-bref-en-lozere-braderie-a-la-boutiksoleil-assemblee-generale-du-club-de-volley-mendois-et-panne-des-feux-tricolores-rue-du-torrent","status":"publish","type":"post","link":"https:\/\/www.europesays.com\/fr\/207867\/","title":{"rendered":"En bref en Loz\u00e8re\u00a0: braderie \u00e0 la Boutik\u2019Soleil, assembl\u00e9e g\u00e9n\u00e9rale du club de volley mendois et panne des feux tricolores rue du Torrent"},"content":{"rendered":"<p>La braderie \u00e0 la Boutik\u2019Soleil<\/p>\n<p>Les soldes, c\u2019est aussi \u00e0 la Boutik\u2019Soleil du Secours Catholique. Du mardi\u00a01er au samedi 5\u00a0juillet, tous les articles seront \u00e0 \u2013 50\u00a0%. La boutique sera ouverte tous les jours de 10\u00a0h \u00e0 18\u00a0h. Les achats permettent \u00e0 l\u2019association de venir en aide aux personnes en situation de pr\u00e9carit\u00e9.<\/p>\n<p>Assembl\u00e9e g\u00e9n\u00e9rale du Mende Loz\u00e8re Volley-ball<\/p>\n<p>Le club de volley-ball mendois tiendra son assembl\u00e9e g\u00e9n\u00e9rale le vendredi 4\u00a0juillet 2025 au gymnase Piencourt de la ville-pr\u00e9fecture. Elle aura lieu \u00e0 partir de 20\u00a0h\u00a030, dans la salle de danse.<\/p>\n<p>La panne des feux tricolores rue du Torrent<\/p>\n<p>Suite aux travaux de l\u2019avenue P\u00e8re-Coudrin, un probl\u00e8me technique est apparu sur les feux tricolores de la rue du Torrent lors de la remise en marche. Une entreprise sp\u00e9cialis\u00e9e devrait intervenir pour y rem\u00e9dier au plus t\u00f4t.<\/p>\n","protected":false},"excerpt":{"rendered":"La braderie \u00e0 la Boutik\u2019Soleil Les soldes, c\u2019est aussi \u00e0 la Boutik\u2019Soleil du Secours Catholique. Du mardi\u00a01er au&hellip;\n","protected":false},"author":2,"featured_media":207868,"comment_status":"","ping_status":"","sticky":false,"template":"","format":"standard","meta":{"footnotes":""},"categories":[1417],"tags":[1011,27,60,1470,1469],"class_list":{"0":"post-207867","1":"post","2":"type-post","3":"status-publish","4":"format-standard","5":"has-post-thumbnail","7":"category-volley","8":"tag-fr","9":"tag-france","10":"tag-sports","11":"tag-volley","12":"tag-volleyball"},"share_on_mastodon":{"url":"https:\/\/pubeurope.com\/@fr\/114754364635807538","error":""},"_links":{"self":[{"href":"https:\/\/www.europesays.com\/fr\/wp-json\/wp\/v2\/posts\/207867","targetHints":{"allow":["GET"]}}],"collection":[{"href":"https:\/\/www.europesays.com\/fr\/wp-json\/wp\/v2\/posts"}],"about":[{"href":"https:\/\/www.europesays.com\/fr\/wp-json\/wp\/v2\/types\/post"}],"author":[{"embeddable":true,"href":"https:\/\/www.europesays.com\/fr\/wp-json\/wp\/v2\/users\/2"}],"replies":[{"embeddable":true,"href":"https:\/\/www.europesays.com\/fr\/wp-json\/wp\/v2\/comments?post=207867"}],"version-history":[{"count":0,"href":"https:\/\/www.europesays.com\/fr\/wp-json\/wp\/v2\/posts\/207867\/revisions"}],"wp:featuredmedia":[{"embeddable":true,"href":"https:\/\/www.europesays.com\/fr\/wp-json\/wp\/v2\/media\/207868"}],"wp:attachment":[{"href":"https:\/\/www.europesays.com\/fr\/wp-json\/wp\/v2\/media?parent=207867"}],"wp:term":[{"taxonomy":"category","embeddable":true,"href":"https:\/\/www.europesays.com\/fr\/wp-json\/wp\/v2\/categories?post=207867"},{"taxonomy":"post_tag","embeddable":true,"href":"https:\/\/www.europesays.com\/fr\/wp-json\/wp\/v2\/tags?post=207867"}],"curies":[{"name":"wp","href":"https:\/\/api.w.org\/{rel}","templated":true}]}}