{"id":207869,"date":"2025-06-27T08:23:07","date_gmt":"2025-06-27T08:23:07","guid":{"rendered":"https:\/\/www.europesays.com\/fr\/207869\/"},"modified":"2025-06-27T08:23:07","modified_gmt":"2025-06-27T08:23:07","slug":"top-14-charges-destructrices-impact-physique-et-defense-de-fer-yoram-moefana-le-poids-lourd-de-lattaque-de-lubb-le-figaro","status":"publish","type":"post","link":"https:\/\/www.europesays.com\/fr\/207869\/","title":{"rendered":"Top 14 : charges destructrices, impact physique et d\u00e9fense de fer\u2026 Yoram Moefana, le poids lourd de l\u2019attaque de l\u2019UBB &#8211; Le Figaro"},"content":{"rendered":"<ol>\n<li><a href=\"https:\/\/news.google.com\/rss\/articles\/CBMi-gFBVV95cUxPQzRMM3dsS2Q1eUN0ZFlvWW1pSGJ1XzkwZ0t1RUJ4OHd3dldKNXZkNW5fV05KQlFjbElhSGdoOEdXMl83V1VzTHVHX1c0RkpLYkVUVGg3WTZoRzJZcFpScmZKS0R4aUREakdsSXRyWGM4VjZ4UERualp2ZGxaak53MWtXVmJXVmhfcG80MGNwNlhWc004VE9fLUNKTzZHVGtBWWNtWlVaWXFMQWVVbGQ2U0U2TDV3OEkwSWJ6TFd1eW5JX0VmbUhCSTJ6NU5ubkNoZ3lYckRLWERFTEVtN19QUkFWeU5ZZmtIS3d5NFM0ekxjZlhZWUdza19R?oc=5\" target=\"_blank\" rel=\"nofollow noopener\">Top 14 : charges destructrices, impact physique et d\u00e9fense de fer\u2026 Yoram Moefana, le poids lourd de l\u2019attaque de l\u2019UBB<\/a>&nbsp;&nbsp;Le Figaro<\/li>\n<li><a href=\"https:\/\/news.google.com\/rss\/articles\/CBMitAJBVV95cUxORHJaWU5uMVJDRFdXWUtkc01VVXdCclBvVmZBLUhUSFRFUk1YZzRleGk4LXBQalBUaWkwZFF5cEhsT3NRR0JZdEk2R1FBc1BCcVpWNzRvT0U1NG13UVd3aTlSWTYwZ1RfQVQwMlNNWkNaNTBRQ2RmdFBxMndrbFg5RUpJNldGT3NnMUdxN2NvcXZOR2NNdnNJM2VVTk5YTTJ1RW56TlBXWnZIWnYwMThjclpVZmJpS3J3eEZfcXI5dXRIZzZIRlRWT1lLcGVOTW5HMTVsWUJYUF9TRE54Rm5RVkcwdGg1VzVVMDliZHY3RVdXcUpheVY4cTJ2SjM5SzVYXzlVbGlrMEtfaF80U0dvZTNJTzVySXlwRnFOcndqYV9xWVlrX3R5WEh0Y0hmNTE3eGZ5Tw?oc=5\" target=\"_blank\" rel=\"nofollow noopener\">\u00ab C\u2019est un r\u00e9gal de les voir \u00e9voluer ensemble \u00bb : Charvet et Bonneval s\u2019enflamment pour le duo de l\u2019UBB Moefana-Depoortere<\/a>&nbsp;&nbsp;Sud Ouest<\/li>\n<li><a href=\"https:\/\/news.google.com\/rss\/articles\/CBMigwJBVV95cUxPX3l5b21meUt2TWREMmNXaGFBc0trR2RvN2xLX1h2ampVTklpVWNfVVUteVgxcEJNU0g4QmE5Q3lKcFNxcDY2NGVZWC1QOWJ2U2N0QUJqZVJRblktUFZ6S1d6ZThuNDNYdkJXcnMxcUpYZEhUVEk2VjdrenBiRXNqS1JVNDFVT3RLZEFDUDdzY0JUR2tGNjFNZnNXRGctWEJfYXBrTkNGbW9LeU9UN0VIMEFZbE1aNVJCdkNLcFZjY2o2ekpPbkpSMER1SThrbXdWTFlNV0tCS3pqNFVLWjJJeHZ5M3IxWEN0Qm54b1NYWFA5cXBWdTBsS0kyX2lkRWg4Y0pF?oc=5\" target=\"_blank\" rel=\"nofollow noopener\">\u00ab C&rsquo;est un r\u00e9gal pour les yeux de les voir \u00e9voluer ensemble \u00bb : le coup de coeur de Denis Charvet pour la paire de centre de l&rsquo;UBB<\/a>&nbsp;&nbsp;L&rsquo;\u00c9quipe<\/li>\n<li><a href=\"https:\/\/news.google.com\/rss\/articles\/CBMirAJBVV95cUxNOUN0SzhiWWx0ZXphdmhxczBhVkhBc1B4bU5YUEN4MGpTNEE2ODdIOGNJTWdicEhrM29FYlRjd3pubVdmN3ItMDlEZVJqSElIb1NxbVQ3TjFPVDFfLThwQzQxeE51NWhrM2kwUi1CTDI1UC1JUHl2RkZ2NmRDRWdFMHc3WGZERHRsMDJpY0F0R1N5SnJTV2JXLWxmdFoxUDQ3X1ROTjFvQ0NkRjY4VGh5dnVuLW9WRmJyY2k0NDd3MFV2YU5pZG0wQnkyejdxQUFxMXhOb3BnWHVmTlk0ZG1vUDJZNi1NYmZyaHV3RW5VRlhUaHJiYmhtTjMtVFc2X0c5Vmx4ektvbzZwNTFvZEhveFZ3NEgyNTlreDYzRWRHbHNYZjR5WGk4aHAzNVI?oc=5\" target=\"_blank\" rel=\"nofollow noopener\">Thierry Dusautoir : \u00ab\u00a0Souvent, lorsque la d\u00e9fense bordelaise subit, on voit un Moefana qui change la donne, qui change le rythme pour r\u00e9cup\u00e9rer l\u2019initiative sur l\u2019attaque\u00a0\u00bb<\/a>&nbsp;&nbsp;Rugby Scapulaire<\/li>\n<li><a href=\"https:\/\/news.google.com\/rss\/articles\/CBMitwFBVV95cUxQeVFjWHVJemd2Ym9VOVFHaTBmTEFOWUtabHMxcTFvakh6UFVhclR5MUgtOWYxMk5KWmh5WWFIZ2xnTW95VV9oczdZNENic0VWcXYtUEkzNE51SmFjMGhNN01mN01JSURsNEU5LU5mLTU2cEIyRDBhYzJsd2xTcUJ1cHBhSjhScndwMm12czZXeUZiT0tSRWZrUlZ6dGJYS285TkpEREduU1o5V1JQUWtHR0t1ZWdQQXM?oc=5\" target=\"_blank\" rel=\"nofollow noopener\">UBB : Charvet met en avant la doublette Depoortere-Moefana avant la finale<\/a>&nbsp;&nbsp;Quinze Mondial<\/li>\n<\/ol>\n","protected":false},"excerpt":{"rendered":"Top 14 : charges destructrices, impact physique et d\u00e9fense de fer\u2026 Yoram Moefana, le poids lourd de l\u2019attaque&hellip;\n","protected":false},"author":2,"featured_media":1445,"comment_status":"","ping_status":"","sticky":false,"template":"","format":"standard","meta":{"footnotes":""},"categories":[1416],"tags":[1011,27,479,1468,60],"class_list":{"0":"post-207869","1":"post","2":"type-post","3":"status-publish","4":"format-standard","5":"has-post-thumbnail","7":"category-rugby","8":"tag-fr","9":"tag-france","10":"tag-rugby","11":"tag-rugby-football","12":"tag-sports"},"share_on_mastodon":{"url":"https:\/\/pubeurope.com\/@fr\/114754368605895874","error":""},"_links":{"self":[{"href":"https:\/\/www.europesays.com\/fr\/wp-json\/wp\/v2\/posts\/207869","targetHints":{"allow":["GET"]}}],"collection":[{"href":"https:\/\/www.europesays.com\/fr\/wp-json\/wp\/v2\/posts"}],"about":[{"href":"https:\/\/www.europesays.com\/fr\/wp-json\/wp\/v2\/types\/post"}],"author":[{"embeddable":true,"href":"https:\/\/www.europesays.com\/fr\/wp-json\/wp\/v2\/users\/2"}],"replies":[{"embeddable":true,"href":"https:\/\/www.europesays.com\/fr\/wp-json\/wp\/v2\/comments?post=207869"}],"version-history":[{"count":0,"href":"https:\/\/www.europesays.com\/fr\/wp-json\/wp\/v2\/posts\/207869\/revisions"}],"wp:featuredmedia":[{"embeddable":true,"href":"https:\/\/www.europesays.com\/fr\/wp-json\/wp\/v2\/media\/1445"}],"wp:attachment":[{"href":"https:\/\/www.europesays.com\/fr\/wp-json\/wp\/v2\/media?parent=207869"}],"wp:term":[{"taxonomy":"category","embeddable":true,"href":"https:\/\/www.europesays.com\/fr\/wp-json\/wp\/v2\/categories?post=207869"},{"taxonomy":"post_tag","embeddable":true,"href":"https:\/\/www.europesays.com\/fr\/wp-json\/wp\/v2\/tags?post=207869"}],"curies":[{"name":"wp","href":"https:\/\/api.w.org\/{rel}","templated":true}]}}