{"id":207874,"date":"2025-06-27T08:26:12","date_gmt":"2025-06-27T08:26:12","guid":{"rendered":"https:\/\/www.europesays.com\/fr\/207874\/"},"modified":"2025-06-27T08:26:12","modified_gmt":"2025-06-27T08:26:12","slug":"michelin-explique-le-trou-sur-le-pneu-de-bagnaia-au-mugello","status":"publish","type":"post","link":"https:\/\/www.europesays.com\/fr\/207874\/","title":{"rendered":"Michelin explique le \u00ab\u00a0trou\u00a0\u00bb sur le pneu de Bagnaia au Mugello"},"content":{"rendered":"<p>Pecco Bagnaia a lutt\u00e9 avec les fr\u00e8res M\u00e1rquez pendant quelques tours avant de perdre le contact et d&rsquo;\u00eatre doubl\u00e9 par Fabio Di Giannantonio au Mugello. L&rsquo;Italien a eu de plus en plus de mal \u00e0 g\u00e9rer son pneu arri\u00e8re, tr\u00e8s endommag\u00e9 \u00e0 la fin de la course.<\/p>\n<p>\u00ab\u00a0Dans les derniers tours, les vibrations de l&rsquo;arri\u00e8re \u00e9taient trop fortes, j&rsquo;avais un trou dans le pneu arri\u00e8re parce qu&rsquo;il \u00e9tait tr\u00e8s us\u00e9, et \u00e7a n&rsquo;aidait pas, donc il a fallu que je ralentisse encore plus\u00a0\u00bb, a <a href=\"https:\/\/fr.motorsport.com\/motogp\/news\/bagnaia-claque-probleme-ducati-mugello\/10735283\/\" target=\"_blank\" rel=\"noopener\">expliqu\u00e9 le pilote Ducati \u00e0 l&rsquo;arriv\u00e9e<\/a>.<\/p>\n<p>Michelin a confirm\u00e9 les propos de Bagnaia mais a tenu \u00e0 rassurer\u00a0: le \u00ab\u00a0trou\u00a0\u00bb \u00e9voqu\u00e9 \u00e9tait en fait une cloque provoqu\u00e9e par la chaleur, ce qui n&rsquo;a eu aucune influence sur la s\u00e9curit\u00e9 et m\u00eame sur les performances.\u00a0\u00ab\u00a0Oui, il y avait un trou dans le pneu arri\u00e8re de Pecco, mais comme sur ceux des autres pilotes\u00a0\u00bb, a expliqu\u00e9 Piero Taramasso, responsable de la comp\u00e9tition deux roues de Michelin, \u00e0 <a href=\"https:\/\/it.motorsport.com\/motogp\/news\/motogp-taramasso-il-buco-nella-gomma-di-bagnaia-al-mugello-era-un-blister\/10736159\/\" target=\"_blank\" rel=\"noopener\">l&rsquo;\u00e9dition italienne de <strong>Motorsport.com<\/strong><\/a>. \u00ab\u00a0C&rsquo;est du blister, donc une bulle d&rsquo;air qui \u00e9clate quand la temp\u00e9rature est trop \u00e9lev\u00e9e, ce qui cr\u00e9e ce trou.\u00a0\u00bb<\/p>\n<p>\u00ab\u00a0C&rsquo;est un ph\u00e9nom\u00e8ne que nous voyons souvent quand il fait tr\u00e8s chaud et que l&rsquo;on sollicite le pneu arri\u00e8re. Cela arrive sur tous les circuits rapides avec beaucoup d&rsquo;appui, comme Silverstone et Assen\u00a0: on voit des trous, mais cela n&rsquo;affecte pas les performances. Il n&rsquo;y a pas de probl\u00e8me de s\u00e9curit\u00e9, c&rsquo;est juste visuel et cela peut \u00eatre g\u00e9r\u00e9.\u00a0\u00bb<\/p>\n<p>\u00ab\u00a0Avec les temp\u00e9ratures tr\u00e8s \u00e9lev\u00e9es, on s&rsquo;y attendait et les \u00e9quipes savaient aussi qu&rsquo;il \u00e9tait possible qu&rsquo;il y ait deux ou trois trous \u00e0 la fin. Ce n&rsquo;\u00e9tait pas une surprise. Si Pecco a perdu des sensations \u00e0 l&rsquo;arri\u00e8re, c&rsquo;\u00e9tait probablement plus d\u00fb \u00e0 un probl\u00e8me de temp\u00e9rature.\u00a0\u00bb<\/p>\n<p>   <img decoding=\"async\" draggable=\"false\" src=\"https:\/\/www.europesays.com\/fr\/wp-content\/uploads\/2025\/06\/1751012772_887_francesco-bagnaia-ducati-team.jpg\" alt=\"Francesco Bagnaia, Ducati Team\" width=\"1200\" height=\"800\" loading=\"lazy\"\/> <\/p>\n<p class=\"title\">Pecco Bagnaia<\/p>\n<p class=\"photographer\">Photo de: Gold and Goose Photography \/ LAT Images \/ via Getty Images<\/p>\n<p>Cette chaleur a \u00e9t\u00e9 le sujet du week-end au GP d&rsquo;Italie. Maintenir les pneus dans une bonne condition \u00e9tait l&rsquo;\u00e9l\u00e9ment cl\u00e9 pour briller selon Taramasso\u00a0: \u00ab\u00a0Nous n&rsquo;avions jamais eu autant de chaleur au Mugello. La piste \u00e9tait d\u00e9j\u00e0 \u00e0 40\u00b0C dans la matin\u00e9e et elle atteignait 50-52\u00b0C dans l&rsquo;apr\u00e8s-midi.\u00a0\u00bb<\/p>\n<p>\u00ab\u00a0Finalement, le travail de tout le week-end \u00e9tait centr\u00e9 sur essayer de maintenir une temp\u00e9rature faible dans les pneus, surtout \u00e0 l&rsquo;arri\u00e8re. D\u00e8s les premiers tours, nous voyons que cela montait beaucoup plus que d&rsquo;habitude.\u00a0\u00bb<\/p>\n<p>\u00ab\u00a0Ce qui est positif, c&rsquo;est que m\u00eame dans ces conditions, les pneus sont rest\u00e9s assez constants, parce que les pilotes n&rsquo;ont pas \u00e9voqu\u00e9 de d\u00e9t\u00e9rioration, et m\u00eame au niveau du rythme de course, nous n&rsquo;avons pas vu de grosse baisse dans la deuxi\u00e8me partie de la course\u00a0\u00bb, a ajout\u00e9 Taramasso. \u00ab\u00a0En tout cas, c&rsquo;\u00e9tait une bonne course parce que dans les premiers tours, il y a eu un bon spectacle avec la lutte entre les fr\u00e8res M\u00e1rquez et Bagnaia.\u00a0\u00bb<\/p>\n<p style=\"text-align: right;\">Propos recueillis par Matteo Nugnes<\/p>\n<p>Lire aussi :<\/p>\n<p>Dans cet article<\/p>\n<p>    Vincent Lalanne-Sicaud\n<\/p>\n<p>    MotoGP\n<\/p>\n<p>    Pecco Bagnaia\n<\/p>\n<p>    Ducati Team\n<\/p>\n<p>Soyez le premier inform\u00e9 et souscrivez aux alertes mails pour recevoir les infos en temps r\u00e9el<\/p>\n<p>    S&rsquo;abonner aux alertes de news<\/p>\n","protected":false},"excerpt":{"rendered":"Pecco Bagnaia a lutt\u00e9 avec les fr\u00e8res M\u00e1rquez pendant quelques tours avant de perdre le contact et d&rsquo;\u00eatre&hellip;\n","protected":false},"author":2,"featured_media":207875,"comment_status":"","ping_status":"","sticky":false,"template":"","format":"standard","meta":{"footnotes":""},"categories":[1413],"tags":[4950,1011,27,31123,1457,1456,1458,31124,4951,60],"class_list":{"0":"post-207874","1":"post","2":"type-post","3":"status-publish","4":"format-standard","5":"has-post-thumbnail","7":"category-moto","8":"tag-ducati-team","9":"tag-fr","10":"tag-france","11":"tag-gp-ditalie","12":"tag-moto","13":"tag-motocycle","14":"tag-motogp","15":"tag-mugello","16":"tag-pecco-bagnaia","17":"tag-sports"},"share_on_mastodon":{"url":"https:\/\/pubeurope.com\/@fr\/114754380376759535","error":""},"_links":{"self":[{"href":"https:\/\/www.europesays.com\/fr\/wp-json\/wp\/v2\/posts\/207874","targetHints":{"allow":["GET"]}}],"collection":[{"href":"https:\/\/www.europesays.com\/fr\/wp-json\/wp\/v2\/posts"}],"about":[{"href":"https:\/\/www.europesays.com\/fr\/wp-json\/wp\/v2\/types\/post"}],"author":[{"embeddable":true,"href":"https:\/\/www.europesays.com\/fr\/wp-json\/wp\/v2\/users\/2"}],"replies":[{"embeddable":true,"href":"https:\/\/www.europesays.com\/fr\/wp-json\/wp\/v2\/comments?post=207874"}],"version-history":[{"count":0,"href":"https:\/\/www.europesays.com\/fr\/wp-json\/wp\/v2\/posts\/207874\/revisions"}],"wp:featuredmedia":[{"embeddable":true,"href":"https:\/\/www.europesays.com\/fr\/wp-json\/wp\/v2\/media\/207875"}],"wp:attachment":[{"href":"https:\/\/www.europesays.com\/fr\/wp-json\/wp\/v2\/media?parent=207874"}],"wp:term":[{"taxonomy":"category","embeddable":true,"href":"https:\/\/www.europesays.com\/fr\/wp-json\/wp\/v2\/categories?post=207874"},{"taxonomy":"post_tag","embeddable":true,"href":"https:\/\/www.europesays.com\/fr\/wp-json\/wp\/v2\/tags?post=207874"}],"curies":[{"name":"wp","href":"https:\/\/api.w.org\/{rel}","templated":true}]}}