{"id":207876,"date":"2025-06-27T08:27:09","date_gmt":"2025-06-27T08:27:09","guid":{"rendered":"https:\/\/www.europesays.com\/fr\/207876\/"},"modified":"2025-06-27T08:27:09","modified_gmt":"2025-06-27T08:27:09","slug":"george-russell-evoque-le-possible-lien-entre-son-avenir-chez-mercedes-et-la-situation-de-verstappen","status":"publish","type":"post","link":"https:\/\/www.europesays.com\/fr\/207876\/","title":{"rendered":"George Russell \u00e9voque le possible lien entre son avenir chez Mercedes et la situation de Verstappen"},"content":{"rendered":"<p>George Russell estime que le retard dans la finalisation de son nouveau contrat avec Mercedes pourrait \u00eatre li\u00e9 \u00e0 l\u2019int\u00e9r\u00eat persistant de Mercedes pour Max Verstappen. Le pilote britannique, dont le contrat actuel expire \u00e0 la fin de la saison, a laiss\u00e9 entendre que l\u2019\u00e9quipe pourrait temporiser dans l\u2019attente d\u2019une \u00e9ventuelle disponibilit\u00e9 du quadruple champion du monde.<\/p>\n<p>Le directeur de Mercedes, Toto Wolff, a r\u00e9cemment affirm\u00e9 qu\u2019il ne faisait aucun doute quant \u00e0 la prolongation de Russell, \u00e9voquant une question de \u201cquand\u201d, et non de \u201csi\u201d. N\u00e9anmoins, l\u2019Autrichien ne cache pas son admiration pour Verstappen et n\u2019a jamais dissimul\u00e9 son souhait de l\u2019attirer \u00e0 Brackley.<\/p>\n<p>Si l\u2019int\u00e9r\u00eat de Mercedes pour le pilote Red Bull s\u2019est quelque peu att\u00e9nu\u00e9 en d\u00e9but d\u2019ann\u00e9e \u2014 notamment en raison des performances solides de Russell et de l\u2019\u00e9mergence du jeune Kimi Antonelli \u2014, la situation reste ouverte. Russell, actuellement \u00e0 seulement 19 points de Verstappen avant le Grand Prix d\u2019Autriche, continue de faire valoir sa place au sein de l\u2019\u00e9quipe.<\/p>\n<p>Verstappen, sous contrat avec Red Bull jusqu\u2019en 2028, a de son c\u00f4t\u00e9 laiss\u00e9 entendre qu\u2019il pourrait rester au sein de l\u2019\u00e9curie au moins jusqu\u2019\u00e0 l\u2019entr\u00e9e en vigueur du nouveau r\u00e8glement technique en 2026. Toutefois, son avenir au-del\u00e0 reste flou, et il pourrait avoir le luxe de choisir son \u00e9quipe si un changement s\u2019op\u00e9rait.<\/p>\n<p>Dans ce contexte, Russell sugg\u00e8re que les discussions autour de son propre avenir pourraient \u00eatre influenc\u00e9es par les incertitudes entourant celui de Verstappen.<\/p>\n<p>\u00ab De mon c\u00f4t\u00e9, je ne pense pas avoir vraiment de quoi m\u2019inqui\u00e9ter. Je pense qu\u2019en tant qu\u2019\u00e9quipe, tout d\u00e9pend de vos aspirations \u00bb, a d\u00e9clar\u00e9 Russell \u00e0 Sky Sports F1. \u00ab Nous sommes actuellement deuxi\u00e8mes, peut-\u00eatre troisi\u00e8mes. Nous sommes peut-\u00eatre l\u00e9g\u00e8rement au-dessus de notre niveau pour \u00eatre deuxi\u00e8mes. Mercedes veut revenir au sommet, et pour cela, il faut s\u2019assurer d\u2019avoir les meilleurs pilotes, les meilleurs ing\u00e9nieurs, les meilleurs m\u00e9caniciens, et c\u2019est ce que Mercedes recherche.<br \/>Il est donc tout \u00e0 fait normal que des discussions soient en cours avec des pilotes comme Verstappen. Mais de mon c\u00f4t\u00e9, si je continue \u00e0 performer comme je le fais, pourquoi devrais-je m\u2019inqui\u00e9ter ? Il y a deux places dans chaque \u00e9curie de Formule 1. \u00bb<\/p>\n<p><a href=\"https:\/\/f1only.fr\/f1-aston-martin-lorgne-russell-2026\/\" target=\"_blank\" rel=\"noopener\">George Russell<\/a> a ensuite affirm\u00e9 que le retard dans la signature de son nouveau contrat \u00e9tait li\u00e9 \u00e0 Verstappen.<\/p>\n<p>\u00ab Toto m\u2019a clairement fait comprendre qu\u2019il pensait que mes performances cette ann\u00e9e \u00e9taient aussi bonnes que celles de n\u2019importe qui d\u2019autre \u00bb, a d\u00e9clar\u00e9 le Britannique. \u00ab Je pense qu\u2019il n\u2019y a qu\u2019un seul pilote dont on puisse discuter en termes de performances \u2013 ce sont ses mots, pas les miens \u2013 c\u2019est pourquoi je ne m\u2019inqui\u00e8te pas pour l\u2019avenir. Mais il y a deux si\u00e8ges dans chaque \u00e9quipe et j\u2019imagine qu\u2019il doit r\u00e9fl\u00e9chir \u00e0 qui seront les deux pilotes qui occuperont ces deux si\u00e8ges, et je pense que c\u2019est ce qui explique le retard. Pour l\u2019instant, je n\u2019ai qu\u2019une seule chose \u00e0 faire : rouler vite. Si vous roulez vite, vous n\u2019avez rien \u00e0 craindre. Et si vous ne roulez pas vite, c\u2019est l\u00e0 que les gens commencent \u00e0 parler. \u00bb<\/p>\n","protected":false},"excerpt":{"rendered":"George Russell estime que le retard dans la finalisation de son nouveau contrat avec Mercedes pourrait \u00eatre li\u00e9&hellip;\n","protected":false},"author":2,"featured_media":207877,"comment_status":"","ping_status":"","sticky":false,"template":"","format":"standard","meta":{"footnotes":""},"categories":[1412],"tags":[5080,5081,1451,5083,5084,5085,5086,5087,1452,1453,1454,1455,1011,27,9124,2236,4320,5089,5090,2255,60,5091,3030],"class_list":{"0":"post-207876","1":"post","2":"type-post","3":"status-publish","4":"format-standard","5":"has-post-thumbnail","7":"category-f1","8":"tag-actualites-f1","9":"tag-actuf1","10":"tag-f1","11":"tag-f1-actu","12":"tag-f1-direct","13":"tag-f1-live","14":"tag-f1-news","15":"tag-f1news","16":"tag-formula-1","17":"tag-formula1","18":"tag-formule-1","19":"tag-formule1","20":"tag-fr","21":"tag-france","22":"tag-george-russell","23":"tag-max-verstappen","24":"tag-mercedes","25":"tag-news-f1","26":"tag-newsf1","27":"tag-red-bull","28":"tag-sports","29":"tag-tip","30":"tag-top"},"share_on_mastodon":{"url":"https:\/\/pubeurope.com\/@fr\/114754384298261190","error":""},"_links":{"self":[{"href":"https:\/\/www.europesays.com\/fr\/wp-json\/wp\/v2\/posts\/207876","targetHints":{"allow":["GET"]}}],"collection":[{"href":"https:\/\/www.europesays.com\/fr\/wp-json\/wp\/v2\/posts"}],"about":[{"href":"https:\/\/www.europesays.com\/fr\/wp-json\/wp\/v2\/types\/post"}],"author":[{"embeddable":true,"href":"https:\/\/www.europesays.com\/fr\/wp-json\/wp\/v2\/users\/2"}],"replies":[{"embeddable":true,"href":"https:\/\/www.europesays.com\/fr\/wp-json\/wp\/v2\/comments?post=207876"}],"version-history":[{"count":0,"href":"https:\/\/www.europesays.com\/fr\/wp-json\/wp\/v2\/posts\/207876\/revisions"}],"wp:featuredmedia":[{"embeddable":true,"href":"https:\/\/www.europesays.com\/fr\/wp-json\/wp\/v2\/media\/207877"}],"wp:attachment":[{"href":"https:\/\/www.europesays.com\/fr\/wp-json\/wp\/v2\/media?parent=207876"}],"wp:term":[{"taxonomy":"category","embeddable":true,"href":"https:\/\/www.europesays.com\/fr\/wp-json\/wp\/v2\/categories?post=207876"},{"taxonomy":"post_tag","embeddable":true,"href":"https:\/\/www.europesays.com\/fr\/wp-json\/wp\/v2\/tags?post=207876"}],"curies":[{"name":"wp","href":"https:\/\/api.w.org\/{rel}","templated":true}]}}