{"id":207884,"date":"2025-06-27T08:31:19","date_gmt":"2025-06-27T08:31:19","guid":{"rendered":"https:\/\/www.europesays.com\/fr\/207884\/"},"modified":"2025-06-27T08:31:19","modified_gmt":"2025-06-27T08:31:19","slug":"on-a-visite-le-chantier-de-la-future-ecole-de-limage-aux-couronneries-a-poitiers","status":"publish","type":"post","link":"https:\/\/www.europesays.com\/fr\/207884\/","title":{"rendered":"on a visit\u00e9 le chantier de la future \u00c9cole de l\u2019image aux Couronneries \u00e0 Poitiers"},"content":{"rendered":"<p>La premi\u00e8re pierre avait \u00e9t\u00e9 pos\u00e9e en mars\u00a02024. Depuis, <a target=\"_self\" href=\"https:\/\/www.lanouvellerepublique.fr\/poitiers\/poitiers-l-ecole-de-l-image-fera-sa-rentree-2026-au-coeur-des-couronneries\" rel=\"noopener\">le chantier de construction de la nouvelle \u00c9cole europ\u00e9enne sup\u00e9rieure de l\u2019image (\u00c9ESI)<\/a> a bien avanc\u00e9 (1). Le mastodonte de b\u00e9ton de deux \u00e9tages s\u2019est hiss\u00e9 en quelques mois derri\u00e8re le centre commercial de la place de Coimbra, aux Couronneries \u00e0 Poitiers. Ce b\u00e2timent unique pr\u00e9sente une fa\u00e7ade ext\u00e9rieure compos\u00e9e de plusieurs arches. Si celles-ci offrent de belles entr\u00e9es lumineuses \u00e0 l\u2019int\u00e9rieur, elles ont aussi une v\u00e9ritable importance architecturale. \u00ab\u00a0Ces arches et ces pics en fa\u00e7ade, \u00e0 la mani\u00e8re d\u2019une cath\u00e9drale, permettent de r\u00e9pondre aux mouvements sismiques\u00a0\u00bb, pr\u00e9sente sommairement Benjamin Colboc, architecte \u00e0 l\u2019agence Cosa.<\/p>\n<p>Une rue int\u00e9rieure non chauff\u00e9e participera \u00e0 l\u2019inertie thermique<\/p>\n<p>L\u2019entr\u00e9e principale du b\u00e2timent se fera du c\u00f4t\u00e9 de la rue Marcel-Paul, au dos des commerces de la place de Coimbra. Cette entr\u00e9e fera place \u00e0 une rue int\u00e9rieure traversante. Compos\u00e9e d\u2019un ascenseur et d\u2019escaliers, elle permettra d\u2019irriguer le rez-de-chauss\u00e9e et les deux \u00e9tages de l\u2019\u00e9tablissement. Cette rue aura la particularit\u00e9 de ne pas \u00eatre chauff\u00e9e. \u00ab\u00a0Ce sera un lieu temp\u00e9r\u00e9, qui participera \u00e0 l\u2019inertie thermique du b\u00e2timent, observe Benjamin Colboc. La rue sera \u00e9clair\u00e9e et ventil\u00e9e naturellement&#8230;. <\/p>\n<p>    Cet article a \u00e9t\u00e9 tronqu\u00e9. Abonnez-vous pour lire l&rsquo;article complet sur notre site.<\/p>\n<p>\u00a0\u00bb<\/p>\n<p style=\"margin: 0 !important; padding: 0 !important; font-size: 12px !important;\">Cet article a \u00e9t\u00e9 tronqu\u00e9. Abonnez-vous pour lire l&rsquo;article complet.<\/p>\n<p>    <a href=\"https:\/\/www.lanouvellerepublique.fr\/abonnements\" style=\"display: inline-block; margin-top: 5px !important; padding: 6px 12px !important; background: #cb1c27; color: white; text-decoration: none; border-radius: 4px; font-size: 12px !important;\" target=\"_blank\" rel=\"noopener\"><br \/>\n      S&rsquo;abonner<br \/>\n    <\/a><\/p>\n","protected":false},"excerpt":{"rendered":"La premi\u00e8re pierre avait \u00e9t\u00e9 pos\u00e9e en mars\u00a02024. Depuis, le chantier de construction de la nouvelle \u00c9cole europ\u00e9enne&hellip;\n","protected":false},"author":2,"featured_media":207885,"comment_status":"","ping_status":"","sticky":false,"template":"","format":"standard","meta":{"footnotes":""},"categories":[1358],"tags":[1392,1348,1384,1385,1386,58,1057,59,1011,27,1653,5116,2086,1584],"class_list":{"0":"post-207884","1":"post","2":"type-post","3":"status-publish","4":"format-standard","5":"has-post-thumbnail","7":"category-arts-et-design","8":"tag-a-la-une-local","9":"tag-arts","10":"tag-arts-and-design","11":"tag-arts-et-design","12":"tag-design","13":"tag-divertissement","14":"tag-education","15":"tag-entertainment","16":"tag-fr","17":"tag-france","18":"tag-poitiers","19":"tag-quartiers","20":"tag-travaux","21":"tag-vienne"},"share_on_mastodon":{"url":"https:\/\/pubeurope.com\/@fr\/114754399990715979","error":""},"_links":{"self":[{"href":"https:\/\/www.europesays.com\/fr\/wp-json\/wp\/v2\/posts\/207884","targetHints":{"allow":["GET"]}}],"collection":[{"href":"https:\/\/www.europesays.com\/fr\/wp-json\/wp\/v2\/posts"}],"about":[{"href":"https:\/\/www.europesays.com\/fr\/wp-json\/wp\/v2\/types\/post"}],"author":[{"embeddable":true,"href":"https:\/\/www.europesays.com\/fr\/wp-json\/wp\/v2\/users\/2"}],"replies":[{"embeddable":true,"href":"https:\/\/www.europesays.com\/fr\/wp-json\/wp\/v2\/comments?post=207884"}],"version-history":[{"count":0,"href":"https:\/\/www.europesays.com\/fr\/wp-json\/wp\/v2\/posts\/207884\/revisions"}],"wp:featuredmedia":[{"embeddable":true,"href":"https:\/\/www.europesays.com\/fr\/wp-json\/wp\/v2\/media\/207885"}],"wp:attachment":[{"href":"https:\/\/www.europesays.com\/fr\/wp-json\/wp\/v2\/media?parent=207884"}],"wp:term":[{"taxonomy":"category","embeddable":true,"href":"https:\/\/www.europesays.com\/fr\/wp-json\/wp\/v2\/categories?post=207884"},{"taxonomy":"post_tag","embeddable":true,"href":"https:\/\/www.europesays.com\/fr\/wp-json\/wp\/v2\/tags?post=207884"}],"curies":[{"name":"wp","href":"https:\/\/api.w.org\/{rel}","templated":true}]}}