{"id":20789,"date":"2025-04-12T22:59:18","date_gmt":"2025-04-12T22:59:18","guid":{"rendered":"https:\/\/www.europesays.com\/fr\/20789\/"},"modified":"2025-04-12T22:59:18","modified_gmt":"2025-04-12T22:59:18","slug":"energie-le-thermostat-connecte-voltalis-propose-gratuitement-aux-strasbourgeois-depuis-janvier","status":"publish","type":"post","link":"https:\/\/www.europesays.com\/fr\/20789\/","title":{"rendered":"Energie. Le thermostat connect\u00e9 Voltalis propos\u00e9 gratuitement aux Strasbourgeois depuis janvier !"},"content":{"rendered":"<p>Contenu con\u00e7u et propos\u00e9 par EBRA Inspirations en partenariat avec EBRA Inspirations est une marque qui valorise les contenus r\u00e9dactionnels promotionnels.<br \/>La r\u00e9daction n&rsquo;a pas particip\u00e9 \u00e0 la r\u00e9alisation de cet article.<\/p>\n<p>                                                    <strong>Voltalis<\/strong><\/p>\n<p>Depuis le d\u00e9but d\u2019ann\u00e9e, les conseillers Voltalis proposent aux particu\u00adliers et aux entreprises du territoire de Stras\u00adbourg de s\u2019\u00e9quiper de thermostats intelligents pour optimiser leur consommation \u00e9nerg\u00e9\u00adtique.<\/p>\n<p>Le thermostat connect\u00e9 <a href=\"https:\/\/www.voltalis.com\/\" target=\"_blank\" rel=\"noopener\">Voltalis<\/a> permet de r\u00e9a\u00adliser jusqu\u2019\u00e0 15 % d\u2019\u00e9co\u00adnomies*, sans aucun frais ni abonnement : le thermostat, l\u2019installa\u00adtion et l\u2019application de pi\u00adlotage sont enti\u00e8rement gratuits.<\/p>\n<p>Le thermostat connect\u00e9 Voltalis r\u00e9pond aussi au d\u00e9cret 2023-444 ren\u00addant obligatoire l\u2019instal\u00adlation d\u2019un dispositif de r\u00e9gulation automatique de la temp\u00e9rature de chauffage par pi\u00e8ce au 1er janvier 2027. Enti\u00e8re\u00adment gratuit, il permet une mise en conformit\u00e9 facile et sans rien d\u00e9\u00adbourser. L\u2019occasion de gagner en sobri\u00e9t\u00e9 et en confort.<\/p>\n<p><strong>C\u2019est gratuit, on vous explique pourquoi ! <\/strong><\/p>\n<p>Le thermostat Volta\u00adlis n\u2019est pas tout \u00e0 fait comme les autres. Il est connect\u00e9 au r\u00e9seau \u00e9lectrique, \u00e0 la demande duquel Voltalis peut r\u00e9a\u00adliser de courtes modu\u00adlations. Elles sont tota\u00adlement imperceptibles pour les habitants, mais permettent \u00e0 l\u2019\u00e9chelle nationale de soulager le r\u00e9seau quand il en a besoin, notamment en cas de pic de consom\u00admation \u2013 et d\u2019\u00e9viter le re\u00adcours \u00e0 des alternatives de production plus co\u00fb\u00adteuses et plus polluantes. Voltalis est r\u00e9mun\u00e9r\u00e9e par les op\u00e9rateurs du r\u00e9seau \u00e9lectrique pour ce service de flexibilit\u00e9, et c\u2019est ce qui permet de proposer un produit compl\u00e9tement gratuits aux habitants du terri\u00adtoire.<\/p>\n<p>&#13;<br \/>\n            \u00ab Une installation gratuite qui peut rapporter beaucoup : jusqu\u2019\u00e0 270\u20ac par an pour une maison chauff\u00e9e \u00e0 l\u2019\u00e9lectricit\u00e9*. \u00bb          <\/p>\n<p>  Pourquoi c\u2019est <strong>important ? <\/strong><\/p>\n<p>L\u2019\u00e9lectricit\u00e9 est une res\u00adsource de plus en plus demand\u00e9e, \u00e0 la fois parce que de nouveaux usages apparaissent (comme les voitures \u00e9lectriques, par exemple) et parce qu\u2019elle contribue \u00e0 la d\u00e9carbonation de la production \u00e9nerg\u00e9tique. RTE, le gestionnaire du r\u00e9seau de transport fran\u00ad\u00e7ais, pr\u00e9voit en France une augmentation de la consommation d\u2019\u00e9lectri\u00adcit\u00e9 d\u2019environ 30 % d\u2019ici 2030. Il ne s\u2019agit plus seu\u00adlement de consommer moins d\u2019\u00e9lectricit\u00e9, mais de consommer mieux. <br \/>C\u2019est ce que permet la technologie embarqu\u00e9e dans les thermostats connect\u00e9s de Voltalis en agissant simultan\u00e9ment sur la consommation de milliers d\u2019appareils de chauffage. <br \/>Voltalis agit ainsi concr\u00e8tement pour pr\u00e9server le syst\u00e8me \u00e9lectrique, tout en g\u00e9\u00adn\u00e9rant des \u00e9conomies pour les foyers \u00e9quip\u00e9s. Et c\u2019est tout sauf anec\u00addotique : le chauffage repr\u00e9sente aujourd\u2019hui en France en moyenne 66 % de la d\u00e9pense \u00e9ner\u00adg\u00e9tique d\u2019un logement et 40 % de la pointe de consommation \u00e9lec\u00adtrique nationale.<\/p>\n<p>            Sur l\u2019Eurom\u00e9tropole ce sont d\u00e9j\u00e0 2000 foyers \u00e9quip\u00e9s ce qui repr\u00e9sente :<\/p>\n<ul>\n<li><strong>261 Tonnes de CO2\u00a0\u00e9vit\u00e9es<\/strong>, soit l&rsquo;\u00e9quivalent de 2 millions de kms non parcourus en voiture thermique.<\/li>\n<li><strong>588 Mwh effac\u00e9s<\/strong> pour lutter contre la production d\u2019\u00e9lectricit\u00e9 carbon\u00e9e via des centrales polluantes.<\/li>\n<\/ul>\n<p><strong>Les b\u00e9n\u00e9fices du dispositif Voltalis<br \/><\/strong><br \/>\u2022 Jusqu\u2019\u00e0 15 % d\u2019\u00e9conomies d\u2019\u00e9nergie* par an.<br \/>\u2022 Jusqu\u2019\u00e0 70 % d\u2019\u00e9missions de CO2 en moins par logement \u00e9quip\u00e9.<br \/>\u2022 Une installation professionnelle r\u00e9alis\u00e9e gratuitement.<br \/>\u2022 Une application intuitive riche en fonctionnalit\u00e9s pratiques pour piloter son chauffage tr\u00e8s facilement.<\/p>\n<p><strong>Voltalis prend en charge l\u2019int\u00e9gralit\u00e9 des co\u00fbts : mat\u00e9riel, installation, suivi et maintenance.<\/strong><\/p>\n<p class=\"note\">Voltalis est le premier installateur de thermostats connect\u00e9s en France ! Voltalis existe depuis plus de 18 ans et \u00e9quipe d\u00e9j\u00e0 250 000 logements en France et en Europe.<br \/>Le thermostat Voltalis est \u00e9galement propos\u00e9 par Fnac-Darty, But, Brico-D\u00e9p\u00f4t, Foncia, Cr\u00e9dit Agricole, Nestenn&#8230;<\/p>\n<p class=\"note\"><strong>* source ADEME<\/strong><\/p>\n<p>&#13;<br \/>\n                                            Contenu con\u00e7u et propos\u00e9 par EBRA inspirations&#13;<br \/>\n                        avec Voltalis&#13;\n                                    <\/p>\n","protected":false},"excerpt":{"rendered":"Contenu con\u00e7u et propos\u00e9 par EBRA Inspirations en partenariat avec EBRA Inspirations est une marque qui valorise les&hellip;\n","protected":false},"author":2,"featured_media":20790,"comment_status":"","ping_status":"","sticky":false,"template":"","format":"standard","meta":{"footnotes":""},"categories":[2820],"tags":[1111,11,7884,7885,1777,674,1011,27,775,12,25,640],"class_list":{"0":"post-20789","1":"post","2":"type-post","3":"status-publish","4":"format-standard","5":"has-post-thumbnail","7":"category-strasbourg","8":"tag-actu","9":"tag-actualites","10":"tag-articles-partenaires","11":"tag-brand-content","12":"tag-eu","13":"tag-europe","14":"tag-fr","15":"tag-france","16":"tag-grand-est","17":"tag-news","18":"tag-republique-francaise","19":"tag-strasbourg"},"share_on_mastodon":{"url":"https:\/\/pubeurope.com\/@fr\/114327477481577847","error":""},"_links":{"self":[{"href":"https:\/\/www.europesays.com\/fr\/wp-json\/wp\/v2\/posts\/20789","targetHints":{"allow":["GET"]}}],"collection":[{"href":"https:\/\/www.europesays.com\/fr\/wp-json\/wp\/v2\/posts"}],"about":[{"href":"https:\/\/www.europesays.com\/fr\/wp-json\/wp\/v2\/types\/post"}],"author":[{"embeddable":true,"href":"https:\/\/www.europesays.com\/fr\/wp-json\/wp\/v2\/users\/2"}],"replies":[{"embeddable":true,"href":"https:\/\/www.europesays.com\/fr\/wp-json\/wp\/v2\/comments?post=20789"}],"version-history":[{"count":0,"href":"https:\/\/www.europesays.com\/fr\/wp-json\/wp\/v2\/posts\/20789\/revisions"}],"wp:featuredmedia":[{"embeddable":true,"href":"https:\/\/www.europesays.com\/fr\/wp-json\/wp\/v2\/media\/20790"}],"wp:attachment":[{"href":"https:\/\/www.europesays.com\/fr\/wp-json\/wp\/v2\/media?parent=20789"}],"wp:term":[{"taxonomy":"category","embeddable":true,"href":"https:\/\/www.europesays.com\/fr\/wp-json\/wp\/v2\/categories?post=20789"},{"taxonomy":"post_tag","embeddable":true,"href":"https:\/\/www.europesays.com\/fr\/wp-json\/wp\/v2\/tags?post=20789"}],"curies":[{"name":"wp","href":"https:\/\/api.w.org\/{rel}","templated":true}]}}