{"id":207898,"date":"2025-06-27T08:38:11","date_gmt":"2025-06-27T08:38:11","guid":{"rendered":"https:\/\/www.europesays.com\/fr\/207898\/"},"modified":"2025-06-27T08:38:11","modified_gmt":"2025-06-27T08:38:11","slug":"le-depart-en-beaute-de-la-queen-anne-sophie-lapix-du-jt-de-france-2","status":"publish","type":"post","link":"https:\/\/www.europesays.com\/fr\/207898\/","title":{"rendered":"Le d\u00e9part en beaut\u00e9 de la \u00ab\u00a0Queen\u00a0\u00bb Anne-Sophie Lapix du JT de France 2"},"content":{"rendered":"<p>Quelques pas de danse et un lancer de fiches en l\u2019air\u2026 <a href=\"https:\/\/www.20minutes.fr\/dossier\/anne-sophie-lapix\" class=\"color-ultramarine c-link\" target=\"_blank\" rel=\"noopener\">Anne-Sophie Lapix<\/a> a tir\u00e9 sa r\u00e9v\u00e9rence au 20h de <a href=\"https:\/\/www.20minutes.fr\/television\/france_2\/\" class=\"color-ultramarine c-link\" target=\"_blank\" rel=\"noopener\">France 2 <\/a>ce jeudi avec \u00e9l\u00e9gance. En tailleur-pantalon blanc, la pr\u00e9sentatrice a quitt\u00e9 son poste apr\u00e8s huit ans de r\u00e8gne, avec un sourire \u00e9clatant et une classe folle, sous une pluie de \u00ab\u00a0bravo\u00a0!\u00a0\u00bb et une nue de coll\u00e8gues venus l\u2019entourer sur le plateau.<\/p>\n<p>\u00ab\u00a0Je souhaite bonne chance \u00e0 <a href=\"https:\/\/www.20minutes.fr\/dossier\/lea_salame\" class=\"color-ultramarine c-link\" target=\"_blank\" rel=\"noopener\">L\u00e9a Salam\u00e9<\/a> qui pr\u00e9sentera ce journal \u00e0 la rentr\u00e9e et qui est \u00e0 la fois tr\u00e8s talentueuse, tr\u00e8s forte et tr\u00e8s chaleureuse\u00a0\u00bb, a-t-elle lanc\u00e9 d\u2019embl\u00e9e, avant de saluer nomm\u00e9ment avec chaleur une trentaine de collaborateurs \u2013 journalistes, techniciens, maquilleuse \u2013 et tous ceux qui ont \u00e9t\u00e9 \u00ab\u00a0des bin\u00f4mes, des soutiens, des amis\u00a0\u00bb.<\/p>\n<\/p>\n<p>Un hommage \u00e0 la r\u00e9daction<\/p>\n<p>Dans un \u00e9lan vibrant, elle a aussi rendu hommage \u00e0 ses coll\u00e8gues\u00a0: \u00ab\u00a0Je remercie cette r\u00e9daction si fi\u00e8re de porter les couleurs du service public\u00a0\u00bb, a-t-elle soulign\u00e9, alors que plane l\u2019ombre du projet de \u00ab\u00a0holding\u00a0\u00bb de <a href=\"https:\/\/www.20minutes.fr\/politique\/rachida_dati\" class=\"color-ultramarine c-link\" target=\"_blank\" rel=\"noopener\">Rachida Dati<\/a>, fusionnant France T\u00e9l\u00e9visions, Radio France et l\u2019INA, qui fait grincer des dents dans l\u2019audiovisuel public.<\/p>\n<p>Pendant trois minutes, sans jamais perdre son sourire, elle s\u2019est adress\u00e9e au public\u00a0: \u00ab\u00a0Nous avons tous une immense ambition pour le 20h et une grande estime pour vous, t\u00e9l\u00e9spectateurs. Nous essayons de vous donner les moyens de mieux comprendre le monde, d\u2019\u00eatre des citoyens inform\u00e9s, \u00e9clair\u00e9s.\u00a0\u00bb<\/p>\n<p>Ce soir-l\u00e0, le journal avait abord\u00e9 les orages, les retraites, le conflit entre l\u2019Iran et Isra\u00ebl, et m\u00eame une page magazine sur les influenceurs. En plein direct, Jean-Paul Chapel, chroniqueur \u00e9conomique, lui a gliss\u00e9 un \u00ab\u00a0Je veux vous dire merci. On vous doit beaucoup\u00a0!\u00a0\u00bb, suivi d\u2019une bise chaleureuse.<\/p>\n<p>Le clin d\u2019\u0153il de Gilles Bouleau sur TF1<\/p>\n<p>\u00c0 20h40, surprise\u00a0! Sur TF1, Gilles Bouleau lui adresse un clin d\u2019\u0153il\u00a0: \u00ab\u00a0Anne-Sophie, je te souhaite le meilleur\u00a0\u00bb, comme il l\u2019avait fait pour <a href=\"https:\/\/www.20minutes.fr\/dossier\/david_pujadas\" class=\"color-ultramarine c-link\" target=\"_blank\" rel=\"noopener\">David Pujadas<\/a> en\u00a02017. Au m\u00eame instant, Maryse Burgot, grande reporter, prend les r\u00eanes du plateau de France 2 pour rendre hommage \u00e0 sa cons\u0153ur\u00a0: \u00ab\u00a0Je voulais vous remercier au nom de la r\u00e9daction pour avoir port\u00e9 notre travail. Vous avez lanc\u00e9 des centaines et des centaines de nos reportages, de nos tournages, vous l\u2019avez fait avec beaucoup de professionnalisme, de t\u00e9nacit\u00e9, avec tant d\u2019\u00e9l\u00e9gance, aussi.\u00a0\u00bb<\/p>\n<p>Un montage retrace alors les moments forts des ann\u00e9es Lapix\u00a0: des reportages aux \u00c9tats-Unis \u00e0 l\u2019annonce de la mort de Johnny Hallyday en passant par l\u2019incendie de Notre-Dame ou cette pique m\u00e9morable \u00e0 Xavier Bertrand\u00a0: \u00ab\u00a0Pour l\u2019instant, vous n\u2019\u00eates m\u00eame pas au second tour dans les sondages.\u00a0\u00bb<\/p>\n<p>\u00c9mue, mais toujours p\u00e9tillante, elle conclut\u00a0: \u00ab\u00a0Et voil\u00e0, c\u2019est fini.\u00a0\u00bb Avec sa touche d\u2019humour, elle ajoute\u00a0: \u00ab\u00a0On a beaucoup travaill\u00e9, mais beaucoup ri [\u2026]. C\u2019est essentiel de faire des choses s\u00e9rieuses sans trop se prendre au s\u00e9rieux.\u00a0\u00bb Elle adresse un clin d\u2019\u0153il tendre \u00e0 sa m\u00e8re\u00a0: \u00ab\u00a0Elle m\u2019a toujours dit de faire ce que j\u2019aime, et m\u2019a port\u00e9e par sa confiance.\u00a0\u00bb<\/p>\n<p>Malgr\u00e9 l\u2019amertume, des adieux classes<\/p>\n<p>Malgr\u00e9 l\u2019amertume d\u2019une \u00e9viction apprise par la presse, Anne-Sophie Lapix n\u2019a rien laiss\u00e9 transpara\u00eetre, restant fid\u00e8le \u00e0 son \u00e9l\u00e9gance l\u00e9gendaire. Elle a m\u00eame remerci\u00e9 Delphine Ernotte, pr\u00e9sidente de France T\u00e9l\u00e9visions, \u00ab\u00a0qui [l]&rsquo;a fait venir et rester pendant huit ans\u00a0\u00bb.<\/p>\n<p>\u00c0 la rentr\u00e9e, cap sur M6\/RTL, o\u00f9 elle animera le 18\/20 sur RTL, un grand entretien dominical sur M6 et des soir\u00e9es \u00e9lectorales. David Larramendy, pr\u00e9sident du groupe M6, ne tarit pas d\u2019\u00e9loges\u00a0: \u00ab\u00a0C\u2019est une grande journaliste, tr\u00e8s travailleuse et avec un talent d\u2019intervieweuse ind\u00e9niable. J\u2019ai toute confiance en elle.\u00a0\u00bb<\/p>\n<p>En attendant, Sonia Chironi prendra les commandes du 20h d\u00e8s lundi, avant que L\u00e9a Salam\u00e9, qui a salu\u00e9 la \u00ab\u00a0Queen\u00a0\u00bb Lapix sur Instagram, ne s\u2019installe aux manettes du JT de France 2 le 25\u00a0ao\u00fbt. Une page se tourne, mais quelle sortie\u00a0!<\/p>\n","protected":false},"excerpt":{"rendered":"Quelques pas de danse et un lancer de fiches en l\u2019air\u2026 Anne-Sophie Lapix a tir\u00e9 sa r\u00e9v\u00e9rence au&hellip;\n","protected":false},"author":2,"featured_media":207899,"comment_status":"","ping_status":"","sticky":false,"template":"","format":"standard","meta":{"footnotes":""},"categories":[8],"tags":[21313,58,59,1011,27,594,19839,34700,3806,252],"class_list":{"0":"post-207898","1":"post","2":"type-post","3":"status-publish","4":"format-standard","5":"has-post-thumbnail","7":"category-divertissement","8":"tag-anne-sophie-lapix","9":"tag-divertissement","10":"tag-entertainment","11":"tag-fr","12":"tag-france","13":"tag-france-2","14":"tag-gilles-bouleau","15":"tag-jt","16":"tag-lea-salame","17":"tag-television"},"share_on_mastodon":{"url":"https:\/\/pubeurope.com\/@fr\/114754427552511778","error":""},"_links":{"self":[{"href":"https:\/\/www.europesays.com\/fr\/wp-json\/wp\/v2\/posts\/207898","targetHints":{"allow":["GET"]}}],"collection":[{"href":"https:\/\/www.europesays.com\/fr\/wp-json\/wp\/v2\/posts"}],"about":[{"href":"https:\/\/www.europesays.com\/fr\/wp-json\/wp\/v2\/types\/post"}],"author":[{"embeddable":true,"href":"https:\/\/www.europesays.com\/fr\/wp-json\/wp\/v2\/users\/2"}],"replies":[{"embeddable":true,"href":"https:\/\/www.europesays.com\/fr\/wp-json\/wp\/v2\/comments?post=207898"}],"version-history":[{"count":0,"href":"https:\/\/www.europesays.com\/fr\/wp-json\/wp\/v2\/posts\/207898\/revisions"}],"wp:featuredmedia":[{"embeddable":true,"href":"https:\/\/www.europesays.com\/fr\/wp-json\/wp\/v2\/media\/207899"}],"wp:attachment":[{"href":"https:\/\/www.europesays.com\/fr\/wp-json\/wp\/v2\/media?parent=207898"}],"wp:term":[{"taxonomy":"category","embeddable":true,"href":"https:\/\/www.europesays.com\/fr\/wp-json\/wp\/v2\/categories?post=207898"},{"taxonomy":"post_tag","embeddable":true,"href":"https:\/\/www.europesays.com\/fr\/wp-json\/wp\/v2\/tags?post=207898"}],"curies":[{"name":"wp","href":"https:\/\/api.w.org\/{rel}","templated":true}]}}