{"id":207904,"date":"2025-06-27T08:41:09","date_gmt":"2025-06-27T08:41:09","guid":{"rendered":"https:\/\/www.europesays.com\/fr\/207904\/"},"modified":"2025-06-27T08:41:09","modified_gmt":"2025-06-27T08:41:09","slug":"et-si-le-canada-rejoignait-lue-non-la-cheffe-de-la-diplomatie-europeenne-ne-la-pas-suggere","status":"publish","type":"post","link":"https:\/\/www.europesays.com\/fr\/207904\/","title":{"rendered":"Et si le Canada rejoignait l\u2019UE\u00a0? Non, la cheffe de la diplomatie europ\u00e9enne ne l\u2019a pas sugg\u00e9r\u00e9"},"content":{"rendered":"<p>Un autre rapprochement transatlantique serait-il en train de voir le jour\u00a0? \u00ab\u00a0Le <a href=\"https:\/\/www.20minutes.fr\/dossier\/canada\" class=\"color-ultramarine c-link\" target=\"_blank\" rel=\"noopener\">Canada <\/a>pourrait adh\u00e9rer \u00e0 l\u2019<a href=\"https:\/\/www.20minutes.fr\/dossier\/ue\" class=\"color-ultramarine c-link\" target=\"_blank\" rel=\"noopener\">Union europ\u00e9enne<\/a> car il partage une fronti\u00e8re arctique avec elle.\u00a0\u00bb Des internautes en sont convaincus et affirment que c\u2019est <a href=\"https:\/\/www.20minutes.fr\/monde\/4123688-20241127-kaja-kallas-nouvelle-cheffe-diplomatie-europeenne-bonnes-raisons-mefier-russie\" class=\"color-ultramarine c-link\" target=\"_blank\" rel=\"noopener\">Kaja Kallas<\/a>, la \u00ab\u00a0ministre europ\u00e9enne des Affaires \u00e9trang\u00e8res\u00a0\u00bb, qui l\u2019aurait pr\u00e9conis\u00e9.<\/p>\n<blockquote class=\"twitter-tweet\" align=\"center\" data-lang=\"fr_FR\">\n<p lang=\"fr\" dir=\"ltr\">\ud83e\udd21\ud83c\uddea\ud83c\uddfa Kaja Kallas : \u00ab Le Canada pourrait rejoindre l\u2019UE via l\u2019Arctique. Nous sommes connect\u00e9s.\u00bb<\/p>\n<p>Voil\u00e0 donc la diplomatie europ\u00e9enne en 2025 : une g\u00e9opolitique de bac \u00e0 sable.<br \/>L\u2019UE n\u2019a plus de g\u00e9ographie ni de fronti\u00e8res, plus de logique.<\/p>\n<p>Juste des marionnettes qui r\u00e9citent ce\u2026 <a href=\"https:\/\/t.co\/i8hpEgQatw\">pic.twitter.com\/i8hpEgQatw<\/a><\/p>\n<p>\u2014 Camille Moscow \ud83c\uddf7\ud83c\uddfa \ud83c\udf3f \u2626\ufe0f (@camille_moscow) <a href=\"https:\/\/twitter.com\/camille_moscow\/status\/1937862552265896336?ref_src=twsrc%5Etfw\" target=\"_blank\" rel=\"noopener\">June 25, 2025<\/a><\/p><\/blockquote>\n<p class=\"mb-xxl@xs color-ultramarine font-weight-semi-bold@xs font-source-serif-pro heading-s@xs\">L\u2019acc\u00e8s \u00e0 ce contenu a \u00e9t\u00e9 bloqu\u00e9 afin de respecter votre choix de consentement<\/p>\n<p class=\"mb-m@xs text-l@xs\">En cliquant sur\u00ab J\u2019accepte \u00bb, vous acceptez le d\u00e9p\u00f4t de cookies par des services externes et aurez ainsi acc\u00e8s aux contenus de nos partenaires.<\/p>\n<p class=\"mb-xl@xs text-s@xs\">Plus d\u2019informations sur la page<a href=\"https:\/\/www.20minutes.fr\/gestion-cookies\" class=\"mx-xxs@xs color-ultramarine\" target=\"_blank\" rel=\"noopener\">Politique de gestion des cookies<\/a><\/p>\n<p>J\u2019accepte<\/p>\n<p>\u00ab\u00a0Voil\u00e0 donc la diplomatie europ\u00e9enne en\u00a02025\u00a0: une g\u00e9opolitique de bac \u00e0 sable. L\u2019UE n\u2019a plus de g\u00e9ographie ni de fronti\u00e8res, plus de logique\u00a0\u00bb, \u00e9crit un autre internaute, partageant une vid\u00e9o de l\u2019\u00e9lue capt\u00e9e par l\u2019agence Bloomberg. Les publications de ce type sont reprises \u00e0 l\u2019\u00e9chelle internationale.<\/p>\n<p>FAKE OFF<\/p>\n<p>Partons de Kaja Kallas, qui a pris les r\u00eanes de la diplomatie de l\u2019Union europ\u00e9enne au 1er\u00a0d\u00e9cembre. L\u2019ancienne Premi\u00e8re ministre d\u2019Estonie est la b\u00eate noire des Russes et ne cesse de rappeler le danger de la guerre en Ukraine pour l\u2019UE. Elle figure d\u2019ailleurs sur une liste <a href=\"https:\/\/www.20minutes.fr\/dossier\/russe\" class=\"color-ultramarine c-link\" target=\"_blank\" rel=\"noopener\">russe<\/a> des personnes recherch\u00e9es pour son soutien \u00e0 la destruction de statues datant de l\u2019Union sovi\u00e9tique. De quoi en faire une cible id\u00e9ale pour les campagnes de d\u00e9sinformation men\u00e9es par les r\u00e9seaux pro-russes.<\/p>\n<p>Dans la vid\u00e9o partag\u00e9e sur les r\u00e9seaux sociaux, on voit bel et bien la repr\u00e9sentante au <a href=\"https:\/\/www.vie-publique.fr\/en-bref\/299238-sommet-otan-2025-les-allies-sengagent-payer-plus-pour-leur-defense\" target=\"_blank\" class=\"color-ultramarine c-link\" rel=\"noopener\">sommet de l\u2019Otan<\/a> organis\u00e9 \u00e0 La\u00a0Haye, aux <a href=\"https:\/\/www.20minutes.fr\/monde\/pays-bas\/\" class=\"color-ultramarine c-link\" target=\"_blank\" rel=\"noopener\">Pays-Bas<\/a>, ces 24 et 25\u00a0juin.<\/p>\n<p>Une limite g\u00e9ographique \u00e0 l\u2019adh\u00e9sion<\/p>\n<p>Interrog\u00e9e sur le sujet, sa r\u00e9ponse semble ironique. \u00ab\u00a0On m\u2019a pos\u00e9 la question au sujet du Canada qui souhaite rejoindre l\u2019Union europ\u00e9enne. Et bien s\u00fbr, nous avons des amis partout dans le monde, ce qui est une bonne chose. Mais j\u2019ai aussi dit que peut-\u00eatre qu\u2019il y aurait des obstacles \u00e0 cela\u00a0: comme le fait que le Canada ne soit pas g\u00e9ographiquement en Europe. Mais ils ont une r\u00e9ponse \u00e0 cela\u00a0: &lsquo;Nous sommes connect\u00e9s par l\u2019Arctique&rsquo;. Alors qui sait\u00a0?\u00a0\u00bb Cette fronti\u00e8re dont il est question est celle avec le <a href=\"https:\/\/www.20minutes.fr\/dossier\/danemark\" class=\"color-ultramarine c-link\" target=\"_blank\" rel=\"noopener\">Danemark<\/a>, avec qui le Canada partage la minuscule \u00eele Hans depuis\u00a02022\u2060.<\/p>\n<p>Dans un entretien accord\u00e9 au m\u00e9dia <a href=\"https:\/\/www.lapresse.ca\/actualites\/politique\/2025-03-15\/entrevue-avec-kaja-kallas\/l-integrite-territoriale-du-canada-est-incontestable.php\" target=\"_blank\" class=\"color-ultramarine c-link\" rel=\"noopener\">La Presse<\/a>, au Canada, Kaja Kallas avait \u00e9t\u00e9 interrog\u00e9e avec cette question\u00a0: \u00ab\u00a0L\u2019hostilit\u00e9 de la Maison-Blanche pousse le Canada \u00e0 renforcer ses liens avec l\u2019Europe. Le Canada pourrait-il devenir le 28e \u00c9tat membre de l\u2019UE\u00a0?\u00a0\u00bb<\/p>\n<p>Elle avait alors poliment rejet\u00e9 l\u2019id\u00e9e\u00a0: \u00ab\u00a0Il y a certes un lien en <a href=\"https:\/\/www.20minutes.fr\/planete\/arctique\/\" class=\"color-ultramarine c-link\" target=\"_blank\" rel=\"noopener\">Arctique<\/a>, mais si on parle s\u00e9rieusement d\u2019adh\u00e9sion, il y a un crit\u00e8re selon lequel seuls les pays \u00ab\u00a0europ\u00e9ens\u00a0\u00bb peuvent se joindre \u00e0 l\u2019UE. Je ne crois pas qu\u2019on puisse dire que g\u00e9ographiquement, vous \u00eates v\u00e9ritablement en <a href=\"https:\/\/www.20minutes.fr\/dossier\/europe\" class=\"color-ultramarine c-link\" target=\"_blank\" rel=\"noopener\">Europe<\/a>.\u00a0\u00bb<\/p>\n<p>44\u00a0% des Canadiens favorables \u00e0 rejoindre l\u2019UE<\/p>\n<p>Kaja Kallas a raison, cette petite fronti\u00e8re ne devrait pas suffire. L\u2019article\u00a049 du trait\u00e9 de l\u2019Union europ\u00e9enne indique bien que l\u2019adh\u00e9sion est possible pour tout \u00ab\u00a0Etat europ\u00e9en\u00a0\u00bb.<\/p>\n<p>Mais Nicolas Hervieu, juriste en droit public et droit europ\u00e9en des droits de l&rsquo;homme, <a href=\"https:\/\/www.20minutes.fr\/monde\/canada\/4143362-20250313-point-vue-droit-insurmontable-si-canada-rejoignait-union-europeenne-vrai\" class=\"color-ultramarine c-link\" target=\"_blank\" rel=\"noopener\">expliquait \u00e0 20 Minutes<\/a> en mars\u00a0qu&rsquo;\u00ab\u00a0un trait\u00e9 n\u2019est qu\u2019un trait\u00e9. Si les \u00c9tats-partis le souhaitaient tous, ils pourraient tr\u00e8s bien modifier les textes en ce sens. Le point de vue juridique n\u2019est pas insurmontable, d\u2019autant que le Canada respecte les autres conditions sur les valeurs de l\u2019Union europ\u00e9enne, sur le pluralisme ou l\u2019\u00e9tat de droit.\u00a0\u00bb<\/p>\n<\/p>\n<p>Du c\u00f4t\u00e9 du Canada, cela reviendrait \u00e0 accepter les accords de libre-\u00e9change\u00a0: une contrainte \u00e9conomique majeure. Quoi qu\u2019il en soit, et m\u00eame avec toute la bonne volont\u00e9 du monde, le processus prendrait \u00ab\u00a0des ann\u00e9es et des ann\u00e9es de travail et de volont\u00e9 politique continue\u00a0\u00bb de la part des protagonistes, soulignait Nicolas Hervieu.<\/p>\n<p>Selon une enqu\u00eate r\u00e9alis\u00e9e fin f\u00e9vrier aupr\u00e8s de 1.500 Canadiens, <a href=\"https:\/\/www.20minutes.fr\/monde\/canada\/4143271-20250313-canada-nombreux-canadiens-favorables-idee-voir-pays-rejoindre-union-europeenne\" class=\"color-ultramarine c-link\" target=\"_blank\" rel=\"noopener\">44\u00a0% des personnes<\/a> interrog\u00e9s se disaient favorables \u00e0 l\u2019id\u00e9e de rejoindre le Vieux Continent, et 34\u00a0% y \u00e9taient oppos\u00e9s. Ce sondage avait \u00e9t\u00e9 r\u00e9alis\u00e9 alors que <a href=\"https:\/\/www.20minutes.fr\/dossier\/donald_trump\" class=\"color-ultramarine c-link\" target=\"_blank\" rel=\"noopener\">Donald Trump<\/a> ne cessait de mettre la pression au Canada, allant m\u00eame jusqu\u2019\u00e0 s\u2019immiscer dans les \u00e9lections l\u00e9gislatives anticip\u00e9es. A plusieurs reprises, il a appel\u00e9 le Canada \u00ab\u00a0pr\u00e9cieux 51e Etat des Etats-Unis d\u2019Am\u00e9rique\u00a0\u00bb.<\/p>\n<p><script async src=\"https:\/\/platform.twitter.com\/widgets.js\" charset=\"utf-8\"><\/script><\/p>\n","protected":false},"excerpt":{"rendered":"Un autre rapprochement transatlantique serait-il en train de voir le jour\u00a0? \u00ab\u00a0Le Canada pourrait adh\u00e9rer \u00e0 l\u2019Union europ\u00e9enne&hellip;\n","protected":false},"author":2,"featured_media":207905,"comment_status":"","ping_status":"","sticky":false,"template":"","format":"standard","meta":{"footnotes":""},"categories":[5],"tags":[47,11,574,840,1011,27,14,74,12,136,555,28],"class_list":{"0":"post-207904","1":"post","2":"type-post","3":"status-publish","4":"format-standard","5":"has-post-thumbnail","7":"category-international","8":"tag-actualite","9":"tag-actualites","10":"tag-canada","11":"tag-fake-off","12":"tag-fr","13":"tag-france","14":"tag-international","15":"tag-monde","16":"tag-news","17":"tag-otan","18":"tag-union-europeenne-ue","19":"tag-world"},"share_on_mastodon":{"url":"https:\/\/pubeurope.com\/@fr\/114754439348763378","error":""},"_links":{"self":[{"href":"https:\/\/www.europesays.com\/fr\/wp-json\/wp\/v2\/posts\/207904","targetHints":{"allow":["GET"]}}],"collection":[{"href":"https:\/\/www.europesays.com\/fr\/wp-json\/wp\/v2\/posts"}],"about":[{"href":"https:\/\/www.europesays.com\/fr\/wp-json\/wp\/v2\/types\/post"}],"author":[{"embeddable":true,"href":"https:\/\/www.europesays.com\/fr\/wp-json\/wp\/v2\/users\/2"}],"replies":[{"embeddable":true,"href":"https:\/\/www.europesays.com\/fr\/wp-json\/wp\/v2\/comments?post=207904"}],"version-history":[{"count":0,"href":"https:\/\/www.europesays.com\/fr\/wp-json\/wp\/v2\/posts\/207904\/revisions"}],"wp:featuredmedia":[{"embeddable":true,"href":"https:\/\/www.europesays.com\/fr\/wp-json\/wp\/v2\/media\/207905"}],"wp:attachment":[{"href":"https:\/\/www.europesays.com\/fr\/wp-json\/wp\/v2\/media?parent=207904"}],"wp:term":[{"taxonomy":"category","embeddable":true,"href":"https:\/\/www.europesays.com\/fr\/wp-json\/wp\/v2\/categories?post=207904"},{"taxonomy":"post_tag","embeddable":true,"href":"https:\/\/www.europesays.com\/fr\/wp-json\/wp\/v2\/tags?post=207904"}],"curies":[{"name":"wp","href":"https:\/\/api.w.org\/{rel}","templated":true}]}}