{"id":20791,"date":"2025-04-12T23:00:26","date_gmt":"2025-04-12T23:00:26","guid":{"rendered":"https:\/\/www.europesays.com\/fr\/20791\/"},"modified":"2025-04-12T23:00:26","modified_gmt":"2025-04-12T23:00:26","slug":"greve-des-ultras-dissension-dans-le-public-strasbourg-avance-dans-une-curieuse-ambiance","status":"publish","type":"post","link":"https:\/\/www.europesays.com\/fr\/20791\/","title":{"rendered":"gr\u00e8ve des ultras, dissension dans le public&#8230; Strasbourg avance dans une curieuse ambiance"},"content":{"rendered":"<p>Des r\u00e9sultats inesp\u00e9r\u00e9s, mais une ambiance mitig\u00e9e: voil\u00e0 le paradoxe de Strasbourg, dont les ultras font toujours gr\u00e8ve contre le propri\u00e9taire BlueCo malgr\u00e9 la r\u00e9ussite de leur \u00e9quipe, 4e de Ligue 1, qui accueille Nice samedi (21h05) lors de la 29e journ\u00e9e.<\/p>\n<p>\u00c0 chaque rencontre au Stade de la Meinau, un spectacle \u00e9tonnant se produit dans les gradins: d&rsquo;abord, le silence de la tribune ouest o\u00f9 figurent les associations de supporters, pendant un quart d&rsquo;heure, puis le r\u00e9veil impuls\u00e9 par les ultras, mais siffl\u00e9 par une partie du public.<\/p>\n<p>Depuis le d\u00e9but de saison, les Ultras Boys 90 manifestent par ce silence leur opposition au propri\u00e9taire du club alsacien, BlueCo, un consortium d&rsquo;investisseurs am\u00e9ricains devenu actionnaire majoritaire du Racing \u00e0 l&rsquo;or\u00e9e de la saison 2023-24, un an apr\u00e8s avoir rachet\u00e9 Chelsea.<\/p>\n<p>C&rsquo;est bien la multipropri\u00e9t\u00e9 que les UB90 rejettent, par crainte de ne devenir qu&rsquo;un satellite du club londonien, plus prestigieux. Les r\u00e9sultats brillants des Strasbourgeois, et l&rsquo;enjeu europ\u00e9en de la rencontre face \u00e0 Nice, sixi\u00e8me \u00e0 deux points, n&rsquo;y changent rien.<\/p>\n<p>\u00ab\u00a0Nos revendications sont d\u00e9corr\u00e9l\u00e9es du sportif: on veut un club ind\u00e9pendant\u00a0\u00bb, explique Maxime, porte-parole des UB90. \u00ab\u00a0C&rsquo;est le mod\u00e8le du football moderne qu&rsquo;on a toujours rejet\u00e9 et combattu depuis 1990. C&rsquo;est aussi une vision \u00e0 long terme: BlueCo est l\u00e0 mais pour quoi? Quel est leur objectif?\u00a0\u00bb<\/p>\n<p>&#8211; \u00ab\u00a0L&rsquo;impression d&rsquo;\u00eatre \u00e0 un match de district\u00a0\u00bb &#8211;<\/p>\n<p>Pourtant, tout le monde ne partage pas cet avis dans l&rsquo;enceinte de la Meinau, amput\u00e9e d&rsquo;un cinqui\u00e8me de sa capacit\u00e9 pour cause de travaux (19.500 places actuellement contre 26.000 normalement, mais 32.000 pr\u00e9vues \u00e0 l&rsquo;\u00e9t\u00e9 2026).<\/p>\n<p>\u00ab\u00a0Que le club soit revendu \u00e0 un actionnaire \u00e9tranger, \u00e7a frustre, mais avec les temps qui courent, la r\u00e9duction des droits TV, si on n&rsquo;avait pas eu cette vente, on aurait \u00e9t\u00e9 comme Angers (14e avant la 29e journ\u00e9e), Montpellier (dernier), on aurait gal\u00e9r\u00e9 pour notre survie\u00a0\u00bb, nuance Rapha\u00ebl, abonn\u00e9 avec sa femme et son fils depuis le retour du club en Ligue 1 (2017).<\/p>\n<p>M\u00eame s&rsquo;il \u00ab\u00a0comprend le fond\u00a0\u00bb, cet entra\u00eeneur dans un club de foot de la r\u00e9gion se dit contre cette gr\u00e8ve des encouragements qui, dit-il donne \u00ab\u00a0l&rsquo;impression d&rsquo;\u00eatre \u00e0 un match de district le dimanche apr\u00e8s-midi\u00a0\u00bb.<\/p>\n<p>Derri\u00e8re ce mouvement plane la crainte d&rsquo;une gestion financi\u00e8re hasardeuse comparable \u00e0 celles qui ont failli faire couler Strasbourg lors des ann\u00e9es IMG-McCormack (1997-2003) puis lors de la p\u00e9riode Jafar Hilali (2009-2011), deux investisseurs qui ont fini par vendre le club pour un euro symbolique.<\/p>\n<p>Mais actuellement, le Racing r\u00e9ussit l&rsquo;une des meilleures saisons de son histoire, port\u00e9 par un effectif jeune et talentueux, \u00e0 l&rsquo;image de son entra\u00eeneur Liam Rosenior. \u00ab\u00a0Je comprends que chacun ait des id\u00e9es diff\u00e9rentes, des fa\u00e7ons diff\u00e9rentes de s&rsquo;exprimer\u00a0\u00bb, commente le technicien anglais aupr\u00e8s de l&rsquo;AFP. \u00ab\u00a0Malgr\u00e9 toutes les discussions sur les gr\u00e8ves des supporters, la raison pour laquelle nous avons un bilan incroyable \u00e0 domicile, c&rsquo;est parce que l&rsquo;atmosph\u00e8re est magnifique.\u00a0\u00bb<\/p>\n<p>&#8211; Demande du capitaine &#8211;<\/p>\n<p>Cette situation a m\u00eame pouss\u00e9 le capitaine du club Habib Diarra, apr\u00e8s un succ\u00e8s marquant contre Lille (2-1) fin janvier, \u00e0 demander le soutien des ultras \u00ab\u00a0du d\u00e9but jusqu&rsquo;\u00e0 la fin\u00a0\u00bb, le pr\u00e9sident Marc Keller appelant dans la foul\u00e9e \u00e0 rester \u00ab\u00a0unis\u00a0\u00bb et \u00ab\u00a0solidaires\u00a0\u00bb, dans une lettre.<\/p>\n<p>La prolongation de cette gr\u00e8ve a cr\u00e9\u00e9 une r\u00e9action de la part d&rsquo;une partie du public, dont fait partie Jean-Marc Zemb, vice-pr\u00e9sident de l&rsquo;association de supporters Racing 68, qui y \u00e9tait pourtant favorable au d\u00e9but: \u00ab\u00a0Ils ont peur de perdre l&rsquo;identit\u00e9 du Racing, mais on est en train de perdre cette identit\u00e9 avec cette gr\u00e8ve, souligne cet homme de 56 ans. Au moment o\u00f9 les UB se mettent \u00e0 chanter, je les siffle.\u00a0\u00bb<\/p>\n<p>\u00ab\u00a0On n&rsquo;a peut-\u00eatre pas encore l&rsquo;habitude, mais est-ce que dans ce +football business+, il ne va pas falloir travailler avec \u00e7a?\u00a0\u00bb, questionne de son c\u00f4t\u00e9 Emmanuel Balieux, membre du conseil d&rsquo;administration du Club central des supporters, association cr\u00e9\u00e9e en 1983, qui compte 240 membres.<\/p>\n<p>Pour l&rsquo;instant, les UB90, qui demandent \u00e0 rencontrer les actionnaires, ne comptent pas cesser leur mouvement de contestation. En interne, le club est concentr\u00e9 sur son projet sportif, en esp\u00e9rant rallier l&rsquo;int\u00e9gralit\u00e9 des supporters.<\/p>\n<p>cor-rbo\/hpa<\/p>\n","protected":false},"excerpt":{"rendered":"Des r\u00e9sultats inesp\u00e9r\u00e9s, mais une ambiance mitig\u00e9e: voil\u00e0 le paradoxe de Strasbourg, dont les ultras font toujours gr\u00e8ve&hellip;\n","protected":false},"author":2,"featured_media":20792,"comment_status":"","ping_status":"","sticky":false,"template":"","format":"standard","meta":{"footnotes":""},"categories":[2820],"tags":[1111,11,1438,7886,1777,674,1011,27,775,7887,6563,1307,2208,12,25,2896,640],"class_list":{"0":"post-20791","1":"post","2":"type-post","3":"status-publish","4":"format-standard","5":"has-post-thumbnail","7":"category-strasbourg","8":"tag-actu","9":"tag-actualites","10":"tag-angers","11":"tag-blueco","12":"tag-eu","13":"tag-europe","14":"tag-fr","15":"tag-france","16":"tag-grand-est","17":"tag-habib-diarra","18":"tag-le-club","19":"tag-lille","20":"tag-montpellier","21":"tag-news","22":"tag-republique-francaise","23":"tag-stade-de-la-meinau","24":"tag-strasbourg"},"share_on_mastodon":{"url":"https:\/\/pubeurope.com\/@fr\/114327481405981421","error":""},"_links":{"self":[{"href":"https:\/\/www.europesays.com\/fr\/wp-json\/wp\/v2\/posts\/20791","targetHints":{"allow":["GET"]}}],"collection":[{"href":"https:\/\/www.europesays.com\/fr\/wp-json\/wp\/v2\/posts"}],"about":[{"href":"https:\/\/www.europesays.com\/fr\/wp-json\/wp\/v2\/types\/post"}],"author":[{"embeddable":true,"href":"https:\/\/www.europesays.com\/fr\/wp-json\/wp\/v2\/users\/2"}],"replies":[{"embeddable":true,"href":"https:\/\/www.europesays.com\/fr\/wp-json\/wp\/v2\/comments?post=20791"}],"version-history":[{"count":0,"href":"https:\/\/www.europesays.com\/fr\/wp-json\/wp\/v2\/posts\/20791\/revisions"}],"wp:featuredmedia":[{"embeddable":true,"href":"https:\/\/www.europesays.com\/fr\/wp-json\/wp\/v2\/media\/20792"}],"wp:attachment":[{"href":"https:\/\/www.europesays.com\/fr\/wp-json\/wp\/v2\/media?parent=20791"}],"wp:term":[{"taxonomy":"category","embeddable":true,"href":"https:\/\/www.europesays.com\/fr\/wp-json\/wp\/v2\/categories?post=20791"},{"taxonomy":"post_tag","embeddable":true,"href":"https:\/\/www.europesays.com\/fr\/wp-json\/wp\/v2\/tags?post=20791"}],"curies":[{"name":"wp","href":"https:\/\/api.w.org\/{rel}","templated":true}]}}