{"id":207918,"date":"2025-06-27T08:48:14","date_gmt":"2025-06-27T08:48:14","guid":{"rendered":"https:\/\/www.europesays.com\/fr\/207918\/"},"modified":"2025-06-27T08:48:14","modified_gmt":"2025-06-27T08:48:14","slug":"opera-de-toulon-le-chantier-souvre-aux-dons-entrez-dans-les-coulisses","status":"publish","type":"post","link":"https:\/\/www.europesays.com\/fr\/207918\/","title":{"rendered":"Op\u00e9ra de Toulon : le chantier s&rsquo;ouvre aux dons, entrez dans les coulisses"},"content":{"rendered":"<p><img loading=\"lazy\" decoding=\"async\" alt=\"\u00a9 K. Sarrazin - La restauration de la grande toile maroufl\u00e9e a d\u00e9but\u00e9e au mois de juin.\" data-zoom-src=\"https:\/\/www.europesays.com\/fr\/wp-content\/uploads\/2025\/06\/initial-chantier-opera-toulon-grande-toile.jpg\" data-zoomable=\"\" height=\"702\" src=\"https:\/\/www.europesays.com\/fr\/wp-content\/uploads\/2025\/06\/initial-chantier-opera-toulon-grande-toile.jpg\" width=\"1248\"\/>  <\/p>\n<p class=\"article-desc\">\u00a9 K. Sarrazin &#8211; La restauration de la grande toile maroufl\u00e9e a d\u00e9but\u00e9e au mois de juin. <\/p>\n<p>De la grande salle de l\u2019<a href=\"https:\/\/mesinfos.fr\/tag\/opera-de-toulon\" rel=\"noopener\" target=\"_blank\">Op\u00e9ra de Toulon<\/a>, il ne reste plus rien. Le sol, les fauteuils rouges\u2026 Tout a \u00e9t\u00e9 enlev\u00e9 pour laisser place \u00e0 <strong>un immense \u00e9chafaudage qui emplit toute la pi\u00e8ce<\/strong>, jusqu\u2019\u00e0 la coupole. <\/p>\n<blockquote>\n<p>\u00ab\u00a0Avec les d\u00e9cors de la grande salle, nous entrons dans le dur du chantier de restauration de l\u2019op\u00e9ra.\u00a0\u00bb <\/p>\n<\/blockquote>\n<p><strong>C\u00e9line Girard est architecte du patrimoine chez Fabrica Traceorum<\/strong>, mandataire du groupement de ma\u00eetrise d\u2019\u0153uvre pour \u00ab\u00a0ce chantier exceptionnel\u00a0\u00bb \u00e0 38 millions d\u2019euros <a href=\"https:\/\/mesinfos.fr\/83000-toulon\/a-toulon-l-opera-en-chantier-pour-mieux-enchanter-209447.html\" rel=\"noopener\" target=\"_blank\">qui a d\u00e9but\u00e9 en septembre 2024 avec les travaux anticip\u00e9s de restauration de la fa\u00e7ade nord<\/a> et doit s\u2019achever d\u2019ici fin 2027. <\/p>\n<p>Op\u00e9ra de Toulon : un chantier \u00e0 plus de 15 m\u00e8tres de hauteur <\/p>\n<p>C\u2019est l\u00e0, <strong>perch\u00e9 \u00e0 plus d\u2019une quinzaine de m\u00e8tres de hauteur<\/strong>, que depuis trois semaines, on travaille \u00e0 restaurer <strong>la grande toile du plafond<\/strong> &#8211; 15 m\u00e8tres de diam\u00e8tre\u00a0!.<\/p>\n<p> <img decoding=\"async\" alt=\"\" class=\"img-align-center img-size-full\" data-zoomable=\"\" loading=\"lazy\" src=\"https:\/\/www.europesays.com\/fr\/wp-content\/uploads\/2025\/06\/echaufadage-opera-toulon-vue-bas.jpg\" width=\"100%\"\/> \u00a9 K. Sarrazin &#8211; Les \u00e9chafaudages emplissent toute la pi\u00e8ce. <\/p>\n<p>R\u00e9alis\u00e9e en atelier \u00e0 Paris par Louis Duveau, elle a ensuite a \u00e9t\u00e9 transport\u00e9e \u00e0 Toulon, maroufl\u00e9e sur place en <strong>1862, et n\u2019avait pas \u00e9t\u00e9 entretenue depuis<\/strong>. <\/p>\n<blockquote>\n<p>\u00ab\u00a0Selon nos premi\u00e8res observations, elle est intacte. Notre principale crainte \u00e9tait l\u2019eau, et pourtant elle en parfait \u00e9tat. Elle est \u00e9galement bien tendue et coll\u00e9e\u00a0\u00bb, se r\u00e9jouit l\u2019architecte. <\/p>\n<\/blockquote>\n<p><strong>\u00ab\u00a0Son principal d\u00e9faut, c\u2019est qu\u2019elle est tr\u00e8s sale\u00a0!\u00a0\u00bb<\/strong>. Ce qui confirme les premi\u00e8res observations r\u00e9alis\u00e9es lors des \u00e9tudes pr\u00e9paratoires, sur un bout de toile de 8 m2.<\/p>\n<p> Redonner des couleurs aux toiles et d\u00e9cors <\/p>\n<p>Et la grande toile n\u2019est pas la seule \u00e0 avoir besoin d\u2019un <strong>coup d\u2019\u00e9clat<\/strong>. Parmi les d\u00e9cors, les victoires aill\u00e9es \u00ab\u00a0\u00e9taient grises \u00bb ce qui donnait d\u2019ailleurs cet<strong> aspect sombre \u00e0 la pi\u00e8ce<\/strong>. Apr\u00e8s restauration, elles vont retrouver leur couleur blanche et dor\u00e9e. \u00ab\u00a0Nous sommes vraiment sur un d\u00e9cor de th\u00e9\u00e2tre en carton-pierre. Autrement dit, il s\u2019agit d\u2019une fine couche d\u2019enduit sur laquelle on vient mettre de la couleur et de la dorure. C\u2019est donc tr\u00e8s fragile et cela n\u00e9cessite des techniques de nettoyages particuli\u00e8res \u00bb, d\u00e9taille l\u2019architecte.<\/p>\n<p> <img decoding=\"async\" alt=\"\" class=\"img-align-center img-size-full\" data-zoomable=\"\" loading=\"lazy\" src=\"https:\/\/www.europesays.com\/fr\/wp-content\/uploads\/2025\/06\/restauration-toile-opera-toulon.jpg\" width=\"100%\"\/> \u00a9 K. Sarrazin &#8211; La toile de 200 m2 est compos\u00e9e d&rsquo;un ciel en trompe-l\u2019\u0153il avec des all\u00e9gories et dramaturges accompagn\u00e9s de 124 personnages de leurs pi\u00e8ces. <\/p>\n<p>Deux groupements diff\u00e9rents ont \u00e9t\u00e9 s\u00e9lectionn\u00e9s pour restaurer la toile maroufl\u00e9e et les pl\u00e2tres et dorures (Atelier Arcoa et Atelier Jean-Loup Bouvier). Ces derniers vont <strong>poursuivre leur travail pendant sept \u00e0 dix mois sur les d\u00e9cors de tous les \u00e9tages<\/strong>. Viendront ensuite les balcons, la sc\u00e8ne et le sol pour cette partie-l\u00e0 du b\u00e2timent. <\/p>\n<p>Op\u00e9ra de Toulon : l&rsquo;appel aux dons est lanc\u00e9 <\/p>\n<p>C\u2019est justement pour restaurer la toile maroufl\u00e9e du plafond de Duveau, les sculptures et dorures, les d\u00e9cors peints mais aussi les lustres, les fauteuils et les toiles maroufl\u00e9es des putti (angelots) que la M\u00e9tropole Toulon Provence M\u00e9diterran\u00e9e et la <strong>Fondation du patrimoine<\/strong> ont sign\u00e9 le 26 juin une convention de partenariat.<\/p>\n<p>  <img decoding=\"async\" alt=\"\" class=\"img-size-full\" data-zoomable=\"\" loading=\"lazy\" src=\"https:\/\/www.europesays.com\/fr\/wp-content\/uploads\/2025\/06\/restauration-sculptures-opera-toulon.jpg\" width=\"100%\"\/> \u00a9 K. Sarrazin &#8211; Un avant\/apr\u00e8s restauration. <\/p>\n<p>Elle permet <strong>d\u2019ouvrir ces six chantiers au m\u00e9c\u00e9nat<\/strong>. Le budget se monte \u00e0 3,3 millions d\u2019euros, dont 2,5 millions <a href=\"https:\/\/www.fondation-patrimoine.org\/les-projets\/opera-de-toulon\/102223\" rel=\"noopener\" target=\"_blank\">sont \u00e9ligibles aux dons<\/a>. <\/p>\n<blockquote>\n<p>\u00ab\u00a0Nous allons y aller par \u00e9tape et cette collecte se fera par palier de 200 000 euros\u00a0\u00bb, pr\u00e9cise Alexandre Giuglaris, directeur g\u00e9n\u00e9ral de la Fondation. <\/p>\n<\/blockquote>\n<p>Avec le lancement de cette campagne, <strong>particuliers comme entreprises peuvent participer<\/strong>. Pour rappeler, les dons offrent des avantages fiscaux : 60 % de r\u00e9duction d\u2019imp\u00f4t pour les entreprises, 66 % pour les particuliers. L&rsquo;occasion de financer la r\u00e9novation de <a href=\"https:\/\/mesinfos.fr\/83000-toulon\/a-toulon-l-opera-en-chantier-pour-mieux-enchanter-209447.html\" rel=\"noopener\" target=\"_blank\">ce projet de r\u00e9novation<\/a> d\u2019un b\u00e2timent embl\u00e9matique de la m\u00e9tropole toulonnaise. <\/p>\n<p><img decoding=\"async\" alt=\"\" class=\"img-align-center img-size-full\" data-zoomable=\"\" loading=\"lazy\" src=\"https:\/\/www.europesays.com\/fr\/wp-content\/uploads\/2025\/06\/opera-toulon-toile.jpg\" width=\"100%\"\/> \u00a9 K. Sarrazin &#8211; L&rsquo;artiste a gliss\u00e9 une repr\u00e9sentation de l&rsquo;Op\u00e9ra de Toulon dans sa toile. <\/p>\n<p>Si la Fondation du patrimoine encadre ici l\u2019appel aux dons, elle finance \u00e9galement la restauration du plafond, avec <strong>une dotation de 150 000 euros<\/strong> octroy\u00e9e fin 2024 dans le cadre du Troph\u00e9e Impact art &amp; culture.<\/p>\n","protected":false},"excerpt":{"rendered":"\u00a9 K. Sarrazin &#8211; La restauration de la grande toile maroufl\u00e9e a d\u00e9but\u00e9e au mois de juin. De&hellip;\n","protected":false},"author":2,"featured_media":207919,"comment_status":"","ping_status":"","sticky":false,"template":"","format":"standard","meta":{"footnotes":""},"categories":[9619],"tags":[1111,11,1777,674,1011,27,12,24861,882,25,2310],"class_list":{"0":"post-207918","1":"post","2":"type-post","3":"status-publish","4":"format-standard","5":"has-post-thumbnail","7":"category-toulon","8":"tag-actu","9":"tag-actualites","10":"tag-eu","11":"tag-europe","12":"tag-fr","13":"tag-france","14":"tag-news","15":"tag-opu00e9ra-de-toulon","16":"tag-provence-alpes-cote-dazur","17":"tag-republique-francaise","18":"tag-toulon"},"share_on_mastodon":{"url":"https:\/\/pubeurope.com\/@fr\/114754467018080132","error":""},"_links":{"self":[{"href":"https:\/\/www.europesays.com\/fr\/wp-json\/wp\/v2\/posts\/207918","targetHints":{"allow":["GET"]}}],"collection":[{"href":"https:\/\/www.europesays.com\/fr\/wp-json\/wp\/v2\/posts"}],"about":[{"href":"https:\/\/www.europesays.com\/fr\/wp-json\/wp\/v2\/types\/post"}],"author":[{"embeddable":true,"href":"https:\/\/www.europesays.com\/fr\/wp-json\/wp\/v2\/users\/2"}],"replies":[{"embeddable":true,"href":"https:\/\/www.europesays.com\/fr\/wp-json\/wp\/v2\/comments?post=207918"}],"version-history":[{"count":0,"href":"https:\/\/www.europesays.com\/fr\/wp-json\/wp\/v2\/posts\/207918\/revisions"}],"wp:featuredmedia":[{"embeddable":true,"href":"https:\/\/www.europesays.com\/fr\/wp-json\/wp\/v2\/media\/207919"}],"wp:attachment":[{"href":"https:\/\/www.europesays.com\/fr\/wp-json\/wp\/v2\/media?parent=207918"}],"wp:term":[{"taxonomy":"category","embeddable":true,"href":"https:\/\/www.europesays.com\/fr\/wp-json\/wp\/v2\/categories?post=207918"},{"taxonomy":"post_tag","embeddable":true,"href":"https:\/\/www.europesays.com\/fr\/wp-json\/wp\/v2\/tags?post=207918"}],"curies":[{"name":"wp","href":"https:\/\/api.w.org\/{rel}","templated":true}]}}