{"id":207926,"date":"2025-06-27T08:52:09","date_gmt":"2025-06-27T08:52:09","guid":{"rendered":"https:\/\/www.europesays.com\/fr\/207926\/"},"modified":"2025-06-27T08:52:09","modified_gmt":"2025-06-27T08:52:09","slug":"que-faire-a-rouen-en-ce-nouveau-weekend-de-canicule","status":"publish","type":"post","link":"https:\/\/www.europesays.com\/fr\/207926\/","title":{"rendered":"que faire \u00e0 Rouen en ce nouveau weekend de canicule\u00a0?"},"content":{"rendered":"<p>            Par<br \/>\n        <strong><br \/>\n            <a href=\"https:\/\/actu.fr\/auteur\/thomas-rideau\" title=\"Consulter tous les articles de Thomas Rideau\" rel=\"nofollow noopener\" target=\"_blank\">Thomas Rideau<\/a><br \/>\n        <\/strong><\/p>\n<p>        Publi\u00e9 le<\/p>\n<p>            27 juin 2025 \u00e0 10h08        <\/p>\n<p>Une nouvelle semaine s\u2019ach\u00e8ve et le weekend commence. La r\u00e9daction de 76actu\u00a0vous propose des id\u00e9es de sorties pour vous occuper du<strong> vendredi 27 au dimanche 29 juin 2025<\/strong> \u00e0 <a href=\"https:\/\/actu.fr\/normandie\/rouen_76540\" rel=\"nofollow noopener\" target=\"_blank\">Rouen (Seine-Maritime)<\/a>.<\/p>\n<p>Le retour de Vivacit\u00e9 sur trois jours<\/p>\n<p class=\" wall-content\">C\u2019est le rendez-vous du week-end, le festival des arts de rue <a href=\"https:\/\/actu.fr\/normandie\/sotteville-les-rouen_76681\/trois-jours-de-spectacles-insolites-viva-cite-grand-festival-des-arts-de-rue-revient-pres-de-rouen_62809160.html\" rel=\"nofollow noopener\" target=\"_blank\">Vivacit\u00e9<\/a> est de retour \u00e0 Sotteville-l\u00e8s-Rouen. <strong>Soixante-deux compagnies, dont douze normandes<\/strong>, vont se succ\u00e9der au Bois de la Garenne, dans le centre-ville et d\u2019autres lieux plus ou moins improbables de Sotteville-l\u00e8s-Rouen, pour 213\u00a0repr\u00e9sentations.<\/p>\n<p class=\" wall-content\">Et pour la premi\u00e8re fois depuis la crise du Covid-19, <a href=\"https:\/\/www.atelier231.fr\/-Viva-Cite-2025-.html\" rel=\"nofollow noopener\" target=\"_blank\">le festival va s\u2019\u00e9tendre sur trois jours<\/a> au lieu de deux. \u00ab\u2009<strong>Notre festival des arts<\/strong> de la rue fait partie de l\u2019identit\u00e9 de Sotteville-l\u00e8s-Rouen. C\u2019est un \u00e9v\u00e9nement rassembleur, populaire et gratuit\u2009\u00bb, nous indiquait Alexis Ragache, le maire de la commune.<\/p>\n<p>Profiter de la chaleur (ou l\u2019\u00e9viter)\u2009?<\/p>\n<p class=\" wall-content\">Chaleur ou canicule\u2009? Il va faire encore tr\u00e8s chaud samedi et dimanche en Seine-Maritime. M\u00e9t\u00e9o France pr\u00e9voit un weekend sans nuages et avec des <strong>pics de chaleur<\/strong> au-dessus de 30\u00a0\u00b0C.<\/p>\n<p class=\" wall-content\">Pour \u00e9viter les fortes chaleurs, on peut sortir le soir, et profiter de <a href=\"https:\/\/actu.fr\/normandie\/rouen_76540\/reportage-dans-coulisses-spectacle-rouen-cathedrale-lumiere_25935064.html\" rel=\"nofollow noopener\" target=\"_blank\">Cath\u00e9drale de lumi\u00e8re<\/a>, par exemple. On peut aussi se baigner dans <a href=\"https:\/\/actu.fr\/normandie\/le-mesnil-sous-jumieges_76436\/beach-volley-five-accrobranche-glaces-la-base-de-jumieges-se-diversifie_61492605.html\" rel=\"nofollow noopener\" target=\"_blank\">les bases de loisirs<\/a> proches de la capitale normande, comme <a href=\"https:\/\/actu.fr\/normandie\/tourville-la-riviere_76705\/plus-grande-plage-nouvelles-activites-a-bedanne-un-plan-a-6-millions-deuros-pour-renover-la-base_62244198.html\" rel=\"nofollow noopener\" target=\"_blank\">Jumi\u00e8ges ou Bedanne<\/a>. Mais aussi dans le parc Camille-Claudel, dans le nouveau quartier Flaubert.<\/p>\n<p>Vid\u00e9os : en ce moment sur ActuSouchon et Kezia Jones au festival Arch\u00e9o Jazz<\/p>\n<p class=\" wall-content\">Souchon, Keziah Jones\u2026 Le tr\u00e8s beau festival <a href=\"https:\/\/actu.fr\/normandie\/blainville-crevon_76100\/archeo-jazz-l-un-des-plus-anciens-festivals-de-france-revient-a-blainville-crevon-pour-une-48e-edition_62756276.html\" rel=\"nofollow noopener\" target=\"_blank\">Arch\u00e9o Jazz<\/a> \u00e0 Blainville a lieu ce weekend. Et les amateurs de musique savent que c\u2019est un rendez-vous \u00e0 ne pas manquer. \u00ab\u2009Ici, les artistes donnent tout, <strong>ils partagent un max<\/strong> de ce qu\u2019ils ont dans leurs tripes, car ils sentent un public attentif qui les comprend vraiment\u2009\u00bb, nous explique l\u2019un des organisateurs. <a href=\"https:\/\/actu.fr\/normandie\/blainville-crevon_76100\/eagle-eye-cherry-souchon-keziah-jones-l-affiche-d-archeo-jazz-pres-de-rouen-se-devoile_62220123.html\" rel=\"nofollow noopener\" target=\"_blank\">Tout le programme est \u00e0 retrouver par ici<\/a>.<\/p>\n<p>Un petit hot-dog\u2009?<\/p>\n<p class=\" wall-content\">Et pourquoi pas d\u00e9guster l\u2019un des aliments <strong>le plus embl\u00e9matique<\/strong> de New York : le hot-dog. Et \u00e7a tombe bien, car <a href=\"https:\/\/actu.fr\/normandie\/rouen_76540\/hot-dogs-sandwichs-au-pastrami-un-restaurant-de-street-food-newyorkaise-debarque-a-rouen_62811764.html\" rel=\"nofollow noopener\" target=\"_blank\">un nouveau restaurant<\/a> d\u00e9di\u00e9 \u00e0 ce produit a ouvert et se nomme le Scott.<\/p>\n<p class=\" wall-content\">\u00ab\u2009Notre carte est<strong> petite, mais puissante en saveurs<\/strong>. On a des produits frais, des sauces maison\u2009\u00bb, promet l\u2019un des propri\u00e9taires. Rendez-vous rue de l\u2019H\u00f4pital, dans le centre-ville de Rouen pour tester.<\/p>\n<p>Suivez l\u2019actualit\u00e9 de Rouen <a href=\"https:\/\/www.whatsapp.com\/channel\/0029VaKfnf99hXF2ddApFB1D\" rel=\"nofollow noopener\" target=\"_blank\">sur notre cha\u00eene WhatsApp<\/a> et <a href=\"https:\/\/www.tiktok.com\/@76actu.fr?lang=fr\" rel=\"nofollow noopener\" target=\"_blank\">sur notre compte TikTok<\/a><\/p>\n<p class=\" wall-content\">Suivez toute l\u2019actualit\u00e9 de vos villes et m\u00e9dias favoris en vous inscrivant \u00e0 <a href=\"https:\/\/moncompte.actu.fr\" title=\"D\u00e9couvez Mon Actu\" rel=\"nofollow noopener\" data-trk=\"{&quot;cta&quot;:{&quot;action&quot;:&quot;https:\\\/\\\/moncompte.actu.fr&quot;,&quot;category&quot;:&quot;mon compte&quot;,&quot;from&quot;:&quot;article footer&quot;,&quot;name&quot;:&quot;Mon actu&quot;,&quot;type&quot;:&quot;cta&quot;}}\" target=\"_blank\">Mon Actu<\/a>.<\/p>\n<ul class=\"ac-article-tag wall-content\">\n<li><a href=\"https:\/\/actu.fr\/tag\/bon-plan-a-rouen\" data-trk=\"{&quot;cta&quot;:{&quot;action&quot;:&quot;Bon plan \\u00e0 Rouen&quot;,&quot;category&quot;:&quot;tag&quot;,&quot;from&quot;:&quot;article footer&quot;,&quot;name&quot;:&quot;Bon plan \\u00e0 Rouen&quot;,&quot;type&quot;:&quot;cta&quot;}}\" rel=\"nofollow noopener\" target=\"_blank\">#Bon plan \u00e0 Rouen<\/a><\/li>\n<li><a href=\"https:\/\/actu.fr\/tag\/musique\" data-trk=\"{&quot;cta&quot;:{&quot;action&quot;:&quot;Musique&quot;,&quot;category&quot;:&quot;tag&quot;,&quot;from&quot;:&quot;article footer&quot;,&quot;name&quot;:&quot;Musique&quot;,&quot;type&quot;:&quot;cta&quot;}}\" rel=\"nofollow noopener\" target=\"_blank\">#Musique<\/a><\/li>\n<\/ul>\n<p>                    <script async src=\"\/\/www.tiktok.com\/embed.js\"><\/script><\/p>\n","protected":false},"excerpt":{"rendered":"Par Thomas Rideau Publi\u00e9 le 27 juin 2025 \u00e0 10h08 Une nouvelle semaine s\u2019ach\u00e8ve et le weekend commence.&hellip;\n","protected":false},"author":2,"featured_media":207927,"comment_status":"","ping_status":"","sticky":false,"template":"","format":"standard","meta":{"footnotes":""},"categories":[9587],"tags":[1111,11,9086,1777,674,1011,27,1652,873,12,5161,25,9590],"class_list":{"0":"post-207926","1":"post","2":"type-post","3":"status-publish","4":"format-standard","5":"has-post-thumbnail","7":"category-rouen","8":"tag-actu","9":"tag-actualites","10":"tag-bon-plan-a-rouen","11":"tag-eu","12":"tag-europe","13":"tag-fr","14":"tag-france","15":"tag-loisirs-culture","16":"tag-musique","17":"tag-news","18":"tag-normandie","19":"tag-republique-francaise","20":"tag-rouen"},"share_on_mastodon":{"url":"https:\/\/pubeurope.com\/@fr\/114754482590889146","error":""},"_links":{"self":[{"href":"https:\/\/www.europesays.com\/fr\/wp-json\/wp\/v2\/posts\/207926","targetHints":{"allow":["GET"]}}],"collection":[{"href":"https:\/\/www.europesays.com\/fr\/wp-json\/wp\/v2\/posts"}],"about":[{"href":"https:\/\/www.europesays.com\/fr\/wp-json\/wp\/v2\/types\/post"}],"author":[{"embeddable":true,"href":"https:\/\/www.europesays.com\/fr\/wp-json\/wp\/v2\/users\/2"}],"replies":[{"embeddable":true,"href":"https:\/\/www.europesays.com\/fr\/wp-json\/wp\/v2\/comments?post=207926"}],"version-history":[{"count":0,"href":"https:\/\/www.europesays.com\/fr\/wp-json\/wp\/v2\/posts\/207926\/revisions"}],"wp:featuredmedia":[{"embeddable":true,"href":"https:\/\/www.europesays.com\/fr\/wp-json\/wp\/v2\/media\/207927"}],"wp:attachment":[{"href":"https:\/\/www.europesays.com\/fr\/wp-json\/wp\/v2\/media?parent=207926"}],"wp:term":[{"taxonomy":"category","embeddable":true,"href":"https:\/\/www.europesays.com\/fr\/wp-json\/wp\/v2\/categories?post=207926"},{"taxonomy":"post_tag","embeddable":true,"href":"https:\/\/www.europesays.com\/fr\/wp-json\/wp\/v2\/tags?post=207926"}],"curies":[{"name":"wp","href":"https:\/\/api.w.org\/{rel}","templated":true}]}}