{"id":207932,"date":"2025-06-27T08:55:09","date_gmt":"2025-06-27T08:55:09","guid":{"rendered":"https:\/\/www.europesays.com\/fr\/207932\/"},"modified":"2025-06-27T08:55:09","modified_gmt":"2025-06-27T08:55:09","slug":"pres-de-grenoble-un-homme-de-60-ans-meurt-apres-une-terrible-chute-en-montagne","status":"publish","type":"post","link":"https:\/\/www.europesays.com\/fr\/207932\/","title":{"rendered":"Pr\u00e8s de Grenoble. Un homme de 60 ans meurt apr\u00e8s une terrible chute en montagne"},"content":{"rendered":"<p>            Par<br \/>\n        <strong><br \/>\n            <a href=\"https:\/\/actu.fr\/auteur\/julien-sournies\" title=\"Consulter tous les articles de Julien Sournies\" target=\"_blank\" rel=\"noopener\">Julien Sournies<\/a><br \/>\n        <\/strong><\/p>\n<p>        Publi\u00e9 le<\/p>\n<p>            27 juin 2025 \u00e0 10h45        <\/p>\n<p>Un terrible accident. Alors qu\u2019il pratiquait l\u2019alpinisme avec trois compagnons, un homme de 60 ans, habitant de l\u2019Is\u00e8re, a <strong>trouv\u00e9 la mort apr\u00e8s une chute vertigineuse de 150 m\u00e8tres<\/strong> dans le massif de Belledone ce jeudi 26 juin 2025 vers 12h30, apprend <a href=\"https:\/\/actu.fr\/grenoble\/\" target=\"_blank\" rel=\"noopener\">actu Grenoble<\/a> aupr\u00e8s des gendarmes du PGHM, corroborant une information du <a href=\"https:\/\/www.ledauphine.com\/faits-divers-justice\/2025\/06\/26\/un-alpiniste-trouve-la-mort-en-devissant-dans-un-couloir-neigeux\" target=\"_blank\" rel=\"noopener\">Dauphin\u00e9 Lib\u00e9r\u00e9<\/a>.<\/p>\n<p>Son compagnon indemne<\/p>\n<p class=\" wall-content\">Selon les premiers \u00e9l\u00e9ments, le drame s\u2019est d\u00e9roul\u00e9 lors de la descente d\u2019une pente enneig\u00e9e situ\u00e9e \u00e0 quelque 2 600 m\u00e8tres d\u2019altitude au-dessus du Lac de Belledone. Le d\u00e9funt, qui \u00e9tait \u00e0 la t\u00eate de l\u2019une des deux cord\u00e9es, a en effet <strong>gliss\u00e9<\/strong> \u00e0 cause de la neige.<\/p>\n<p>    <a href=\"https:\/\/www.google.com\/maps\/embed?pb=!1m18!1m12!1m3!1d8957.39272437579!2d6.020144254585125!3d45.22428198713209!2m3!1f0!2f0!3f0!3m2!1i1024!2i768!4f13.1!3m3!1m2!1s0x478a447aa532c107%3A0xb6c14976cc82ed78!2sCha%C3%AEne%20de%20Belledonne!5e1!3m2!1sfr!2sus!4v1751013576213!5m2!1sfr!2sus\" title=\"Ouvrie le lien\" target=\"_blank\" rel=\"noopener\">Cliquez ici pour visualiser le contenu<\/a><\/p>\n<p class=\" wall-content\">Son partenaire de cord\u00e9e, entra\u00een\u00e9 dans la chute, s\u2019en est sorti <strong>indemne<\/strong>.<\/p>\n<p class=\" wall-content\">Rapidement d\u00e9p\u00each\u00e9 sur les lieux de l\u2019accident, un h\u00e9licopt\u00e8re de la S\u00e9curit\u00e9 civile a \u00e9vacu\u00e9 les trois autres alpinistes et redescendu le corps du d\u00e9funt dans la vall\u00e9e.<\/p>\n<p>Vid\u00e9os : en ce moment sur Actu<\/p>\n<p class=\" wall-content\">Suivez toute l\u2019actualit\u00e9 de vos villes et m\u00e9dias favoris en vous inscrivant \u00e0 <a href=\"https:\/\/moncompte.actu.fr\" title=\"D\u00e9couvez Mon Actu\" rel=\"nofollow noopener\" data-trk=\"{&quot;cta&quot;:{&quot;action&quot;:&quot;https:\\\/\\\/moncompte.actu.fr&quot;,&quot;category&quot;:&quot;mon compte&quot;,&quot;from&quot;:&quot;article footer&quot;,&quot;name&quot;:&quot;Mon actu&quot;,&quot;type&quot;:&quot;cta&quot;}}\" target=\"_blank\">Mon Actu<\/a>.<\/p>\n","protected":false},"excerpt":{"rendered":"Par Julien Sournies Publi\u00e9 le 27 juin 2025 \u00e0 10h45 Un terrible accident. Alors qu\u2019il pratiquait l\u2019alpinisme avec&hellip;\n","protected":false},"author":2,"featured_media":207933,"comment_status":"","ping_status":"","sticky":false,"template":"","format":"standard","meta":{"footnotes":""},"categories":[9566],"tags":[119,1111,11,7733,2430,1777,674,118,1011,27,2731,5324,12,25],"class_list":{"0":"post-207932","1":"post","2":"type-post","3":"status-publish","4":"format-standard","5":"has-post-thumbnail","7":"category-grenoble","8":"tag-accident","9":"tag-actu","10":"tag-actualites","11":"tag-alpes","12":"tag-auvergne-rhone-alpes","13":"tag-eu","14":"tag-europe","15":"tag-faits-divers","16":"tag-fr","17":"tag-france","18":"tag-grenoble","19":"tag-montagne","20":"tag-news","21":"tag-republique-francaise"},"share_on_mastodon":{"url":"","error":""},"_links":{"self":[{"href":"https:\/\/www.europesays.com\/fr\/wp-json\/wp\/v2\/posts\/207932","targetHints":{"allow":["GET"]}}],"collection":[{"href":"https:\/\/www.europesays.com\/fr\/wp-json\/wp\/v2\/posts"}],"about":[{"href":"https:\/\/www.europesays.com\/fr\/wp-json\/wp\/v2\/types\/post"}],"author":[{"embeddable":true,"href":"https:\/\/www.europesays.com\/fr\/wp-json\/wp\/v2\/users\/2"}],"replies":[{"embeddable":true,"href":"https:\/\/www.europesays.com\/fr\/wp-json\/wp\/v2\/comments?post=207932"}],"version-history":[{"count":0,"href":"https:\/\/www.europesays.com\/fr\/wp-json\/wp\/v2\/posts\/207932\/revisions"}],"wp:featuredmedia":[{"embeddable":true,"href":"https:\/\/www.europesays.com\/fr\/wp-json\/wp\/v2\/media\/207933"}],"wp:attachment":[{"href":"https:\/\/www.europesays.com\/fr\/wp-json\/wp\/v2\/media?parent=207932"}],"wp:term":[{"taxonomy":"category","embeddable":true,"href":"https:\/\/www.europesays.com\/fr\/wp-json\/wp\/v2\/categories?post=207932"},{"taxonomy":"post_tag","embeddable":true,"href":"https:\/\/www.europesays.com\/fr\/wp-json\/wp\/v2\/tags?post=207932"}],"curies":[{"name":"wp","href":"https:\/\/api.w.org\/{rel}","templated":true}]}}