{"id":207936,"date":"2025-06-27T08:57:12","date_gmt":"2025-06-27T08:57:12","guid":{"rendered":"https:\/\/www.europesays.com\/fr\/207936\/"},"modified":"2025-06-27T08:57:12","modified_gmt":"2025-06-27T08:57:12","slug":"a-rennes-ils-lancent-un-service-inedit-a-destination-des-etudiants-contre-la-fast-fashion-dans-le-meuble","status":"publish","type":"post","link":"https:\/\/www.europesays.com\/fr\/207936\/","title":{"rendered":"\u00c0 Rennes, ils lancent un service in\u00e9dit \u00e0 destination des \u00e9tudiants contre \u00ab\u00a0la fast fashion\u00a0\u00bb dans le meuble"},"content":{"rendered":"<p>            Par<br \/>\n        <strong><br \/>\n            <a href=\"https:\/\/actu.fr\/auteur\/brian-legoff\" title=\"Consulter tous les articles de Brian Le Goff\" target=\"_blank\" rel=\"noopener\">Brian Le Goff<\/a><br \/>\n        <\/strong><\/p>\n<p>        Publi\u00e9 le<\/p>\n<p>            27 juin 2025 \u00e0 9h49        <\/p>\n<p>Vous vous en souvenez peut-\u00eatre. <strong>En mai dernier,<\/strong> <a href=\"https:\/\/actu.fr\/bretagne\/rennes_35238\/infraction-ou-arnaque-a-rennes-c-est-quoi-ce-papier-vert-depose-sur-les-pare-brises-des-voitures_62707553.html\" target=\"_blank\" rel=\"noopener\">la r\u00e9daction d\u2019actu Rennes s\u2019\u00e9tait pench\u00e9e sur d\u2019\u00e9tranges flyers verts d\u00e9pos\u00e9s sur les pare-brises des voitures<\/a>. Ces bouts de papier faisaient \u00e9cho \u00e0 une pr\u00e9c\u00e9dente <a href=\"https:\/\/actu.fr\/bretagne\/rennes_35238\/arnaque-a-rennes-la-police-alerte-sur-de-faux-avis-de-verbalisation-sur-les-voitures_61095597.html\" target=\"_blank\" rel=\"noopener\">arnaque d\u00e9couverte l\u2019ann\u00e9e pass\u00e9e. <\/a>En r\u00e9alit\u00e9,<strong> il s\u2019agissait d\u2019un coup de communication<\/strong> de jeunes \u00e9tudiants entrepreneurs qui lan\u00e7aient \u00e0 Rennes un nouveau service \u00ab\u2009fait par les \u00e9tudiants pour les \u00e9tudiants\u2009\u00bb. Pr\u00e8s d\u2019un mois plus tard, nous avons rencontr\u00e9 Valentin Bouch\u00e9, l\u2019un des deux cofondateurs, pour en conna\u00eetre davantage sur <a href=\"https:\/\/kanap.eu\/\" target=\"_blank\" rel=\"noopener\"><strong>Kanap\u2019<\/strong><\/a>.<\/p>\n<p>\u00ab\u2009On sait dit qu\u2019il y avait mieux \u00e0 faire\u2009\u00bb<\/p>\n<p class=\" wall-content\">\u00ab\u2009On a eu <strong>l\u2019id\u00e9e, il y a plus d\u2019un an<\/strong>. Mais c\u2019est seulement en septembre dernier que nous avons vraiment commenc\u00e9 \u00e0 travailler sur ce projet en parall\u00e8le de nos \u00e9tudes\u2009\u00bb, retrace Valentin Bouch\u00e9.<\/p>\n<blockquote class=\"ac-article-quote wall-content\">\n<p>On s&rsquo;est rendu compte de la difficult\u00e9 \u00e0 se meubler, surtout de la probl\u00e9matique de changer d&rsquo;appartement seulement huit mois plus tard. Rien que le prix de la location d&rsquo;un camion, \u00e7a peut \u00eatre plusieurs centaines d&rsquo;euros sans compter l&rsquo;essence. On s&rsquo;est donc dit qu&rsquo;il y avait mieux \u00e0 faire. Que louer ses meubles co\u00fbterait s\u00fbrement moins cher. Surtout que beaucoup font le choix apr\u00e8s une premi\u00e8re location de s&rsquo;en d\u00e9barrasser en les vendant ou en les laissant dans un garage chez leurs parents, alors que les meubles sont souvent encore dans un bon \u00e9tat.<\/p>\n<p>    <strong>Valentin Bouch\u00e9<\/strong><br \/>\n        Cofondateur de Kanap&rsquo;    <\/p><\/blockquote>\n<p class=\" wall-content\">Dans certains cursus encore, les \u00e9tudiants passant<strong> que quelques mois<\/strong> \u00e0 Rennes\u2009: \u00ab\u2009On a nous-m\u00eame connu cette situation.\u2009\u00bb Face \u00e0 cela, Valentin Bouch\u00e9 explique que deux possibilit\u00e9s s\u2019offrent aux \u00e9tudiants\u2009: <strong>soit prendre une location meubl\u00e9e,<\/strong> mais le loyer est plus cher,<strong> soit acheter ses meubles,<\/strong> mais qu\u2019en faire apr\u00e8s\u2009? \u00ab\u2009On essaye d<strong>\u2019apporter une r\u00e9ponse aux probl\u00e9matiques<\/strong> logistiques, d\u2019organisation et de co\u00fbt avec <strong>Kanap\u2019<\/strong>. On veut \u00e9galement \u00e9viter la fast fashion dans le meuble.\u2009\u00bb<\/p>\n<p>    <a href=\"https:\/\/www.facebook.com\/plugins\/video.php?height=476&amp;href=https%3A%2F%2Fwww.facebook.com%2FRennesSB%2Fvideos%2F1254043106257423%2F&amp;show_text=true&amp;width=350&amp;t=0\" title=\"Ouvrie le lien\" target=\"_blank\" rel=\"noopener\">Cliquez ici pour visualiser le contenu<\/a><\/p>\n<p>Des packs de meubles en location \u00e0 personnaliser<\/p>\n<p class=\" wall-content\">Les \u00e9tudiants ont donc travaill\u00e9 d\u2019arrache-pied pour proposer un service simple \u00e0 leurs camarades\u2009: <strong>louer pendant deux<\/strong><strong>\u00a0\u00e0 24\u00a0mois<\/strong>\u00a0<strong>un pack de meubles<\/strong> avec le n\u00e9cessaire pour vivre.<\/p>\n<p class=\" wall-content\">Plusieurs packs existent selon la taille du logement lou\u00e9<strong>, du studio, jusqu\u2019au pack Triloc<\/strong> pour une colocation \u00e0 meubler avec trois chambres en passant le <strong>pack T2 couple,<\/strong> etc.<\/p>\n<p class=\" wall-content\">L\u2019offre va ainsi <strong>de 19,99 par mois<\/strong> (avec un lit simple, une table de nuit, un meuble de rangement, une table classique et deux chaises inclus)<strong> \u00e0 59,99 par mois<\/strong> pour le pack Triloc (qui comprend trois matelas avec leur sommier, trois tables de nuit, trois meubles de rangement, un bureau et une chaise, une table classique et six chaises, deux canap\u00e9s de deux \u00e0 trois places chacune et une table basse).<\/p>\n<p class=\" wall-content\"><a href=\"https:\/\/www.instagram.com\/p\/DKpP7qKNQaG\/embed\" title=\"Ouvrir le lien sur Instagram\" target=\"_blank\" rel=\"noopener\">Visualiser le contenu sur Instagram<\/a><\/p>\n<p class=\" wall-content\">De<strong> nombreuses options<\/strong> sont possibles avec suppl\u00e9ment ou r\u00e9duction. Il s\u2019agit de la location mensuelle de <strong>meubles reconditionn\u00e9s et de seconde main<\/strong>. \u00ab\u2009En plus, on assure dans le prix de la location de meubles la livraison et la r\u00e9cup\u00e9ration des meubles au pied de l\u2019adresse choisie.\u2009\u00bb<\/p>\n<p class=\" wall-content\">Le service est d\u2019ores et d\u00e9j\u00e0 disponible\u2009: rendez-vous sur le site internet <a href=\"https:\/\/kanap.eu\/\" target=\"_blank\" rel=\"noopener\">kanap.eu<\/a>.<\/p>\n<p class=\" wall-content\">Suivez toute l\u2019actualit\u00e9 de vos villes et m\u00e9dias favoris en vous inscrivant \u00e0 <a href=\"https:\/\/moncompte.actu.fr\" title=\"D\u00e9couvez Mon Actu\" rel=\"nofollow noopener\" data-trk=\"{&quot;cta&quot;:{&quot;action&quot;:&quot;https:\\\/\\\/moncompte.actu.fr&quot;,&quot;category&quot;:&quot;mon compte&quot;,&quot;from&quot;:&quot;article footer&quot;,&quot;name&quot;:&quot;Mon actu&quot;,&quot;type&quot;:&quot;cta&quot;}}\" target=\"_blank\">Mon Actu<\/a>.<\/p>\n<ul class=\"ac-article-tag wall-content\">\n<li><a href=\"https:\/\/actu.fr\/tag\/creation-d-entreprise\" data-trk=\"{&quot;cta&quot;:{&quot;action&quot;:&quot;Cr\\u00e9ation d&#039;entreprise&quot;,&quot;category&quot;:&quot;tag&quot;,&quot;from&quot;:&quot;article footer&quot;,&quot;name&quot;:&quot;Cr\\u00e9ation d&#039;entreprise&quot;,&quot;type&quot;:&quot;cta&quot;}}\" target=\"_blank\" rel=\"noopener\">#Cr\u00e9ation d&rsquo;entreprise<\/a><\/li>\n<li><a href=\"https:\/\/actu.fr\/tag\/etudiantses\" data-trk=\"{&quot;cta&quot;:{&quot;action&quot;:&quot;Etudiants(es)&quot;,&quot;category&quot;:&quot;tag&quot;,&quot;from&quot;:&quot;article footer&quot;,&quot;name&quot;:&quot;Etudiants(es)&quot;,&quot;type&quot;:&quot;cta&quot;}}\" target=\"_blank\" rel=\"noopener\">#Etudiants(es)<\/a><\/li>\n<\/ul>\n<p>                    <script async src=\"\/\/www.instagram.com\/embed.js\"><\/script><\/p>\n","protected":false},"excerpt":{"rendered":"Par Brian Le Goff Publi\u00e9 le 27 juin 2025 \u00e0 9h49 Vous vous en souvenez peut-\u00eatre. En mai&hellip;\n","protected":false},"author":2,"featured_media":207937,"comment_status":"","ping_status":"","sticky":false,"template":"","format":"standard","meta":{"footnotes":""},"categories":[2821],"tags":[1111,11,829,344,33,1064,1777,674,1011,27,12,584,25],"class_list":{"0":"post-207936","1":"post","2":"type-post","3":"status-publish","4":"format-standard","5":"has-post-thumbnail","7":"category-rennes","8":"tag-actu","9":"tag-actualites","10":"tag-bretagne","11":"tag-creation-dentreprise","12":"tag-economie","13":"tag-etudiantses","14":"tag-eu","15":"tag-europe","16":"tag-fr","17":"tag-france","18":"tag-news","19":"tag-rennes","20":"tag-republique-francaise"},"share_on_mastodon":{"url":"https:\/\/pubeurope.com\/@fr\/114754502450242301","error":""},"_links":{"self":[{"href":"https:\/\/www.europesays.com\/fr\/wp-json\/wp\/v2\/posts\/207936","targetHints":{"allow":["GET"]}}],"collection":[{"href":"https:\/\/www.europesays.com\/fr\/wp-json\/wp\/v2\/posts"}],"about":[{"href":"https:\/\/www.europesays.com\/fr\/wp-json\/wp\/v2\/types\/post"}],"author":[{"embeddable":true,"href":"https:\/\/www.europesays.com\/fr\/wp-json\/wp\/v2\/users\/2"}],"replies":[{"embeddable":true,"href":"https:\/\/www.europesays.com\/fr\/wp-json\/wp\/v2\/comments?post=207936"}],"version-history":[{"count":0,"href":"https:\/\/www.europesays.com\/fr\/wp-json\/wp\/v2\/posts\/207936\/revisions"}],"wp:featuredmedia":[{"embeddable":true,"href":"https:\/\/www.europesays.com\/fr\/wp-json\/wp\/v2\/media\/207937"}],"wp:attachment":[{"href":"https:\/\/www.europesays.com\/fr\/wp-json\/wp\/v2\/media?parent=207936"}],"wp:term":[{"taxonomy":"category","embeddable":true,"href":"https:\/\/www.europesays.com\/fr\/wp-json\/wp\/v2\/categories?post=207936"},{"taxonomy":"post_tag","embeddable":true,"href":"https:\/\/www.europesays.com\/fr\/wp-json\/wp\/v2\/tags?post=207936"}],"curies":[{"name":"wp","href":"https:\/\/api.w.org\/{rel}","templated":true}]}}