{"id":207938,"date":"2025-06-27T08:58:51","date_gmt":"2025-06-27T08:58:51","guid":{"rendered":"https:\/\/www.europesays.com\/fr\/207938\/"},"modified":"2025-06-27T08:58:51","modified_gmt":"2025-06-27T08:58:51","slug":"la-prefecture-du-bas-rhin-poursuit-la-surveillance-des-migrants-depuis-le-ciel","status":"publish","type":"post","link":"https:\/\/www.europesays.com\/fr\/207938\/","title":{"rendered":"La pr\u00e9fecture du Bas-Rhin poursuit la surveillance des migrants depuis le ciel"},"content":{"rendered":"<p class=\"wp-block-post-excerpt__excerpt\">Quatre jours apr\u00e8s avoir \u00e9t\u00e9 censur\u00e9e par le tribunal administratif, la pr\u00e9fecture du Bas-Rhin a publi\u00e9 le 20 juin un arr\u00eat\u00e9 r\u00e9-autorisant gendarmes et policiers \u00e0 utiliser des drones pour contr\u00f4ler les migrations irr\u00e9guli\u00e8res dans le Bas-Rhin. <\/p>\n<p class=\"font-sans\">\n\t\t\tCet article est en acc\u00e8s libre. Pour soutenir Rue89 Strasbourg,<br \/>\n\t\t\t<a class=\"underline\" href=\"https:\/\/www.rue89strasbourg.com\/abonnement\" target=\"_blank\" rel=\"noopener\">abonnez-vous<\/a>.\n\t\t<\/p>\n<p>Camille Balzinger<\/p>\n<p>Publi\u00e9 le 25 juin 2025\u00a0\u00a0\u00b7\u00a0\u00a0<\/p>\n<p>Imprim\u00e9 le 27 juin 2025 \u00e0 10h30\u00a0\u00a0\u00b7\u00a0\u00a0<\/p>\n<p>Modifi\u00e9 le 25 juin 2025\u00a0\u00a0\u00b7\u00a0\u00a0<\/p>\n<p>\t\t\t\t\t2\u00a0minutes\n<\/p>\n<p>Le 24 juin de 14h \u00e0 22h puis le 26 juin de 8h30 \u00e0 14h30, la d\u00e9l\u00e9gation militaire du Bas-Rhin a le droit d\u2019utiliser trois drones jonch\u00e9s de cam\u00e9ras, de types <a href=\"https:\/\/www.parrot.com\/fr\/drones\/anafi-usa\" target=\"_blank\" rel=\"noreferrer noopener\">Parrot Anafi USA<\/a> et <a href=\"https:\/\/www.defense.gouv.fr\/terre\/actualites\/ebee-vision-nouveau-drone-reconnaissance-larmee-terre\" target=\"_blank\" rel=\"noreferrer noopener\">AgEagle Ebee Vision<\/a>. Son but : contr\u00f4ler un tron\u00e7on de l\u2019A35 et surveiller les fronti\u00e8res \u00ab\u00a0en vue de lutter contre leur franchissement irr\u00e9gulier\u00a0\u00bb, d\u00e9crit l\u2019arr\u00eat\u00e9 pr\u00e9fectoral du 20 juin 2025.<\/p>\n<p>Il a \u00e9t\u00e9 sign\u00e9 et publi\u00e9 quatre jours seulement apr\u00e8s que le tribunal administratif de Strasbourg a suspendu un pr\u00e9c\u00e9dent arr\u00eat\u00e9 autorisant les forces de l\u2019ordre \u00e0 utiliser ces m\u00eames drones \u00e0 cette m\u00eame fin. Mais cette fois, la repr\u00e9sentation de l\u2019\u00c9tat a longuement d\u00e9velopp\u00e9 ses motivations et d\u00e9limit\u00e9 la zone g\u00e9ographique et les plages horaires pendant lesquelles les militaires ont le droit de filmer.<\/p>\n<p>Dans sa d\u00e9cision du 16 juin, la juge a reproch\u00e9 \u00e0 la pr\u00e9fecture son manque de pr\u00e9cision et l\u2019autorisation du dispositif de surveillance des fronti\u00e8res dans une zone non-frontali\u00e8re. Elle a estim\u00e9 que l\u2019atteinte \u00e0 la vie priv\u00e9e que repr\u00e9sentent ces cam\u00e9ras volantes \u00e9tait trop grande compar\u00e9e au but recherch\u00e9 par leur utilisation.<\/p>\n<p>Pour les op\u00e9rations des 24 et 26 juin, les trois a\u00e9ronefs pourront filmer l\u2019A35 entre l\u2019\u00e9changeur avec la A355 et A4, jusqu\u2019\u00e0 l\u2019\u00e9changeur avec la D2 (d\u00e9sormais D502) en incluant l\u2019aire d\u2019autoroute de Pfeffermatt. Le tron\u00e7on d\u2019une vingtaine de kilom\u00e8tres part de Vendenheim et arrive jusqu\u2019\u00e0 une route conduisant en Allemagne, sous la commune d\u2019Offendorf, au nord de Gambsheim et de Strasbourg.<\/p>\n<p><a href=\"https:\/\/www.rue89strasbourg.com\/la-newsletter\" target=\"_blank\" rel=\"noopener\"><img loading=\"lazy\" decoding=\"async\" width=\"970\" height=\"250\" src=\"https:\/\/www.europesays.com\/fr\/wp-content\/uploads\/2025\/06\/bannie\u0300re-autopromo-2025-desktop-1.gif\" alt=\"\" class=\"wp-image-347550\" style=\"width:792px;height:auto\"\/><\/a><\/p>\n<p><a href=\"https:\/\/www.rue89strasbourg.com\/la-newsletter\" target=\"_blank\" rel=\"noopener\"><img loading=\"lazy\" decoding=\"async\" width=\"300\" height=\"300\" src=\"https:\/\/www.europesays.com\/fr\/wp-content\/uploads\/2025\/06\/bannie\u0300res-autopromo-300x300-2.gif\" alt=\"\" class=\"wp-image-347551\"\/><\/a><\/p>\n<p>Filmer les voitures<\/p>\n<p>Pour cet acte administratif, la pr\u00e9fecture a doubl\u00e9 ses justifications d\u2019autorisation aux drones. Elle \u00e9voque, pour le contexte bas-rhinois, 172 arrestations d\u2019\u00e9trangers primo-arrivants depuis janvier 2025 (une augmentation de 1,5% par rapport \u00e0 2024), une augmentation du flux migratoire depuis le durcissement politique allemand en la mati\u00e8re, 19% de demandeurs d\u2019asile arriv\u00e9s en France apr\u00e8s \u00eatre entr\u00e9s en Europe par un autre pays, ou encore 52% de garde \u00e0 vue en plus d\u2019\u00e9trangers sans-papiers. Elle poursuit en vantant le grand angle des cam\u00e9ras volantes, permettant aux militaires de rep\u00e9rer efficacement les comportements anormaux des v\u00e9hicules.<\/p>\n<p>Assurant que le dispositif ne met pas en p\u00e9ril le droit fondamental \u00e0 la vie priv\u00e9e, la pr\u00e9fecture explique que les cam\u00e9ras ne permettent pas d\u2019identifier les identit\u00e9s des humains ou l\u2019int\u00e9rieur des voitures. Puis indique que les images permettront l\u2019observation mais ne seront pas enregistr\u00e9es par les gendarmes.<\/p>\n<p>Au moment d\u2019\u00e9crire cet article, ce nouvel arr\u00eat\u00e9 n\u2019avait pas \u00e9t\u00e9 contest\u00e9 aupr\u00e8s du tribunal administratif de Strasbourg.<\/p>\n<p>Aller <strong>plus loin<\/strong><\/p>\n","protected":false},"excerpt":{"rendered":"Quatre jours apr\u00e8s avoir \u00e9t\u00e9 censur\u00e9e par le tribunal administratif, la pr\u00e9fecture du Bas-Rhin a publi\u00e9 le 20&hellip;\n","protected":false},"author":2,"featured_media":207939,"comment_status":"","ping_status":"","sticky":false,"template":"","format":"standard","meta":{"footnotes":""},"categories":[2820],"tags":[1111,11,1813,1777,674,1011,27,775,1061,12,6338,25,640,7939],"class_list":{"0":"post-207938","1":"post","2":"type-post","3":"status-publish","4":"format-standard","5":"has-post-thumbnail","7":"category-strasbourg","8":"tag-actu","9":"tag-actualites","10":"tag-armee","11":"tag-eu","12":"tag-europe","13":"tag-fr","14":"tag-france","15":"tag-grand-est","16":"tag-immigration","17":"tag-news","18":"tag-prefecture-du-bas-rhin","19":"tag-republique-francaise","20":"tag-strasbourg","21":"tag-videosurveillance"},"share_on_mastodon":{"url":"https:\/\/pubeurope.com\/@fr\/114754510169972807","error":""},"_links":{"self":[{"href":"https:\/\/www.europesays.com\/fr\/wp-json\/wp\/v2\/posts\/207938","targetHints":{"allow":["GET"]}}],"collection":[{"href":"https:\/\/www.europesays.com\/fr\/wp-json\/wp\/v2\/posts"}],"about":[{"href":"https:\/\/www.europesays.com\/fr\/wp-json\/wp\/v2\/types\/post"}],"author":[{"embeddable":true,"href":"https:\/\/www.europesays.com\/fr\/wp-json\/wp\/v2\/users\/2"}],"replies":[{"embeddable":true,"href":"https:\/\/www.europesays.com\/fr\/wp-json\/wp\/v2\/comments?post=207938"}],"version-history":[{"count":0,"href":"https:\/\/www.europesays.com\/fr\/wp-json\/wp\/v2\/posts\/207938\/revisions"}],"wp:featuredmedia":[{"embeddable":true,"href":"https:\/\/www.europesays.com\/fr\/wp-json\/wp\/v2\/media\/207939"}],"wp:attachment":[{"href":"https:\/\/www.europesays.com\/fr\/wp-json\/wp\/v2\/media?parent=207938"}],"wp:term":[{"taxonomy":"category","embeddable":true,"href":"https:\/\/www.europesays.com\/fr\/wp-json\/wp\/v2\/categories?post=207938"},{"taxonomy":"post_tag","embeddable":true,"href":"https:\/\/www.europesays.com\/fr\/wp-json\/wp\/v2\/tags?post=207938"}],"curies":[{"name":"wp","href":"https:\/\/api.w.org\/{rel}","templated":true}]}}