{"id":207944,"date":"2025-06-27T09:01:10","date_gmt":"2025-06-27T09:01:10","guid":{"rendered":"https:\/\/www.europesays.com\/fr\/207944\/"},"modified":"2025-06-27T09:01:10","modified_gmt":"2025-06-27T09:01:10","slug":"sur-les-hauteurs-de-nice-la-fete-du-chateau-cette-tradition-communiste-qui-perdure-depuis-1946-en-terre-de-droite","status":"publish","type":"post","link":"https:\/\/www.europesays.com\/fr\/207944\/","title":{"rendered":"Sur les hauteurs de Nice, la F\u00eate du Ch\u00e2teau, cette tradition communiste qui perdure depuis 1946 en terre de droite"},"content":{"rendered":"<p>Malgr\u00e9 les maires de droite qui se sont succ\u00e9d\u00e9 \u00e0 Nice, la F\u00eate du Ch\u00e2teau, organis\u00e9e par le PCF dans un cadre idyllique, se tient depuis 1946.<\/p>\n<p class=\"fig-paragraph\">Une petite\u00a0<a href=\"http:\/\/www.lefigaro.fr\/musique\/patti-smith-revient-a-la-fete-de-l-huma-pour-sa-90e-edition-20250328\" data-fig-type=\"NewsFlash\" data-gtm-custom-categorie=\"navigation\" data-gtm-custom-action=\"crossclick\" data-gtm-custom-label=\"Contextuel\" data-gtm-event=\"customEventSPE\" data-fig-domain=\"LEFIGARO\" target=\"_blank\" rel=\"noopener\">f\u00eate de L\u2019Huma<\/a>\u00a0au bord de la mer sur la C\u00f4te d\u2019Azur, cela peut surprendre. \u00abMais c\u2019est exactement \u00e7a, ce n\u2019est pas du tout exag\u00e9r\u00e9 de dire \u00e7a\u00bb, sourit Julien Picot, le secr\u00e9taire du PCF dans les Alpes-Maritimes. Presque tous les ans depuis 1946, les communistes ni\u00e7ois organisent leur raout dans l\u2019un des cadres les plus idylliques de Nice, et ce malgr\u00e9 une ville ancr\u00e9e \u00e0 droite depuis des ann\u00e9es par les diff\u00e9rents maires qui se sont succ\u00e9d\u00e9.<\/p>\n<p class=\"fig-paragraph\">Mais entre 30.000 et 40.000 personnes se pressent le temps d\u2019un week-end sur la colline du Ch\u00e2teau, point haut embl\u00e9matique de la capitale azur\u00e9enne, qui offre d\u2019un c\u00f4t\u00e9 une vue imprenable sur la baie des Anges et de l\u2019autre,\u00a0<a href=\"http:\/\/www.lefigaro.fr\/nice\/nice-accouche-de-son-nouveau-centre-de-congres-sur-le-port-en-vue-du-sommet-onusien-sur-l-ocean-20250218\" data-fig-type=\"NewsFlash\" data-gtm-custom-categorie=\"navigation\" data-gtm-custom-action=\"crossclick\" data-gtm-custom-label=\"Contextuel\" data-gtm-event=\"customEventSPE\" data-fig-domain=\"LEFIGARO\" target=\"_blank\" rel=\"noopener\">le port de Nice<\/a>\u00a0et ses\u00a0<a href=\"http:\/\/www.lefigaro.fr\/nice\/45-pompiers-mobilises-pour-un-yacht-en-feu-dans-le-port-de-cannes-la-serie-noire-se-poursuit-sur-la-cote-d-azur-20250305\" data-fig-type=\"NewsFlash\" data-gtm-custom-categorie=\"navigation\" data-gtm-custom-action=\"crossclick\" data-gtm-custom-label=\"Contextuel\" data-gtm-event=\"customEventSPE\" data-fig-domain=\"LEFIGARO\" target=\"_blank\" rel=\"noopener\">yachts<\/a>&#8230; loin des id\u00e9aux de la gauche.<\/p>\n<p class=\"fig-paragraph\">Un contraste \u00abvraiment atypique\u00bb, en convient Julien Picot, d\u00e9sormais en charge de l\u2019organisation. \u00abOn est encore des ovnis en 2025 dans cette ville de droite\u00bb, s\u2019amuse-t-il, bien qu\u2019attach\u00e9 \u00e0 la bonne tenue de cette f\u00eate connue dans le langage courant des Ni\u00e7ois, et qui d\u00e9bute ce vendredi. \u00abCela a toujours \u00e9t\u00e9 une bataille pour l\u2019organiser car on ne nous a jamais faits de cadeaux, de (Jacques) M\u00e9decin \u00e0 (Christian) Estrosi. Mais on fait aussi en sorte que ce soit une f\u00eate populaire\u00bb, poursuit-il.<\/p>\n<p class=\"fig-paragraph\">M\u00eame au sein de la municipalit\u00e9 actuelle, on reconna\u00eet que ce rendez-vous d\u00e9tonnant fait partie du \u00abparticularisme ni\u00e7ois\u00bb et qu\u2019il est donc d\u00e9licat de l\u2019emp\u00eacher. Avant d\u2019\u00eatre dans la maison Estrosi, certains \u00e9lus s\u2019y rendaient d\u2019ailleurs sans complexe. Ce sont bien les services de la mairie qui acceptent la privatisation de cet espace public tr\u00e8s pris\u00e9 le dernier week-end de juin, alors que la cit\u00e9 s\u2019av\u00e8re d\u00e9j\u00e0 bond\u00e9e de touristes venus du monde entier. Au total, l\u2019organisation de cette f\u00eate co\u00fbte pr\u00e8s de 125.000 euros au PCF, indique Julien Picot.<\/p>\n<p>\u00abPas la f\u00eate de la Palestine\u00bb<\/p>\n<p class=\"fig-paragraph\">\u00abJe connais des gens de droite qui viennent \u00e0 la F\u00eate du Ch\u00e2teau\u00a0!\u00bb, lance le secr\u00e9taire d\u00e9partemental du PCF comme une invitation au Figaro. \u00abC\u2019est une f\u00eate fr\u00e9quent\u00e9e par tous les Ni\u00e7ois\u00a0: trouvez une autre f\u00eate gratuite de deux jours sur la C\u00f4te d\u2019Azur. \u00c7a n\u2019existe pas\u00a0!\u00bb, scande-t-il. Des Ni\u00e7ois interrog\u00e9s confirment\u00a0: \u00abLe soir, il y a surtout des gens qui veulent manger, boire et faire la f\u00eate pour pas trop cher. C\u2019est aussi un moyen d\u2019exprimer sa Nissartitude\u00a0!\u00bb, explique Toni, qui compare l\u2019\u00e9v\u00e9nement \u00e0 une f\u00eate de village.<\/p>\n<p class=\"fig-paragraph\">Au programme donc, une ambiance festive le soir avec une dizaine de groupes sur deux sc\u00e8nes, et la journ\u00e9e, des d\u00e9bats n\u00e9anmoins tr\u00e8s politiques. Dans le contexte actuel, des \u00e9changes sur\u00a0<a href=\"http:\/\/www.lefigaro.fr\/international\/guerre-israel-iran-teheran-vise-un-accord-avec-les-etats-unis-pour-enrayer-la-contestation-20250626\" data-fig-type=\"Article\" data-gtm-custom-categorie=\"navigation\" data-gtm-custom-action=\"crossclick\" data-gtm-custom-label=\"Contextuel\" data-gtm-event=\"customEventSPE\" data-fig-domain=\"LEFIGARO\" target=\"_blank\" rel=\"noopener\">la situation au Moyen-Orient<\/a>\u00a0avec comme invit\u00e9e l\u2019ambassadrice d\u00e9sign\u00e9e de la Palestine en France sont pr\u00e9vus. De quoi g\u00e2cher la f\u00eate et cliver sur un sujet sensible, particuli\u00e8rement \u00e0 Nice, o\u00f9 le maire\u00a0<a href=\"http:\/\/www.lefigaro.fr\/nice\/nice-la-justice-ordonne-le-retrait-des-drapeaux-israeliens-hisses-au-fronton-de-la-mairie-par-christian-estrosi-20250626\" data-fig-type=\"NewsFlash\" data-gtm-custom-categorie=\"navigation\" data-gtm-custom-action=\"crossclick\" data-gtm-custom-label=\"Contextuel\" data-gtm-event=\"customEventSPE\" data-fig-domain=\"LEFIGARO\" target=\"_blank\" rel=\"noopener\">Christian Estrosi (Horizons)<\/a>\u00a0revendique un soutien infaillible \u00e0 Isra\u00ebl\u00a0? \u00abNon, le but n\u2019est pas de faire de la F\u00eate du Ch\u00e2teau la f\u00eate de la Palestine\u00bb, assure Julien Picot, qui d\u00e9fend \u00able d\u00e9bat contradictoire\u00bb et conteste le \u00abdogmatisme\u00bb. Il n\u2019emp\u00eache, il reste probable de voir des drapeaux palestiniens brandis presque chaque semaine par une poign\u00e9e de militants qui\u00a0<a href=\"http:\/\/www.lefigaro.fr\/nice\/manifestation-propalestinienne-a-nice-christian-estrosi-va-deposer-plainte-pour-apologie-du-terrorisme-20250512\" data-fig-type=\"NewsFlash\" data-gtm-custom-categorie=\"navigation\" data-gtm-custom-action=\"crossclick\" data-gtm-custom-label=\"Contextuel\" data-gtm-event=\"customEventSPE\" data-fig-domain=\"LEFIGARO\" target=\"_blank\" rel=\"noopener\">manifestent dans le centre-ville<\/a>.<\/p>\n<p>Ian Brossat et le pr\u00e9sident du Medef des Alpes-Maritimes<\/p>\n<p class=\"fig-paragraph\">Des discussions sur les th\u00e9matiques plus habituelles\u00a0<a href=\"http:\/\/www.lefigaro.fr\/nice\/nice-le-principal-bailleur-social-de-la-cote-d-azur-bientot-controle-avec-une-attention-particuliere-de-la-ministre-20250626\" data-fig-type=\"NewsFlash\" data-gtm-custom-categorie=\"navigation\" data-gtm-custom-action=\"crossclick\" data-gtm-custom-label=\"Contextuel\" data-gtm-event=\"customEventSPE\" data-fig-domain=\"LEFIGARO\" target=\"_blank\" rel=\"noopener\">du logement<\/a>, du travail et des\u00a0<a href=\"http:\/\/www.lefigaro.fr\/nice\/pres-de-nice-un-chauffeur-de-bus-agresse-et-asperge-de-gaz-lacrymogene-20250626\" data-fig-type=\"NewsFlash\" data-gtm-custom-categorie=\"navigation\" data-gtm-custom-action=\"crossclick\" data-gtm-custom-label=\"Contextuel\" data-gtm-event=\"customEventSPE\" data-fig-domain=\"LEFIGARO\" target=\"_blank\" rel=\"noopener\">transports<\/a>\u00a0auront aussi lieu en pr\u00e9sence de\u00a0<a href=\"http:\/\/www.lefigaro.fr\/politique\/municipales-2026-a-paris-le-candidat-communiste-ian-brossat-relance-la-guerre-des-voies-sur-berge-20250418\" data-fig-type=\"Article\" data-gtm-custom-categorie=\"navigation\" data-gtm-custom-action=\"crossclick\" data-gtm-custom-label=\"Contextuel\" data-gtm-event=\"customEventSPE\" data-fig-domain=\"LEFIGARO\" target=\"_blank\" rel=\"noopener\">Ian Brossat<\/a>, s\u00e9nateur parisien et porte-parole du PCF. Celui qui a particip\u00e9 \u00e0 la mise en place de l\u2019encadrement des loyers \u00e0 Paris viendra le d\u00e9fendre \u00e0 Nice, alors que Christian Estrosi avait un temps \u00e9mis l\u2019id\u00e9e de l\u2019appliquer\u00a0<a href=\"http:\/\/www.lefigaro.fr\/nice\/nice-christian-estrosi-se-ravise-sur-l-encadrement-des-loyers-20231222\" data-fig-type=\"NewsFlash\" data-gtm-custom-categorie=\"navigation\" data-gtm-custom-action=\"crossclick\" data-gtm-custom-label=\"Contextuel\" data-gtm-event=\"customEventSPE\" data-fig-domain=\"LEFIGARO\" target=\"_blank\" rel=\"noopener\">avant de se r\u00e9tracter<\/a>. Pierre Ippolito, pr\u00e9sident de l\u2019Union des entreprises et du Medef dans les Alpes-Maritimes, se pr\u00eatera aussi au jeu d\u2019un d\u00e9bat, annonce le PCF 06. \u00abOn veut d\u00e9battre avec la droite\u00bb, mart\u00e8le Julien Picot, qui \u00e0 Nice, le fait d\u00e9j\u00e0 depuis quelque temps.<\/p>\n<p class=\"fig-paragraph\">La F\u00eate du Ch\u00e2teau ne s\u2019\u00e9tait plus tenue depuis deux ans, d\u2019abord en raison d\u2019une transition dans les instances locales du parti, puis l\u2019an dernier, \u00e0 cause de\u00a0<a href=\"http:\/\/www.lefigaro.fr\/politique\/il-continue-a-penser-que-c-etait-ineluctable-un-an-apres-la-dissolution-macron-droit-dans-ses-bottes-20250608\" data-fig-type=\"Article\" data-gtm-custom-categorie=\"navigation\" data-gtm-custom-action=\"crossclick\" data-gtm-custom-label=\"Contextuel\" data-gtm-event=\"customEventSPE\" data-fig-domain=\"LEFIGARO\" target=\"_blank\" rel=\"noopener\">la dissolution<\/a>\u00a0et la tenue des \u00e9lections l\u00e9gislatives anticip\u00e9es. Ces festivit\u00e9s se tiennent cette ann\u00e9e \u00e0 moins d\u2019un an des\u00a0<a href=\"http:\/\/www.lefigaro.fr\/nice\/municipales-2026-a-un-an-des-elections-christian-estrosi-deja-en-mode-campagne-a-nice-20250328\" data-fig-type=\"NewsFlash\" data-gtm-custom-categorie=\"navigation\" data-gtm-custom-action=\"crossclick\" data-gtm-custom-label=\"Contextuel\" data-gtm-event=\"customEventSPE\" data-fig-domain=\"LEFIGARO\" target=\"_blank\" rel=\"noopener\">municipales de mars 2026<\/a>. Un moment pour afficher une union de la gauche\u00a0? PCF, Verts, et PS travaillent aujourd\u2019hui ensemble en vue d\u2019une candidature unique \u00e0 Nice, persuad\u00e9s\u00a0<a href=\"http:\/\/www.lefigaro.fr\/nice\/a-nice-l-ecologiste-marine-tondelier-prone-l-union-de-la-gauche-pour-brouiller-le-match-estrosi-ciotti-20241029\" data-fig-type=\"NewsFlash\" data-gtm-custom-categorie=\"navigation\" data-gtm-custom-action=\"crossclick\" data-gtm-custom-label=\"Contextuel\" data-gtm-event=\"customEventSPE\" data-fig-domain=\"LEFIGARO\" target=\"_blank\" rel=\"noopener\">d\u2019un espace dans le duel annonc\u00e9 Estrosi-Ciotti<\/a>, mais les relations\u00a0<a href=\"http:\/\/www.lefigaro.fr\/nice\/nice-censee-s-unir-contre-ciotti-et-estrosi-en-vue-des-municipales-la-gauche-s-etiole-au-premier-rendez-vous-20250115\" data-fig-type=\"NewsFlash\" data-gtm-custom-categorie=\"navigation\" data-gtm-custom-action=\"crossclick\" data-gtm-custom-label=\"Contextuel\" data-gtm-event=\"customEventSPE\" data-fig-domain=\"LEFIGARO\" target=\"_blank\" rel=\"noopener\">sont compliqu\u00e9es avec LFI<\/a>, qui indique d\u2019ailleurs ne pas avoir \u00e9t\u00e9 convi\u00e9 officiellement \u00e0 participer \u00e0 un d\u00e9bat lors de la F\u00eate du Ch\u00e2teau.<\/p>\n<p class=\"fig-paragraph\">Tous se croiseront n\u00e9anmoins vendredi et samedi en essayant au moins de prouver, malgr\u00e9 les id\u00e9es re\u00e7ues, qu\u2019une gauche existe aussi au bord de la M\u00e9diterran\u00e9e. Lors des l\u00e9gislatives de juin dernier, les candidats de gauche avaient battu les \u00abestrosistes\u00bb dans les trois circonscriptions ni\u00e7oises. Pendant quelques mois, au sortir de la Seconde Guerre mondiale, Virgile Barrel fut un maire communiste de Nice, et laisse donc en h\u00e9ritage cette insolite F\u00eate du Ch\u00e2teau.<\/p>\n","protected":false},"excerpt":{"rendered":"Malgr\u00e9 les maires de droite qui se sont succ\u00e9d\u00e9 \u00e0 Nice, la F\u00eate du Ch\u00e2teau, organis\u00e9e par le&hellip;\n","protected":false},"author":2,"featured_media":207945,"comment_status":"","ping_status":"","sticky":false,"template":"","format":"standard","meta":{"footnotes":""},"categories":[2819],"tags":[1111,11,2898,2829,2971,2972,2973,2974,1777,674,2975,4768,1011,27,2969,2970,2987,2980,12,2401,2897,2976,2977,2978,2985,2986,2979,2981,2982,2983,2984,2991,2992,2993,2994,2996,2997,2998,2999,3000,3001,3002,2995,3003,3004,3005,3007,2268,25198,882,25,2988,2989,2990,2968,3006],"class_list":{"0":"post-207944","1":"post","2":"type-post","3":"status-publish","4":"format-standard","5":"has-post-thumbnail","7":"category-nice","8":"tag-actu","9":"tag-actualites","10":"tag-alpes-maritimes","11":"tag-baumettes","12":"tag-carabacel","13":"tag-caucade","14":"tag-cimiez","15":"tag-cremat","16":"tag-eu","17":"tag-europe","18":"tag-fabron","19":"tag-fete","20":"tag-fr","21":"tag-france","22":"tag-larenas","23":"tag-lariane","24":"tag-le-ray","25":"tag-lingostiere","26":"tag-news","27":"tag-nice","28":"tag-nice-cote-dazur","29":"tag-nice-gairaut","30":"tag-nice-gambetta","31":"tag-nice-jean-medecin","32":"tag-nice-le-piol","33":"tag-nice-le-port","34":"tag-nice-liberation","35":"tag-nice-magnan","36":"tag-nice-mantega-mont-boron","37":"tag-nice-pasteur","38":"tag-nice-pessicart","39":"tag-nice-rue-de-france","40":"tag-nice-saint-antoine","41":"tag-nice-saint-augustin","42":"tag-nice-saint-isidore","43":"tag-nice-saint-maurice","44":"tag-nice-saint-pancrace","45":"tag-nice-saint-philippe","46":"tag-nice-saint-pierre-de-feric","47":"tag-nice-saint-roch","48":"tag-nice-saint-roman-de-bellet","49":"tag-nice-saint-sylvestre","50":"tag-nice-sainte-marguerite","51":"tag-nice-thiers","52":"tag-nice-ventabrun","53":"tag-nice-vernier","54":"tag-nice-vinaigrier","55":"tag-ogc-nice","56":"tag-pcf","57":"tag-provence-alpes-cote-dazur","58":"tag-republique-francaise","59":"tag-rimiez","60":"tag-riquier","61":"tag-roquebilliere","62":"tag-sud-est","63":"tag-vieux-nice"},"share_on_mastodon":{"url":"","error":"Validation failed: Text character limit of 500 exceeded"},"_links":{"self":[{"href":"https:\/\/www.europesays.com\/fr\/wp-json\/wp\/v2\/posts\/207944","targetHints":{"allow":["GET"]}}],"collection":[{"href":"https:\/\/www.europesays.com\/fr\/wp-json\/wp\/v2\/posts"}],"about":[{"href":"https:\/\/www.europesays.com\/fr\/wp-json\/wp\/v2\/types\/post"}],"author":[{"embeddable":true,"href":"https:\/\/www.europesays.com\/fr\/wp-json\/wp\/v2\/users\/2"}],"replies":[{"embeddable":true,"href":"https:\/\/www.europesays.com\/fr\/wp-json\/wp\/v2\/comments?post=207944"}],"version-history":[{"count":0,"href":"https:\/\/www.europesays.com\/fr\/wp-json\/wp\/v2\/posts\/207944\/revisions"}],"wp:featuredmedia":[{"embeddable":true,"href":"https:\/\/www.europesays.com\/fr\/wp-json\/wp\/v2\/media\/207945"}],"wp:attachment":[{"href":"https:\/\/www.europesays.com\/fr\/wp-json\/wp\/v2\/media?parent=207944"}],"wp:term":[{"taxonomy":"category","embeddable":true,"href":"https:\/\/www.europesays.com\/fr\/wp-json\/wp\/v2\/categories?post=207944"},{"taxonomy":"post_tag","embeddable":true,"href":"https:\/\/www.europesays.com\/fr\/wp-json\/wp\/v2\/tags?post=207944"}],"curies":[{"name":"wp","href":"https:\/\/api.w.org\/{rel}","templated":true}]}}