{"id":207946,"date":"2025-06-27T09:02:23","date_gmt":"2025-06-27T09:02:23","guid":{"rendered":"https:\/\/www.europesays.com\/fr\/207946\/"},"modified":"2025-06-27T09:02:23","modified_gmt":"2025-06-27T09:02:23","slug":"piqures-sauvages-pendant-la-fete-de-la-musique-huit-plaintes-deposees-en","status":"publish","type":"post","link":"https:\/\/www.europesays.com\/fr\/207946\/","title":{"rendered":"\u00ab\u00a0Piq\u00fbres sauvages\u00a0\u00bb pendant la f\u00eate de la musique\u00a0: huit plaintes d\u00e9pos\u00e9es en"},"content":{"rendered":"<p>Dans la nuit du samedi\u00a021 au dimanche 22\u00a0juin 2025, plus d\u2019une centaine de cas de piq\u00fbres sauvages ont \u00e9t\u00e9 recens\u00e9s partout en France selon le minist\u00e8re de l\u2019Int\u00e9rieur, dont quinze \u00e0 Nantes, selon la pr\u00e9fecture de Loire-Atlantique.<\/p>\n<p>Une enqu\u00eate en cours et des examens toxicologiques<\/p>\n<p>Depuis, huit victimes se sont manifest\u00e9es et ont d\u00e9pos\u00e9 plainte en Loire-Atlantique. \u00a0Il y a eu six plaintes recens\u00e9es en zone police et deux en zone gendarmerie\u00a0\u00bb, d\u00e9taille Antoine Leroy, procureur de Nantes, qui ajoute\u00a0: \u00a0Les premi\u00e8res investigations consistent \u00e0 faire des examens toxicologiques, avant d\u2019entreprendre des recherches pour retrouver les mis en cause le cas \u00e9ch\u00e9ant, ce qui sera \u00e0 l\u2019\u00e9vidence particuli\u00e8rement complexe\u00a0.<\/p>\n<p>Pour l\u2019heure, il n\u2019y a aucune interpellation sur ce dossier, et aucune seringue ou \u00e9l\u00e9ment suspect n\u2019a \u00e9t\u00e9 retrouv\u00e9.<\/p>\n<p>\u00a0<\/p>\n","protected":false},"excerpt":{"rendered":"Dans la nuit du samedi\u00a021 au dimanche 22\u00a0juin 2025, plus d\u2019une centaine de cas de piq\u00fbres sauvages ont&hellip;\n","protected":false},"author":2,"featured_media":207947,"comment_status":"","ping_status":"","sticky":false,"template":"","format":"standard","meta":{"footnotes":""},"categories":[2818],"tags":[1111,11,34702,1777,674,4768,1011,27,3047,873,766,12,2636,30156,19267,25,34701],"class_list":{"0":"post-207946","1":"post","2":"type-post","3":"status-publish","4":"format-standard","5":"has-post-thumbnail","7":"category-nantes","8":"tag-actu","9":"tag-actualites","10":"tag-deposees","11":"tag-eu","12":"tag-europe","13":"tag-fete","14":"tag-fr","15":"tag-france","16":"tag-loire-atlantique","17":"tag-musique","18":"tag-nantes","19":"tag-news","20":"tag-pays-de-la-loire","21":"tag-piqures","22":"tag-plaintes","23":"tag-republique-francaise","24":"tag-sauvages"},"share_on_mastodon":{"url":"https:\/\/pubeurope.com\/@fr\/114754522008937918","error":""},"_links":{"self":[{"href":"https:\/\/www.europesays.com\/fr\/wp-json\/wp\/v2\/posts\/207946","targetHints":{"allow":["GET"]}}],"collection":[{"href":"https:\/\/www.europesays.com\/fr\/wp-json\/wp\/v2\/posts"}],"about":[{"href":"https:\/\/www.europesays.com\/fr\/wp-json\/wp\/v2\/types\/post"}],"author":[{"embeddable":true,"href":"https:\/\/www.europesays.com\/fr\/wp-json\/wp\/v2\/users\/2"}],"replies":[{"embeddable":true,"href":"https:\/\/www.europesays.com\/fr\/wp-json\/wp\/v2\/comments?post=207946"}],"version-history":[{"count":0,"href":"https:\/\/www.europesays.com\/fr\/wp-json\/wp\/v2\/posts\/207946\/revisions"}],"wp:featuredmedia":[{"embeddable":true,"href":"https:\/\/www.europesays.com\/fr\/wp-json\/wp\/v2\/media\/207947"}],"wp:attachment":[{"href":"https:\/\/www.europesays.com\/fr\/wp-json\/wp\/v2\/media?parent=207946"}],"wp:term":[{"taxonomy":"category","embeddable":true,"href":"https:\/\/www.europesays.com\/fr\/wp-json\/wp\/v2\/categories?post=207946"},{"taxonomy":"post_tag","embeddable":true,"href":"https:\/\/www.europesays.com\/fr\/wp-json\/wp\/v2\/tags?post=207946"}],"curies":[{"name":"wp","href":"https:\/\/api.w.org\/{rel}","templated":true}]}}