{"id":207958,"date":"2025-06-27T09:08:08","date_gmt":"2025-06-27T09:08:08","guid":{"rendered":"https:\/\/www.europesays.com\/fr\/207958\/"},"modified":"2025-06-27T09:08:08","modified_gmt":"2025-06-27T09:08:08","slug":"une-friperie-solidaire-organisee-a-la-guinguette-de-la-madeleine","status":"publish","type":"post","link":"https:\/\/www.europesays.com\/fr\/207958\/","title":{"rendered":"une friperie solidaire organis\u00e9e \u00e0 la guinguette de La Madeleine"},"content":{"rendered":"<p>            Par<br \/>\n        <strong><br \/>\n            <a href=\"https:\/\/actu.fr\/auteur\/margot-nicodeme\" title=\"Consulter tous les articles de Margot Nicod\u00e8me\" target=\"_blank\" rel=\"noopener\">Margot Nicod\u00e8me<\/a><br \/>\n        <\/strong><\/p>\n<p>        Publi\u00e9 le<\/p>\n<p>            27 juin 2025 \u00e0 10h56        <\/p>\n<p>Les soldes d\u2019\u00e9t\u00e9 ont commenc\u00e9, mais en boutique, l\u2019exp\u00e9rience n\u2019inclut pas un moment convivial apr\u00e8s les emplettes. \u00c7a, c\u2019est <b>la guinguette de <a href=\"https:\/\/actu.fr\/hauts-de-france\/la-madeleine_59368\/concert-du-14-juillet-la-madeleine-voit-grand-avec-quatre-chanteuses-mythiques-des-annees-2000_62785611.html\" target=\"_blank\" rel=\"noopener\">La Madeleine<\/a><\/b> qui s\u2019en charge, avec l\u2019organisation d\u2019une <b>grande friperie solidaire<\/b>, ce samedi 28 juin. Et bien s\u00fbr, le d\u00e9placement s\u2019impose comme l\u2019opportunit\u00e9 r\u00eav\u00e9e de siroter une boisson fra\u00eeche sur les transats du bord de De\u00fble.<\/p>\n<p>Grande braderie \u00e0 la guinguette de La Madeleine, samedi 28 juin<\/p>\n<p class=\" wall-content\">Cette braderie, en partenariat avec l\u2019association R\u00eaves, promet \u00ab\u00a0du shopping \u00e0 prix canons\u00a0\u00bb. C\u2019est \u00ab\u00a0plus fort que les soldes\u00a0\u00bb, est-il encore indiqu\u00e9, avec des <b>v\u00eatements de seconde main pour femmes, hommes et enfants<\/b>. La guinguette des Copains d\u2019abord se trouve au croisement des rues du Quai et Desquiens.<\/p>\n<p class=\" wall-content\">Tous les b\u00e9n\u00e9fices de l\u2019apr\u00e8s-midi serviront \u00e0 remplir en denr\u00e9es les rayons de l\u2019\u00e9picerie solidaire de l\u2019association R\u00eaves. Le rendez-vous est donn\u00e9 de<b> 13h30 \u00e0 19h<\/b>.\u00a0<\/p>\n<p class=\" wall-content\">Suivez toute l\u2019actualit\u00e9 de vos villes et m\u00e9dias favoris en vous inscrivant \u00e0 <a href=\"https:\/\/moncompte.actu.fr\" title=\"D\u00e9couvez Mon Actu\" rel=\"nofollow noopener\" data-trk=\"{&quot;cta&quot;:{&quot;action&quot;:&quot;https:\\\/\\\/moncompte.actu.fr&quot;,&quot;category&quot;:&quot;mon compte&quot;,&quot;from&quot;:&quot;article footer&quot;,&quot;name&quot;:&quot;Mon actu&quot;,&quot;type&quot;:&quot;cta&quot;}}\" target=\"_blank\">Mon Actu<\/a>.<\/p>\n","protected":false},"excerpt":{"rendered":"Par Margot Nicod\u00e8me Publi\u00e9 le 27 juin 2025 \u00e0 10h56 Les soldes d\u2019\u00e9t\u00e9 ont commenc\u00e9, mais en boutique,&hellip;\n","protected":false},"author":2,"featured_media":207959,"comment_status":"","ping_status":"","sticky":false,"template":"","format":"standard","meta":{"footnotes":""},"categories":[2815],"tags":[1111,11,6557,1777,674,1011,27,5691,811,1307,1652,12,25,3400],"class_list":{"0":"post-207958","1":"post","2":"type-post","3":"status-publish","4":"format-standard","5":"has-post-thumbnail","7":"category-lille","8":"tag-actu","9":"tag-actualites","10":"tag-bon-plan-a-lille","11":"tag-eu","12":"tag-europe","13":"tag-fr","14":"tag-france","15":"tag-guinguette","16":"tag-hauts-de-france","17":"tag-lille","18":"tag-loisirs-culture","19":"tag-news","20":"tag-republique-francaise","21":"tag-solidarite"},"share_on_mastodon":{"url":"https:\/\/pubeurope.com\/@fr\/114754545648998185","error":""},"_links":{"self":[{"href":"https:\/\/www.europesays.com\/fr\/wp-json\/wp\/v2\/posts\/207958","targetHints":{"allow":["GET"]}}],"collection":[{"href":"https:\/\/www.europesays.com\/fr\/wp-json\/wp\/v2\/posts"}],"about":[{"href":"https:\/\/www.europesays.com\/fr\/wp-json\/wp\/v2\/types\/post"}],"author":[{"embeddable":true,"href":"https:\/\/www.europesays.com\/fr\/wp-json\/wp\/v2\/users\/2"}],"replies":[{"embeddable":true,"href":"https:\/\/www.europesays.com\/fr\/wp-json\/wp\/v2\/comments?post=207958"}],"version-history":[{"count":0,"href":"https:\/\/www.europesays.com\/fr\/wp-json\/wp\/v2\/posts\/207958\/revisions"}],"wp:featuredmedia":[{"embeddable":true,"href":"https:\/\/www.europesays.com\/fr\/wp-json\/wp\/v2\/media\/207959"}],"wp:attachment":[{"href":"https:\/\/www.europesays.com\/fr\/wp-json\/wp\/v2\/media?parent=207958"}],"wp:term":[{"taxonomy":"category","embeddable":true,"href":"https:\/\/www.europesays.com\/fr\/wp-json\/wp\/v2\/categories?post=207958"},{"taxonomy":"post_tag","embeddable":true,"href":"https:\/\/www.europesays.com\/fr\/wp-json\/wp\/v2\/tags?post=207958"}],"curies":[{"name":"wp","href":"https:\/\/api.w.org\/{rel}","templated":true}]}}