{"id":207960,"date":"2025-06-27T09:09:11","date_gmt":"2025-06-27T09:09:11","guid":{"rendered":"https:\/\/www.europesays.com\/fr\/207960\/"},"modified":"2025-06-27T09:09:11","modified_gmt":"2025-06-27T09:09:11","slug":"mercato-lille-olivier-giroud-un-dernier-match-avec-los-angeles-avant-de-signer-au-losc","status":"publish","type":"post","link":"https:\/\/www.europesays.com\/fr\/207960\/","title":{"rendered":"Mercato Lille\u00a0: Olivier Giroud, un dernier match avec Los Angeles avant de signer au LOSC"},"content":{"rendered":"<p class=\"paragraph text_align_left lp-f-body-02\">Le retour en France d\u2019Olivier Giroud est imminent. Actuellement au Los Angeles FC, avec lequel il a particip\u00e9 \u00e0 la Coupe du monde des clubs, l\u2019attaquant fran\u00e7ais se rapproche \u00e0 grands pas de Lille. <a href=\"https:\/\/www.leparisien.fr\/sports\/football\/ligue-1\/mercato-lille-en-discussions-avec-olivier-giroud-25-06-2025-4NHIX4C2JNAUJPF6IUV6AUFBBE.php\" target=\"_blank\" rel=\"nofollow noopener\">Cibl\u00e9 par le club nordiste<\/a>, 5e de <a href=\"https:\/\/www.leparisien.fr\/sports\/football\/ligue-1\/\" target=\"_blank\" rel=\"noreferrer nofollow noopener\">Ligue 1<\/a> et qualifi\u00e9 pour la Ligue Europa, le meilleur buteur de l\u2019histoire des Bleus (57) a donn\u00e9 son feu vert pour rejoindre l\u2019\u00e9quipe entra\u00een\u00e9e par Bruno Genesio.<\/p>\n<p class=\"paragraph text_align_left lp-f-body-02\">Selon nos informations, qui corroborent celles de <a href=\"https:\/\/www.footmercato.net\/a2848833893759844162-le-losc-a-trouve-un-accord-avec-olivier-giroud\" target=\"_blank\" rel=\"noreferrer nofollow noopener\">Foot Mercato<\/a>, un accord a \u00e9t\u00e9 trouv\u00e9 entre le joueur de 38 ans et le Losc sur la base d\u2019un contrat d\u2019un an avec une deuxi\u00e8me ann\u00e9e en option. Il ne sera pas pour autant en France tout de suite. En effet, selon plusieurs sources concordantes, Giroud va jouer dimanche face \u00e0 Whitecaps un dernier match avant de quitter libre LA, o\u00f9 son contrat se terminait \u00e0 la fin de l\u2019ann\u00e9e.<\/p>\n<p>Avec Pogba, un autre champion du monde 2018 de retour en France<\/p>\n<p class=\"paragraph text_align_left lp-f-body-02\">Depuis son arriv\u00e9e en MLS, le buteur exp\u00e9riment\u00e9 a inscrit 5 buts et 3 passes d\u00e9cisives en 37 matchs toutes comp\u00e9titions confondues. Il voyait d\u2019un bon \u0153il l\u2019option d\u2019un retour en Ligue 1 o\u00f9 il n\u2019a plus jou\u00e9 depuis son d\u00e9part de Montpellier pour Arsenal en 2012.<\/p>\n<p class=\"paragraph text_align_left lp-f-body-02\">Son arriv\u00e9e prochaine \u00e0 Lille va permettre de compenser le d\u00e9part libre de Jonathan David. Elle appara\u00eet, aussi, comme un \u00e9v\u00e9nement pour le championnat de France qui s\u2019appr\u00eate \u00e0 accueillir un autre champion du monde 2018 en la personne de Paul Pogba, qui passe sa visite m\u00e9dicale avec Monaco ce vendredi.<\/p>\n","protected":false},"excerpt":{"rendered":"Le retour en France d\u2019Olivier Giroud est imminent. Actuellement au Los Angeles FC, avec lequel il a particip\u00e9&hellip;\n","protected":false},"author":2,"featured_media":207961,"comment_status":"","ping_status":"","sticky":false,"template":"","format":"standard","meta":{"footnotes":""},"categories":[2815],"tags":[1111,11,1777,674,63,1011,27,811,66,1307,12,25,60],"class_list":{"0":"post-207960","1":"post","2":"type-post","3":"status-publish","4":"format-standard","5":"has-post-thumbnail","7":"category-lille","8":"tag-actu","9":"tag-actualites","10":"tag-eu","11":"tag-europe","12":"tag-football","13":"tag-fr","14":"tag-france","15":"tag-hauts-de-france","16":"tag-ligue-1","17":"tag-lille","18":"tag-news","19":"tag-republique-francaise","20":"tag-sports"},"share_on_mastodon":{"url":"https:\/\/pubeurope.com\/@fr\/114754549571025895","error":""},"_links":{"self":[{"href":"https:\/\/www.europesays.com\/fr\/wp-json\/wp\/v2\/posts\/207960","targetHints":{"allow":["GET"]}}],"collection":[{"href":"https:\/\/www.europesays.com\/fr\/wp-json\/wp\/v2\/posts"}],"about":[{"href":"https:\/\/www.europesays.com\/fr\/wp-json\/wp\/v2\/types\/post"}],"author":[{"embeddable":true,"href":"https:\/\/www.europesays.com\/fr\/wp-json\/wp\/v2\/users\/2"}],"replies":[{"embeddable":true,"href":"https:\/\/www.europesays.com\/fr\/wp-json\/wp\/v2\/comments?post=207960"}],"version-history":[{"count":0,"href":"https:\/\/www.europesays.com\/fr\/wp-json\/wp\/v2\/posts\/207960\/revisions"}],"wp:featuredmedia":[{"embeddable":true,"href":"https:\/\/www.europesays.com\/fr\/wp-json\/wp\/v2\/media\/207961"}],"wp:attachment":[{"href":"https:\/\/www.europesays.com\/fr\/wp-json\/wp\/v2\/media?parent=207960"}],"wp:term":[{"taxonomy":"category","embeddable":true,"href":"https:\/\/www.europesays.com\/fr\/wp-json\/wp\/v2\/categories?post=207960"},{"taxonomy":"post_tag","embeddable":true,"href":"https:\/\/www.europesays.com\/fr\/wp-json\/wp\/v2\/tags?post=207960"}],"curies":[{"name":"wp","href":"https:\/\/api.w.org\/{rel}","templated":true}]}}