{"id":207964,"date":"2025-06-27T09:11:09","date_gmt":"2025-06-27T09:11:09","guid":{"rendered":"https:\/\/www.europesays.com\/fr\/207964\/"},"modified":"2025-06-27T09:11:09","modified_gmt":"2025-06-27T09:11:09","slug":"canicule-a-marseille-la-ville-rend-les-piscines-gratuites-voici-lesquelles-et-jusqua-quand","status":"publish","type":"post","link":"https:\/\/www.europesays.com\/fr\/207964\/","title":{"rendered":"Canicule \u00e0 Marseille. La Ville rend les piscines gratuites, voici lesquelles et jusqu&rsquo;\u00e0 quand"},"content":{"rendered":"<p>            Par<br \/>\n        <strong><br \/>\n            <a href=\"https:\/\/actu.fr\/auteur\/thibault-nadal-actu-fr\" title=\"Consulter tous les articles de Thibault Nadal\" target=\"_blank\" rel=\"noopener\">Thibault Nadal<\/a><br \/>\n        <\/strong><\/p>\n<p>        Publi\u00e9 le<\/p>\n<p>            27 juin 2025 \u00e0 11h06        <\/p>\n<p>La <a href=\"https:\/\/actu.fr\/tag\/canicule\" target=\"_blank\" rel=\"noopener\">canicule<\/a> s\u2019installe durablement \u00e0 <a href=\"https:\/\/actu.fr\/marseille\/\" target=\"_blank\" rel=\"noopener\">Marseille<\/a> et dans les <a href=\"https:\/\/actu.fr\/provence-alpes-cote-d-azur\/bouches-du-rhone_13\" target=\"_blank\" rel=\"noopener\">Bouches-du-Rh\u00f4ne<\/a>. \u00c0 partir de ce vendredi 27\u00a0juin 2025, midi, le d\u00e9partement est plac\u00e9 en vigilance orange par <a href=\"https:\/\/actu.fr\/tag\/meteo-france\" target=\"_blank\" rel=\"noopener\">M\u00e9t\u00e9o-France<\/a> et ceux pour plusieurs jours. Face aux <a href=\"https:\/\/actu.fr\/provence-alpes-cote-d-azur\/marseille_13055\/canicule-a-marseille-et-dans-les-bouches-du-rhone-jusqu-a-41-c-voici-ou-il-va-faire-le-plus-chaud_62828134.html\" target=\"_blank\" rel=\"noopener\">temp\u00e9ratures qui vont fr\u00f4ler les 35\u00b0C<\/a> dans la cit\u00e9 phoc\u00e9enne ces prochains jours, la Ville a d\u00e9cid\u00e9 de rendre les piscines municipales <strong>gratuites<\/strong>. Voici tout ce qu\u2019il faut savoir sur ce dispositif.<\/p>\n<p>Les piscines gratuites durant plusieurs jours<\/p>\n<p class=\" wall-content\">Il fait chaud depuis une dizaine de jours et ce n\u2019est pas pr\u00e8s de s\u2019arr\u00eater. Alors, la Ville de Marseille a d\u00e9cid\u00e9 d\u2019aider sa population \u00e0 se rafra\u00eechir en rendant les piscines gratuites d\u00e8s ce vendredi 27\u00a0juin.<\/p>\n<p class=\" wall-content\">\n<p class=\" wall-content\">Elles le resteront jusqu\u2019\u00e0 la fin de la vigilance canicule. La pr\u00e9fecture anticipe qu\u2019elle <strong>devrait durer \u00ab\u2009plusieurs jours\u2009\u00bb<\/strong>. Paul Marquis, fondateur de <a href=\"https:\/\/lameteodu13.com\/\" target=\"_blank\" rel=\"noopener\">La M\u00e9t\u00e9o du 13<\/a>, anticipe des fortes chaleurs jusqu\u2019au \u00ab\u20093\u00a0juillet a minima\u2009\u00bb.<\/p>\n<blockquote class=\"ac-article-quote wall-content\">\n<p>Tr\u00e8s attentive \u00e0 la situation sanitaire, la Ville de Marseille rend \u00e0 nouveau accessible gratuitement l\u2019ensemble des piscines municipales, \u00e0 toutes et \u00e0 tous, depuis leur ouverture ce jour et ce, jusqu\u2019\u00e0 la fin de l\u2019\u00e9pisode caniculaire.\n<\/p>\n<p>    <strong>Ville de Marseille<\/strong>\n            <\/p><\/blockquote>\n<p class=\" wall-content\"><strong>Voici la liste des piscines concern\u00e9es<\/strong>\u2009:<\/p>\n<ul class=\" wall-content\">\n<li>Piscine Saint-Charles-Alice Milliat (1er),<\/li>\n<li>Piscine Vallier (4e),<\/li>\n<li>Piscine Bonneveine (8e),<\/li>\n<li>Piscine Magnac (8e),<\/li>\n<li>Piscine Pointe Rouge (8e),<\/li>\n<li>Piscine Desautel (9e),<\/li>\n<li>Piscine Pont-de-Vivaux (10e),<\/li>\n<li>Piscine La Grani\u00e8re (11e),<\/li>\n<li>Piscine Louis Armand (12e),<\/li>\n<li>Piscine Frais Vallon (13e),<\/li>\n<li>Piscine Busserine (14e),<\/li>\n<li>Piscine Saint-Joseph (14e),<\/li>\n<li>Piscine La Martine (15e),<\/li>\n<li>Piscine La Castellane (16e).<\/li>\n<\/ul>\n<p class=\" wall-content\">Les horaires de chaque piscine ont \u00e0 retrouver sur le site de la Ville en cliquant sur <a href=\"https:\/\/www.marseille.fr\/sports-loisirs\/equipements-sportifs\/piscines-municipales\" target=\"_blank\" rel=\"noopener\">ce lien<\/a>.<\/p>\n<p>D\u2019autres mesures<\/p>\n<p class=\" wall-content\">La municipalit\u00e9 a \u00e9galement d\u00e9cid\u00e9 \u00e9galement <strong>d\u2019\u00e9tendre les horaires de ces parcs et jardins<\/strong>. Ils seront d\u00e9sormais ouverts de 7h \u00e0 21h afin de permettre aux enfants d\u2019avoir aux \u00ab\u2009jeux d\u2019eaux\u2009\u00bb.<\/p>\n<p class=\" wall-content\"><a href=\"https:\/\/actu.fr\/provence-alpes-cote-d-azur\/marseille_13055\/marseille-cette-plage-tres-connue-est-meme-accessible-la-nuit-voici-ou-et-quand_62719892.html\" target=\"_blank\" rel=\"noopener\">La plage des Catalans<\/a>, dans le 7e arrondissement, est dor\u00e9navant ouverte 24h\/24 et 7j\/7. Jusqu\u2019\u00e0 aujourd\u2019hui, elle \u00e9tait ouverte jusqu\u2019\u00e0 23h sauf le samedi.<\/p>\n<p class=\" wall-content\">Enfin, la Ville pr\u00e9voit d\u2019augmenter \u00ab\u2009la distribution d\u2019eau aux personnes vuln\u00e9rables dans la rue lors des maraudes\u2009\u00bb et de son \u00ab\u2009kit canicule\u2009\u00bb qui contient des casquettes, des claquettes et gourdes r\u00e9utilisables.<\/p>\n<p class=\" wall-content\">Suivez toute l\u2019actualit\u00e9 de vos villes et m\u00e9dias favoris en vous inscrivant \u00e0 <a href=\"https:\/\/moncompte.actu.fr\" title=\"D\u00e9couvez Mon Actu\" rel=\"nofollow noopener\" data-trk=\"{&quot;cta&quot;:{&quot;action&quot;:&quot;https:\\\/\\\/moncompte.actu.fr&quot;,&quot;category&quot;:&quot;mon compte&quot;,&quot;from&quot;:&quot;article footer&quot;,&quot;name&quot;:&quot;Mon actu&quot;,&quot;type&quot;:&quot;cta&quot;}}\" target=\"_blank\">Mon Actu<\/a>.<\/p>\n","protected":false},"excerpt":{"rendered":"Par Thibault Nadal Publi\u00e9 le 27 juin 2025 \u00e0 11h06 La canicule s\u2019installe durablement \u00e0 Marseille et dans&hellip;\n","protected":false},"author":2,"featured_media":207965,"comment_status":"","ping_status":"","sticky":false,"template":"","format":"standard","meta":{"footnotes":""},"categories":[2814],"tags":[1111,11,6469,6698,1777,674,1011,27,884,2357,12,882,25,104],"class_list":{"0":"post-207964","1":"post","2":"type-post","3":"status-publish","4":"format-standard","5":"has-post-thumbnail","7":"category-marseille","8":"tag-actu","9":"tag-actualites","10":"tag-benoit-payan","11":"tag-canicule","12":"tag-eu","13":"tag-europe","14":"tag-fr","15":"tag-france","16":"tag-marseille","17":"tag-meteo-france","18":"tag-news","19":"tag-provence-alpes-cote-dazur","20":"tag-republique-francaise","21":"tag-societe"},"share_on_mastodon":{"url":"https:\/\/pubeurope.com\/@fr\/114754557457585708","error":""},"_links":{"self":[{"href":"https:\/\/www.europesays.com\/fr\/wp-json\/wp\/v2\/posts\/207964","targetHints":{"allow":["GET"]}}],"collection":[{"href":"https:\/\/www.europesays.com\/fr\/wp-json\/wp\/v2\/posts"}],"about":[{"href":"https:\/\/www.europesays.com\/fr\/wp-json\/wp\/v2\/types\/post"}],"author":[{"embeddable":true,"href":"https:\/\/www.europesays.com\/fr\/wp-json\/wp\/v2\/users\/2"}],"replies":[{"embeddable":true,"href":"https:\/\/www.europesays.com\/fr\/wp-json\/wp\/v2\/comments?post=207964"}],"version-history":[{"count":0,"href":"https:\/\/www.europesays.com\/fr\/wp-json\/wp\/v2\/posts\/207964\/revisions"}],"wp:featuredmedia":[{"embeddable":true,"href":"https:\/\/www.europesays.com\/fr\/wp-json\/wp\/v2\/media\/207965"}],"wp:attachment":[{"href":"https:\/\/www.europesays.com\/fr\/wp-json\/wp\/v2\/media?parent=207964"}],"wp:term":[{"taxonomy":"category","embeddable":true,"href":"https:\/\/www.europesays.com\/fr\/wp-json\/wp\/v2\/categories?post=207964"},{"taxonomy":"post_tag","embeddable":true,"href":"https:\/\/www.europesays.com\/fr\/wp-json\/wp\/v2\/tags?post=207964"}],"curies":[{"name":"wp","href":"https:\/\/api.w.org\/{rel}","templated":true}]}}