{"id":207973,"date":"2025-06-27T09:17:23","date_gmt":"2025-06-27T09:17:23","guid":{"rendered":"https:\/\/www.europesays.com\/fr\/207973\/"},"modified":"2025-06-27T09:17:23","modified_gmt":"2025-06-27T09:17:23","slug":"les-comedies-a-ne-pas-manquer-ce-week-end-du-27-juin-au-29-juin-2025","status":"publish","type":"post","link":"https:\/\/www.europesays.com\/fr\/207973\/","title":{"rendered":"Les com\u00e9dies \u00e0 ne pas manquer ce week-end du 27\u00a0juin au 29\u00a0juin 2025"},"content":{"rendered":"<p>Ce week-end, faites le plein de rires \u00e0 petit prix\u00a0! Laissez-vous tenter par une s\u00e9lection de trois com\u00e9dies pour \u00e9gayer vos soir\u00e9es. Gr\u00e2ce \u00e0 <a href=\"https:\/\/www.20minutes.fr\/paris\/4133687-20250115-paris-quoi-ticketnunc-too-good-to-go-spectacle\" class=\"color-ultramarine c-link\" target=\"_blank\" rel=\"noopener\">TicketNunc<\/a>, profitez de billets \u00e0 tarifs r\u00e9duits, disponibles en quantit\u00e9s limit\u00e9es entre 24 et 72 heures avant le lever de rideau. Ne manquez pas nos incontournables du week-end\u00a0!<\/p>\n<p>Oublie-moi<img decoding=\"async\" alt=\"Oublie-moi\" class=\"c-img\" loading=\"lazy\" fetchpriority=\"auto\" width=\"718\"  src=\"https:\/\/img.20mn.fr\/cHUbCktwQIiiN1ZTLBpwRCk\/718x0\" \/>Oublie-moi\u2002-\u00a0TicketNunc<\/p>\n<p>Jeanne et Arthur, c\u2019est l\u2019amour parfait\u2026 jusqu\u2019\u00e0 ce qu\u2019Arthur oublie un d\u00e9tail simple\u00a0: le lait et un timbre. Une com\u00e9die tendre et dr\u00f4le qui a conquis 150 000 spectateurs.<\/p>\n<p>Adapt\u00e9 et mis en sc\u00e8ne par Marie-Julie Baup &amp; Thierry Lopez.<\/p>\n<ul>\n<li>Lieu\u00a0: Th\u00e9\u00e2tre La Bruy\u00e8re, 5 Rue la Bruy\u00e8re, 75009 Paris<\/li>\n<\/ul>\n<p><a href=\"https:\/\/www.ticketnunc.com\/spectacles\/oublie-moi?utm_source=20_minutes&amp;utm_medium=article&amp;utm_campaign=article_20_minutes\" rel=\"nofollow noopener\" target=\"_blank\" class=\"c-link c-btn c-btn--primary\">Je prends ma place<\/a>Je m\u2019appelle Georges\u2026 et vous\u00a0?<img decoding=\"async\" alt=\"JE M'APPELLE GEORGES ... ET VOUS ?\" class=\"c-img\" loading=\"lazy\" fetchpriority=\"auto\" width=\"718\"  src=\"https:\/\/img.20mn.fr\/9Yob__BOToa7ZAPDi80ksCk\/718x0\" \/>JE M&rsquo;APPELLE GEORGES &#8230; ET VOUS ?\u2002-\u00a0TicketNunc<\/p>\n<p>Et si votre pr\u00e9nom dictait votre destin amoureux\u00a0?<\/p>\n<p>Georges en est convaincu\u00a0: la femme de sa vie s\u2019appelle \u00c9milie. Pas Sophie, pas Claire, pas Julia. Non. \u00c9milie. L\u2019ennui\u00a0? Il ne la conna\u00eet pas. Pas encore.<\/p>\n<p>Dans une mise en sc\u00e8ne qui semble tout droit sortie d\u2019une BD de Semp\u00e9, cinq com\u00e9diens nous embarquent dans une com\u00e9die romantique compl\u00e8tement barr\u00e9e, o\u00f9 le pr\u00e9nom devient obsession, et l\u2019amour, un jeu de piste improbable.<\/p>\n<p>Entre quiproquos, rebondissements absurdes et po\u00e9sie pop, cette pi\u00e8ce d\u00e9jant\u00e9e m\u00eale rire, tendresse\u2026 et un petit manuel (pas du tout s\u00e9rieux) sur l\u2019origine des pr\u00e9noms.<\/p>\n<ul>\n<li>Lieu\u00a0: Th\u00e9\u00e2tre La Bruy\u00e8re, 5 Rue la Bruy\u00e8re, 75009 Paris<\/li>\n<\/ul>\n<p><a href=\"https:\/\/www.ticketnunc.com\/spectacles\/je-mappelle-georges-et-vous?utm_source=20_minutes&amp;utm_medium=articles&amp;utm_campaign=article_20_minutes\" rel=\"nofollow noopener\" target=\"_blank\" class=\"c-link c-btn c-btn--primary\">Je prends ma place<\/a>Le radeau de la m\u00e9duse<img decoding=\"async\" alt=\"Maintenant je n'\u00e9cris plus qu'en fran\u00e7ais\" class=\"c-img\" loading=\"lazy\" fetchpriority=\"auto\" width=\"718\"  src=\"https:\/\/img.20mn.fr\/JfGuB_raQaeuyhILRNy3Gik\/718x0\" \/>Maintenant je n&rsquo;\u00e9cris plus qu&rsquo;en fran\u00e7ais\u2002-\u00a0TicketNunc<\/p>\n<p>En\u00a01818, G\u00e9ricault cr\u00e9e un tableau qui fait scandale, critiquant ouvertement la monarchie de Louis XVIII. Chef-d\u2019\u0153uvre du romantisme, il bouleverse l\u2019art et la politique. Anne Cangelosi vous d\u00e9voile les secrets de cette toile mythique, entre histoire et \u00e9motion.<\/p>\n<ul>\n<li>Lieu\u00a0: Th\u00e9\u00e2tre Com\u00e9die Bastille, 5 rue Nicolas Appert, 75011 Paris<\/li>\n<\/ul>\n<p><a href=\"https:\/\/www.ticketnunc.com\/spectacles\/le-radeau-de-la-meduse?utm_source=20_minutes&amp;utm_medium=article&amp;utm_campaign=article_20_minutes\" rel=\"nofollow noopener\" target=\"_blank\" class=\"c-link c-btn c-btn--primary\">Je prends ma place<\/a><\/p>\n<p>Envie de vous changer les id\u00e9es\u00a0? Cette s\u00e9lection de trois com\u00e9dies \u00e0 ne pas manquer ce week-end est faite pour vous\u00a0! Entre l\u00e9g\u00e8ret\u00e9, bons moments et rires francs, r\u00e9servez d\u00e8s maintenant en <a href=\"https:\/\/www.ticketnunc.com\/?utm_source=article&amp;utm_medium=20_minutes&amp;utm_campaign=article_20minutes\" target=\"_blank\" class=\"color-ultramarine c-link\" rel=\"noopener\">cliquant ici\u00a0<\/a>!<\/p>\n","protected":false},"excerpt":{"rendered":"Ce week-end, faites le plein de rires \u00e0 petit prix\u00a0! Laissez-vous tenter par une s\u00e9lection de trois com\u00e9dies&hellip;\n","protected":false},"author":2,"featured_media":207974,"comment_status":"","ping_status":"","sticky":false,"template":"","format":"standard","meta":{"footnotes":""},"categories":[1888],"tags":[1111,1928,11,1927,58,1777,674,1011,27,708,662,1393,12,1926,626,1925,25,3140],"class_list":{"0":"post-207973","1":"post","2":"type-post","3":"status-publish","4":"format-standard","5":"has-post-thumbnail","7":"category-paris","8":"tag-actu","9":"tag-actu-paris","10":"tag-actualites","11":"tag-actualites-paris","12":"tag-divertissement","13":"tag-eu","14":"tag-europe","15":"tag-fr","16":"tag-france","17":"tag-humour","18":"tag-ile-de-france","19":"tag-loisirs","20":"tag-news","21":"tag-news-paris","22":"tag-paris","23":"tag-paris-news","24":"tag-republique-francaise","25":"tag-spectacle"},"share_on_mastodon":{"url":"https:\/\/pubeurope.com\/@fr\/114754581009196757","error":""},"_links":{"self":[{"href":"https:\/\/www.europesays.com\/fr\/wp-json\/wp\/v2\/posts\/207973","targetHints":{"allow":["GET"]}}],"collection":[{"href":"https:\/\/www.europesays.com\/fr\/wp-json\/wp\/v2\/posts"}],"about":[{"href":"https:\/\/www.europesays.com\/fr\/wp-json\/wp\/v2\/types\/post"}],"author":[{"embeddable":true,"href":"https:\/\/www.europesays.com\/fr\/wp-json\/wp\/v2\/users\/2"}],"replies":[{"embeddable":true,"href":"https:\/\/www.europesays.com\/fr\/wp-json\/wp\/v2\/comments?post=207973"}],"version-history":[{"count":0,"href":"https:\/\/www.europesays.com\/fr\/wp-json\/wp\/v2\/posts\/207973\/revisions"}],"wp:featuredmedia":[{"embeddable":true,"href":"https:\/\/www.europesays.com\/fr\/wp-json\/wp\/v2\/media\/207974"}],"wp:attachment":[{"href":"https:\/\/www.europesays.com\/fr\/wp-json\/wp\/v2\/media?parent=207973"}],"wp:term":[{"taxonomy":"category","embeddable":true,"href":"https:\/\/www.europesays.com\/fr\/wp-json\/wp\/v2\/categories?post=207973"},{"taxonomy":"post_tag","embeddable":true,"href":"https:\/\/www.europesays.com\/fr\/wp-json\/wp\/v2\/tags?post=207973"}],"curies":[{"name":"wp","href":"https:\/\/api.w.org\/{rel}","templated":true}]}}