{"id":207981,"date":"2025-06-27T09:21:15","date_gmt":"2025-06-27T09:21:15","guid":{"rendered":"https:\/\/www.europesays.com\/fr\/207981\/"},"modified":"2025-06-27T09:21:15","modified_gmt":"2025-06-27T09:21:15","slug":"une-attaque-de-drone-ukrainien-blesse-un-journaliste-chinois","status":"publish","type":"post","link":"https:\/\/www.europesays.com\/fr\/207981\/","title":{"rendered":"une attaque de drone ukrainien blesse un journaliste chinois"},"content":{"rendered":"<p class=\"fig-paragraph\">Un journaliste de la cha\u00eene de t\u00e9l\u00e9vision chinoise Phoenix TV, affili\u00e9e \u00e0 l&rsquo;\u00c9tat chinois, a \u00e9t\u00e9 bless\u00e9 dans une attaque de\u00a0<a href=\"http:\/\/www.lefigaro.fr\/international\/guerre-en-ukraine-la-russie-confirme-que-plusieurs-de-ses-avions-militaires-ont-pris-feu-apres-une-attaque-de-drones-ukrainiens-20250601\" target=\"_blank\" data-fig-type=\"NewsFlash\" rel=\"noopener\" data-gtm-custom-categorie=\"navigation\" data-gtm-custom-action=\"crossclick\" data-gtm-custom-label=\"Contextuel\" data-gtm-event=\"customEventSPE\" data-fig-domain=\"LEFIGARO\">drone ukrainien<\/a>\u00a0lors d&rsquo;un reportage dans la r\u00e9gion russe de Koursk, a annonc\u00e9 vendredi ce m\u00e9dia. Lu Yuguang a \u00e9t\u00e9 \u00abbless\u00e9 \u00e0 la t\u00eate\u00bb jeudi et hospitalis\u00e9, a pr\u00e9cis\u00e9 cette source.<\/p>\n<p class=\"fig-paragraph\">Le minist\u00e8re russe des Affaires \u00e9trang\u00e8res a indiqu\u00e9 que le journaliste se trouvait dans la localit\u00e9 de Korenevo, pr\u00e8s de la fronti\u00e8re ukrainienne, au moment de la frappe. Il a accus\u00e9\u00a0<a href=\"http:\/\/www.lefigaro.fr\/flash-actu\/guerre-en-ukraine-kiev-accuse-moscou-de-lui-avoir-remis-20-corps-de-soldats-russes-au-lieu-de-militaires-ukrainiens-20250621\" target=\"_blank\" data-fig-type=\"NewsFlash\" rel=\"noopener\" data-gtm-custom-categorie=\"navigation\" data-gtm-custom-action=\"crossclick\" data-gtm-custom-label=\"Contextuel\" data-gtm-event=\"customEventSPE\" data-fig-domain=\"LEFIGARO\">Kiev<\/a>\u00a0d&rsquo;\u00abattaque d\u00e9lib\u00e9r\u00e9e\u00bb.<\/p>\n<p class=\"fig-paragraph\">La t\u00e9l\u00e9vision d&rsquo;\u00c9tat russe a diffus\u00e9 vendredi des images du reporter portant un bandage autour de la t\u00eate. Le minist\u00e8re chinois des Affaires \u00e9trang\u00e8res a d\u00e9clar\u00e9 que P\u00e9kin \u00e9tait \u00abprofond\u00e9ment pr\u00e9occup\u00e9\u00bb par le fait qu&rsquo;un journaliste chinois avait \u00e9t\u00e9 bless\u00e9.<\/p>\n<p class=\"fig-paragraph\">\u00abLa partie chinoise appelle toutes les parties \u00e0 s&rsquo;engager dans une r\u00e9solution politique de la crise ukrainienne et \u00e0 travailler conjointement pour apaiser les tensions,\u00bb a d\u00e9clar\u00e9 le porte-parole Guo Jiakun.<\/p>\n<p class=\"fig-paragraph\">La Chine se pr\u00e9sente officiellement comme neutre face \u00e0 l&rsquo;<a href=\"http:\/\/www.lefigaro.fr\/actualite-france\/le-patron-de-la-gendarmerie-n-exclut-pas-un-conflit-arme-sur-le-sol-francais-lie-a-la-guerre-en-ukraine-20250128\" target=\"_blank\" data-fig-type=\"Article\" rel=\"noopener\" data-gtm-custom-categorie=\"navigation\" data-gtm-custom-action=\"crossclick\" data-gtm-custom-label=\"Contextuel\" data-gtm-event=\"customEventSPE\" data-fig-domain=\"LEFIGARO\">invasion russe de l&rsquo;Ukraine<\/a>, mais plusieurs gouvernements alli\u00e9s de Kiev estiment que P\u00e9kin apporte \u00e0 Moscou un soutien \u00e9conomique et diplomatique crucial.<\/p>\n","protected":false},"excerpt":{"rendered":"Un journaliste de la cha\u00eene de t\u00e9l\u00e9vision chinoise Phoenix TV, affili\u00e9e \u00e0 l&rsquo;\u00c9tat chinois, a \u00e9t\u00e9 bless\u00e9 dans&hellip;\n","protected":false},"author":2,"featured_media":207982,"comment_status":"","ping_status":"","sticky":false,"template":"","format":"standard","meta":{"footnotes":""},"categories":[1590],"tags":[259,11,260,564,1777,674,131,14,261,12,262,220],"class_list":{"0":"post-207981","1":"post","2":"type-post","3":"status-publish","4":"format-standard","5":"has-post-thumbnail","7":"category-ukraine","8":"tag-actualite-internationale","9":"tag-actualites","10":"tag-affaires-etrangeres","11":"tag-drone","12":"tag-eu","13":"tag-europe","14":"tag-guerre-en-ukraine","15":"tag-international","16":"tag-ministere-des-affaires-etrangeres","17":"tag-news","18":"tag-politique-etrangere","19":"tag-ukraine"},"share_on_mastodon":{"url":"https:\/\/pubeurope.com\/@fr\/114754596547072683","error":""},"_links":{"self":[{"href":"https:\/\/www.europesays.com\/fr\/wp-json\/wp\/v2\/posts\/207981","targetHints":{"allow":["GET"]}}],"collection":[{"href":"https:\/\/www.europesays.com\/fr\/wp-json\/wp\/v2\/posts"}],"about":[{"href":"https:\/\/www.europesays.com\/fr\/wp-json\/wp\/v2\/types\/post"}],"author":[{"embeddable":true,"href":"https:\/\/www.europesays.com\/fr\/wp-json\/wp\/v2\/users\/2"}],"replies":[{"embeddable":true,"href":"https:\/\/www.europesays.com\/fr\/wp-json\/wp\/v2\/comments?post=207981"}],"version-history":[{"count":0,"href":"https:\/\/www.europesays.com\/fr\/wp-json\/wp\/v2\/posts\/207981\/revisions"}],"wp:featuredmedia":[{"embeddable":true,"href":"https:\/\/www.europesays.com\/fr\/wp-json\/wp\/v2\/media\/207982"}],"wp:attachment":[{"href":"https:\/\/www.europesays.com\/fr\/wp-json\/wp\/v2\/media?parent=207981"}],"wp:term":[{"taxonomy":"category","embeddable":true,"href":"https:\/\/www.europesays.com\/fr\/wp-json\/wp\/v2\/categories?post=207981"},{"taxonomy":"post_tag","embeddable":true,"href":"https:\/\/www.europesays.com\/fr\/wp-json\/wp\/v2\/tags?post=207981"}],"curies":[{"name":"wp","href":"https:\/\/api.w.org\/{rel}","templated":true}]}}