{"id":207987,"date":"2025-06-27T09:24:11","date_gmt":"2025-06-27T09:24:11","guid":{"rendered":"https:\/\/www.europesays.com\/fr\/207987\/"},"modified":"2025-06-27T09:24:11","modified_gmt":"2025-06-27T09:24:11","slug":"lallemagne-envisage-de-relever-progressivement-le-salaire-minimum-a-1460-euros-de-lheure","status":"publish","type":"post","link":"https:\/\/www.europesays.com\/fr\/207987\/","title":{"rendered":"L&rsquo;Allemagne envisage de relever progressivement le salaire minimum \u00e0 14,60 euros de l&rsquo;heure"},"content":{"rendered":"<p>L&rsquo;Allemagne s&rsquo;appr\u00eate \u00e0 augmenter progressivement son salaire minimum horaire \u00e0 14,60\u00a0euros (17,11\u00a0$) d&rsquo;ici 2027, contre 12,82\u00a0euros actuellement, selon les propositions d&rsquo;une commission gouvernementale publi\u00e9es vendredi.<\/p>\n<p>Dans un premier temps, le salaire minimum devrait passer \u00e0 13,90\u00a0euros d\u00e8s le d\u00e9but de l&rsquo;ann\u00e9e 2026.<\/p>\n<p>La proposition \u00e9mane d&rsquo;une commission compos\u00e9e de repr\u00e9sentants des employeurs et des syndicats, et doit \u00eatre mise en \u0153uvre par le minist\u00e8re du Travail.<\/p>\n<p>Avec ces changements, la plus grande \u00e9conomie de la zone euro verrait les travailleurs percevoir en moyenne pr\u00e8s de 2\u00a0500\u00a0euros par mois \u00e0 partir de 2024.<\/p>\n<p>Le pays d\u00e9tiendrait alors le deuxi\u00e8me salaire minimum le plus \u00e9lev\u00e9 de l&rsquo;Union europ\u00e9enne, juste derri\u00e8re le Luxembourg, o\u00f9 le minimum mensuel atteint 2\u00a0638\u00a0euros, selon les donn\u00e9es d&rsquo;Eurostat pour 2025.<\/p>\n<p>Trois autres pays de l&rsquo;UE disposent d&rsquo;un salaire minimum national sup\u00e9rieur \u00e0 2\u00a0000\u00a0euros par mois\u00a0: la Belgique, les Pays-Bas et l&rsquo;Irlande.<\/p>\n<p>(1\u00a0$ = 0,8535\u00a0euros)<\/p>\n","protected":false},"excerpt":{"rendered":"L&rsquo;Allemagne s&rsquo;appr\u00eate \u00e0 augmenter progressivement son salaire minimum horaire \u00e0 14,60\u00a0euros (17,11\u00a0$) d&rsquo;ici 2027, contre 12,82\u00a0euros actuellement, selon&hellip;\n","protected":false},"author":2,"featured_media":207988,"comment_status":"","ping_status":"","sticky":false,"template":"","format":"standard","meta":{"footnotes":""},"categories":[1587],"tags":[11,672,340,1804,1805,1803,1777,674,1801,12,1802],"class_list":{"0":"post-207987","1":"post","2":"type-post","3":"status-publish","4":"format-standard","5":"has-post-thumbnail","7":"category-allemagne","8":"tag-actualites","9":"tag-allemagne","10":"tag-bourse","11":"tag-bundesrepublik-deutschland","12":"tag-de","13":"tag-deutschland","14":"tag-eu","15":"tag-europe","16":"tag-germany","17":"tag-news","18":"tag-republique-federale-dallemagne"},"share_on_mastodon":{"url":"https:\/\/pubeurope.com\/@fr\/114754608352132514","error":""},"_links":{"self":[{"href":"https:\/\/www.europesays.com\/fr\/wp-json\/wp\/v2\/posts\/207987","targetHints":{"allow":["GET"]}}],"collection":[{"href":"https:\/\/www.europesays.com\/fr\/wp-json\/wp\/v2\/posts"}],"about":[{"href":"https:\/\/www.europesays.com\/fr\/wp-json\/wp\/v2\/types\/post"}],"author":[{"embeddable":true,"href":"https:\/\/www.europesays.com\/fr\/wp-json\/wp\/v2\/users\/2"}],"replies":[{"embeddable":true,"href":"https:\/\/www.europesays.com\/fr\/wp-json\/wp\/v2\/comments?post=207987"}],"version-history":[{"count":0,"href":"https:\/\/www.europesays.com\/fr\/wp-json\/wp\/v2\/posts\/207987\/revisions"}],"wp:featuredmedia":[{"embeddable":true,"href":"https:\/\/www.europesays.com\/fr\/wp-json\/wp\/v2\/media\/207988"}],"wp:attachment":[{"href":"https:\/\/www.europesays.com\/fr\/wp-json\/wp\/v2\/media?parent=207987"}],"wp:term":[{"taxonomy":"category","embeddable":true,"href":"https:\/\/www.europesays.com\/fr\/wp-json\/wp\/v2\/categories?post=207987"},{"taxonomy":"post_tag","embeddable":true,"href":"https:\/\/www.europesays.com\/fr\/wp-json\/wp\/v2\/tags?post=207987"}],"curies":[{"name":"wp","href":"https:\/\/api.w.org\/{rel}","templated":true}]}}