{"id":207989,"date":"2025-06-27T09:25:11","date_gmt":"2025-06-27T09:25:11","guid":{"rendered":"https:\/\/www.europesays.com\/fr\/207989\/"},"modified":"2025-06-27T09:25:11","modified_gmt":"2025-06-27T09:25:11","slug":"le-ministre-des-affaires-etrangeres-en-europe-la-semaine-prochaine","status":"publish","type":"post","link":"https:\/\/www.europesays.com\/fr\/207989\/","title":{"rendered":"le ministre des Affaires \u00e9trang\u00e8res en Europe la semaine prochaine"},"content":{"rendered":"<p>\u00c0 Bruxelles, le plus haut diplomate chinois se r\u00e9unira avec la cheffe de la diplomatie europ\u00e9enne Kaja Kallas pour un \u00abdialogue strat\u00e9gique de haut niveau Chine-UE\u00bb, a d\u00e9clar\u00e9 ce vendredi le porte-parole de la diplomatie chinoise.<\/p>\n<p class=\"fig-paragraph\">La\u00a0<a href=\"http:\/\/www.lefigaro.fr\/conjoncture\/terres-rares-les-etats-unis-ont-valide-l-accord-avec-la-chine-dit-trump-20250627\" target=\"_blank\" data-fig-type=\"NewsFlash\" rel=\"noopener\" data-gtm-custom-categorie=\"navigation\" data-gtm-custom-action=\"crossclick\" data-gtm-custom-label=\"Contextuel\" data-gtm-event=\"customEventSPE\" data-fig-domain=\"LEFIGARO\">Chine<\/a>\u00a0a annonc\u00e9 vendredi que son ministre des Affaires \u00e9trang\u00e8res, Wang Yi, se rendrait la semaine prochaine en Europe pour s&rsquo;entretenir avec ses homologues fran\u00e7ais, belge et allemand, ainsi que la cheffe de la diplomatie de l&rsquo;Union europ\u00e9enne.<\/p>\n<p class=\"fig-paragraph\">\u00c0 Bruxelles, le plus haut diplomate chinois se r\u00e9unira avec la cheffe de la diplomatie europ\u00e9enne\u00a0<a href=\"http:\/\/www.lefigaro.fr\/international\/kaja-kallas-la-russie-a-ete-humiliee-en-syrie-20241212\" target=\"_blank\" data-fig-type=\"Article\" rel=\"noopener\" data-gtm-custom-categorie=\"navigation\" data-gtm-custom-action=\"crossclick\" data-gtm-custom-label=\"Contextuel\" data-gtm-event=\"customEventSPE\" data-fig-domain=\"LEFIGARO\">Kaja Kallas<\/a>\u00a0pour un \u00abdialogue strat\u00e9gique de haut niveau Chine-UE\u00bb, a d\u00e9clar\u00e9 lors d&rsquo;une r\u00e9union d&rsquo;information le porte-parole du minist\u00e8re chinois des Affaires \u00e9trang\u00e8res Guo Jiakun.<\/p>\n<p class=\"fig-paragraph\">Une rencontre est \u00e9galement pr\u00e9vue avec le Premier ministre belge Bart De Wever et son ministre des Affaires \u00e9trang\u00e8res Maxime Pr\u00e9vot.<\/p>\n<p class=\"fig-paragraph\">M. Wang se rendra aussi en Allemagne et en France o\u00f9 il rencontrera ses homologues respectifs, Johann Wadephul, et<a href=\"http:\/\/www.lefigaro.fr\/politique\/qu-attendez-vous-pour-agir-philippe-juvin-exhorte-jean-noel-barrot-a-aider-les-ressortissants-francais-coinces-en-israel-20250618\" target=\"_blank\" data-fig-type=\"NewsFlash\" rel=\"noopener\" data-gtm-custom-categorie=\"navigation\" data-gtm-custom-action=\"crossclick\" data-gtm-custom-label=\"Contextuel\" data-gtm-event=\"customEventSPE\" data-fig-domain=\"LEFIGARO\">\u00a0Jean-No\u00ebl Barrot<\/a>, pour des discussions portant sur la diplomatie et la s\u00e9curit\u00e9.<\/p>\n","protected":false},"excerpt":{"rendered":"\u00c0 Bruxelles, le plus haut diplomate chinois se r\u00e9unira avec la cheffe de la diplomatie europ\u00e9enne Kaja Kallas&hellip;\n","protected":false},"author":2,"featured_media":207990,"comment_status":"","ping_status":"","sticky":false,"template":"","format":"standard","meta":{"footnotes":""},"categories":[1586],"tags":[259,11,260,309,1777,674,1011,27,14,261,12,262,25,1778],"class_list":{"0":"post-207989","1":"post","2":"type-post","3":"status-publish","4":"format-standard","5":"has-post-thumbnail","7":"category-europe","8":"tag-actualite-internationale","9":"tag-actualites","10":"tag-affaires-etrangeres","11":"tag-chine","12":"tag-eu","13":"tag-europe","14":"tag-fr","15":"tag-france","16":"tag-international","17":"tag-ministere-des-affaires-etrangeres","18":"tag-news","19":"tag-politique-etrangere","20":"tag-republique-francaise","21":"tag-ue"},"share_on_mastodon":{"url":"https:\/\/pubeurope.com\/@fr\/114754612384511410","error":""},"_links":{"self":[{"href":"https:\/\/www.europesays.com\/fr\/wp-json\/wp\/v2\/posts\/207989","targetHints":{"allow":["GET"]}}],"collection":[{"href":"https:\/\/www.europesays.com\/fr\/wp-json\/wp\/v2\/posts"}],"about":[{"href":"https:\/\/www.europesays.com\/fr\/wp-json\/wp\/v2\/types\/post"}],"author":[{"embeddable":true,"href":"https:\/\/www.europesays.com\/fr\/wp-json\/wp\/v2\/users\/2"}],"replies":[{"embeddable":true,"href":"https:\/\/www.europesays.com\/fr\/wp-json\/wp\/v2\/comments?post=207989"}],"version-history":[{"count":0,"href":"https:\/\/www.europesays.com\/fr\/wp-json\/wp\/v2\/posts\/207989\/revisions"}],"wp:featuredmedia":[{"embeddable":true,"href":"https:\/\/www.europesays.com\/fr\/wp-json\/wp\/v2\/media\/207990"}],"wp:attachment":[{"href":"https:\/\/www.europesays.com\/fr\/wp-json\/wp\/v2\/media?parent=207989"}],"wp:term":[{"taxonomy":"category","embeddable":true,"href":"https:\/\/www.europesays.com\/fr\/wp-json\/wp\/v2\/categories?post=207989"},{"taxonomy":"post_tag","embeddable":true,"href":"https:\/\/www.europesays.com\/fr\/wp-json\/wp\/v2\/tags?post=207989"}],"curies":[{"name":"wp","href":"https:\/\/api.w.org\/{rel}","templated":true}]}}