{"id":207991,"date":"2025-06-27T09:26:14","date_gmt":"2025-06-27T09:26:14","guid":{"rendered":"https:\/\/www.europesays.com\/fr\/207991\/"},"modified":"2025-06-27T09:26:14","modified_gmt":"2025-06-27T09:26:14","slug":"les-ventes-de-tesla-dans-lunion-europeenne-continuent-de-baisser-les-concurrents-chinois-intensifient-les-defis-sur-le-marche","status":"publish","type":"post","link":"https:\/\/www.europesays.com\/fr\/207991\/","title":{"rendered":"Les ventes de Tesla dans l&rsquo;Union europ\u00e9enne continuent de baisser, les concurrents chinois intensifient les d\u00e9fis sur le march\u00e9."},"content":{"rendered":"\n<p>Malgr\u00e9 la croissance globale du march\u00e9 des voitures \u00e9lectriques dans l&rsquo;Union europ\u00e9enne, Tesla continue de subir des revers en termes de volume de vente. Selon les derni\u00e8res donn\u00e9es de l&rsquo;Association des constructeurs automobiles europ\u00e9ens (ACEA), les nouvelles immatriculations de Tesla dans l&rsquo;Union europ\u00e9enne ont chut\u00e9 de 40,5 % en mai par rapport \u00e0 l&rsquo;ann\u00e9e pr\u00e9c\u00e9dente, avec seulement 8 729 v\u00e9hicules vendus. En incluant des pays non membres de l&rsquo;UE tels que le Royaume-Uni, la Norv\u00e8ge et la Suisse, le volume de vente a tout de m\u00eame diminu\u00e9 de 28 %, totalisant 13 863 v\u00e9hicules. Cette performance souligne la faiblesse persistante de Tesla sur le march\u00e9 europ\u00e9en cette ann\u00e9e, tout en mettant en \u00e9vidence la pression concurrentielle exerc\u00e9e par l&rsquo;essor des fabricants chinois de voitures \u00e9lectriques.<\/p>\n<p>Le rapport de l&rsquo;ACEA indique qu&rsquo;en mai, le march\u00e9 des voitures \u00e9lectriques de l&rsquo;Union europ\u00e9enne a globalement continu\u00e9 de cro\u00eetre, avec une demande des consommateurs pour les mod\u00e8les de voiture \u00e0 nouvelle \u00e9nergie en augmentation constante. Cependant, les ventes de Tesla ont chut\u00e9 \u00e0 contre-courant, contrastant fortement avec ses performances sur d&rsquo;autres march\u00e9s mondiaux. Les analystes estiment que les difficult\u00e9s de Tesla en Europe sont en partie dues \u00e0 son cycle de mise \u00e0 jour des produits relativement long, tandis que ses concurrents acc\u00e9l\u00e8rent le lancement de nouveaux mod\u00e8les de voiture offrant un meilleur rapport prix-performance.<\/p>\n<p>     <img decoding=\"async\" src=\"https:\/\/www.europesays.com\/fr\/wp-content\/uploads\/2025\/06\/loaded_error_icon.png\" data-webp=\"https:\/\/global-img.bitauto.com\/usercenter\/yhzx\/20250626\/117\/w1200_yichecar_092573711788131.jpg.webp\" data-original=\"https:\/\/global-img.bitauto.com\/yhzx\/20250626\/117\/092573711788131.jpg\" onerror=\"loadImageError(this)\" class=\"lazyload\" alt=\"\"\/>     <\/p>\n<p>De plus, la fluctuation de la capacit\u00e9 de production de la Super Factory de Tesla \u00e0 Berlin, en Allemagne, a \u00e9galement affect\u00e9 la capacit\u00e9 de livraison. Bien que cette usine vise \u00e0 am\u00e9liorer l&rsquo;approvisionnement local de Tesla en Europe, les r\u00e9cents ajustements de la ligne de production et les probl\u00e8mes de cha\u00eene d&rsquo;approvisionnement ont entra\u00een\u00e9 des retards dans certaines commandes, ce qui a encore frein\u00e9 les performances de vente.<\/p>\n<p>Tesla fait face \u00e0 un autre d\u00e9fi en Europe, provenant de l&rsquo;offensive des fabricants chinois de voitures \u00e9lectriques. Des marques comme BYD et SAIC MG ont rapidement gagn\u00e9 la faveur des consommateurs europ\u00e9ens gr\u00e2ce \u00e0 leur avantage de prix et \u00e0 une gamme de mod\u00e8les bien d\u00e9velopp\u00e9e. Prenons l&rsquo;exemple de BYD, dont le volume de vente en mai dans l&rsquo;Union europ\u00e9enne a presque doubl\u00e9 par rapport \u00e0 l&rsquo;ann\u00e9e pr\u00e9c\u00e9dente, avec plusieurs mod\u00e8les figurant parmi les best-sellers.<\/p>\n<p>Les experts du secteur soulignent que les marques chinoises ont progressivement atteint le niveau de Tesla en termes de configuration intelligente et d&rsquo;endurance, tandis que des prix plus abordables leur permettent de prendre l&rsquo;initiative sur le march\u00e9 interm\u00e9diaire. Parall\u00e8lement, les constructeurs automobiles europ\u00e9ens tels que Volkswagen et BMW acc\u00e9l\u00e8rent leur transition vers l&rsquo;\u00e9lectrification, ce qui r\u00e9duit davantage l&rsquo;espace de march\u00e9 de Tesla.<\/p>\n<p>Afin de renverser la tendance, Tesla a r\u00e9cemment lanc\u00e9 plusieurs mesures promotionnelles en Europe, notamment des r\u00e9ductions sur l&rsquo;achat de voiture et des pr\u00eats \u00e0 faible taux d&rsquo;int\u00e9r\u00eat. La soci\u00e9t\u00e9 pr\u00e9voit \u00e9galement d&rsquo;acc\u00e9l\u00e9rer le rythme de livraison de la version r\u00e9nov\u00e9e du Model 3 et du Cybertruck pour stimuler la demande. Cependant, les observateurs du march\u00e9 estiment que si Tesla ne parvient pas \u00e0 r\u00e9aliser des avanc\u00e9es en mati\u00e8re d&rsquo;innovation de mod\u00e8les et de services localis\u00e9s, sa part de march\u00e9 en Europe risque de continuer \u00e0 diminuer.<\/p>\n<p>Alors que l&rsquo;Union europ\u00e9enne s&rsquo;approche de l&rsquo;interdiction de la vente de v\u00e9hicules \u00e0 essence en 2035, la concurrence sur le march\u00e9 des voitures \u00e9lectriques deviendra encore plus intense. La capacit\u00e9 de Tesla \u00e0 redynamiser ses performances en Europe d\u00e9pendra non seulement de sa capacit\u00e9 de production et de sa strat\u00e9gie de prix, mais aussi de sa capacit\u00e9 \u00e0 faire face \u00e0 l&rsquo;assaut complet des marques chinoises et europ\u00e9ennes locales.<\/p>\n","protected":false},"excerpt":{"rendered":"Malgr\u00e9 la croissance globale du march\u00e9 des voitures \u00e9lectriques dans l&rsquo;Union europ\u00e9enne, Tesla continue de subir des revers&hellip;\n","protected":false},"author":2,"featured_media":207992,"comment_status":"","ping_status":"","sticky":false,"template":"","format":"standard","meta":{"footnotes":""},"categories":[1586],"tags":[11,1777,674,1779,1011,27,12,25,320,1778,364],"class_list":{"0":"post-207991","1":"post","2":"type-post","3":"status-publish","4":"format-standard","5":"has-post-thumbnail","7":"category-europe","8":"tag-actualites","9":"tag-eu","10":"tag-europe","11":"tag-european-union","12":"tag-fr","13":"tag-france","14":"tag-news","15":"tag-republique-francaise","16":"tag-tesla","17":"tag-ue","18":"tag-union-europeenne"},"share_on_mastodon":{"url":"https:\/\/pubeurope.com\/@fr\/114754616262920474","error":""},"_links":{"self":[{"href":"https:\/\/www.europesays.com\/fr\/wp-json\/wp\/v2\/posts\/207991","targetHints":{"allow":["GET"]}}],"collection":[{"href":"https:\/\/www.europesays.com\/fr\/wp-json\/wp\/v2\/posts"}],"about":[{"href":"https:\/\/www.europesays.com\/fr\/wp-json\/wp\/v2\/types\/post"}],"author":[{"embeddable":true,"href":"https:\/\/www.europesays.com\/fr\/wp-json\/wp\/v2\/users\/2"}],"replies":[{"embeddable":true,"href":"https:\/\/www.europesays.com\/fr\/wp-json\/wp\/v2\/comments?post=207991"}],"version-history":[{"count":0,"href":"https:\/\/www.europesays.com\/fr\/wp-json\/wp\/v2\/posts\/207991\/revisions"}],"wp:featuredmedia":[{"embeddable":true,"href":"https:\/\/www.europesays.com\/fr\/wp-json\/wp\/v2\/media\/207992"}],"wp:attachment":[{"href":"https:\/\/www.europesays.com\/fr\/wp-json\/wp\/v2\/media?parent=207991"}],"wp:term":[{"taxonomy":"category","embeddable":true,"href":"https:\/\/www.europesays.com\/fr\/wp-json\/wp\/v2\/categories?post=207991"},{"taxonomy":"post_tag","embeddable":true,"href":"https:\/\/www.europesays.com\/fr\/wp-json\/wp\/v2\/tags?post=207991"}],"curies":[{"name":"wp","href":"https:\/\/api.w.org\/{rel}","templated":true}]}}