{"id":208000,"date":"2025-06-27T09:31:11","date_gmt":"2025-06-27T09:31:11","guid":{"rendered":"https:\/\/www.europesays.com\/fr\/208000\/"},"modified":"2025-06-27T09:31:11","modified_gmt":"2025-06-27T09:31:11","slug":"la-linv-annonce-changements-de-formats-des-competitions","status":"publish","type":"post","link":"https:\/\/www.europesays.com\/fr\/208000\/","title":{"rendered":"La LiNV annonce Changements de formats des comp\u00e9titions"},"content":{"rendered":"<p>\u00c9lu en septembre dernier pr\u00e9sident de la Ligue nationale de volley-ball, Jean Azema avait promis de nouvelles orientations et des r\u00e9formes, dans l&rsquo;organisation des trois championnats professionnels.<\/p>\n<p>Un changement de m\u00e9thode visant \u00e0 notamment \u00e0 all\u00e9ger le cahier des charges de la licence club, mais \u00e9galement \u00e0 r\u00e9viser des formules de comp\u00e9titions, dans le but de les rendre plus visibles et \u00e9quitables.<\/p>\n<p>La fin du set en or<\/p>\n<p>C&rsquo;est ainsi que le set en or (qui avait pour rappel, permis de sacrer en 2024 Saint-Nazaire et Cannes face \u00e0 Tours et Ajaccio \u00e9galement promu par ce biais) tr\u00e8s d\u00e9cri\u00e9 sera supprim\u00e9 pour d\u00e9partager en cas d&rsquo;\u00e9galit\u00e9 les deux finalistes, au sein d&rsquo;une phase finale (play-offs) dont les s\u00e9ries seront en quarts, demies et finale, simplifi\u00e9es avec un format au meilleur des trois rencontres.<\/p>\n<p>Concernant la qualification pour les play-offs, le changement viendra d&rsquo;un format permettant au sein de l&rsquo;\u00e9lite masculine et f\u00e9minine d&rsquo;y acc\u00e9der non plus en \u00e9tant class\u00e9 parmi les huit premiers mais les six, ce qui ouvrira une porte pour les clubs class\u00e9s de la septi\u00e8me \u00e0 la dixi\u00e8me place dans le but &#8211; apr\u00e8s un match aller-retour entre le 7 et le 10 et le 8 et le 9 &#8211; de compl\u00e9ter le top huit. D\u00e9nomm\u00e9s play-in, ils viendront pimenter une fin de saison o\u00f9 les \u00e9quipes class\u00e9es de 11 \u00e0 13 seront maintenues, tandis que le 14e descendra en Ligue B.<\/p>\n<p>Une antichambre de l&rsquo;\u00e9lite, qui verra par contre les play-offs dispara\u00eetre, puisque le champion de la phase r\u00e9guli\u00e8re acc\u00e9dera directement.<\/p>\n<p>\u00c0 noter que la d\u00e9nomination des championnats \u00e9voluera avec d\u00e9sormais une D1 et une D2 en ce qui concerne des deux niveaux professionnels.\u00a0<\/p>\n","protected":false},"excerpt":{"rendered":"\u00c9lu en septembre dernier pr\u00e9sident de la Ligue nationale de volley-ball, Jean Azema avait promis de nouvelles orientations&hellip;\n","protected":false},"author":2,"featured_media":208001,"comment_status":"","ping_status":"","sticky":false,"template":"","format":"standard","meta":{"footnotes":""},"categories":[1417],"tags":[17,2562,34703,154,34704,1011,27,3022,4361,60,1470,1632,1469],"class_list":{"0":"post-208000","1":"post","2":"type-post","3":"status-publish","4":"format-standard","5":"has-post-thumbnail","7":"category-volley","8":"tag-17","9":"tag-annonce","10":"tag-changements","11":"tag-des","12":"tag-formats","13":"tag-fr","14":"tag-france","15":"tag-ligue","16":"tag-nationale","17":"tag-sports","18":"tag-volley","19":"tag-volley-ball","20":"tag-volleyball"},"share_on_mastodon":{"url":"https:\/\/pubeurope.com\/@fr\/114754635935349225","error":""},"_links":{"self":[{"href":"https:\/\/www.europesays.com\/fr\/wp-json\/wp\/v2\/posts\/208000","targetHints":{"allow":["GET"]}}],"collection":[{"href":"https:\/\/www.europesays.com\/fr\/wp-json\/wp\/v2\/posts"}],"about":[{"href":"https:\/\/www.europesays.com\/fr\/wp-json\/wp\/v2\/types\/post"}],"author":[{"embeddable":true,"href":"https:\/\/www.europesays.com\/fr\/wp-json\/wp\/v2\/users\/2"}],"replies":[{"embeddable":true,"href":"https:\/\/www.europesays.com\/fr\/wp-json\/wp\/v2\/comments?post=208000"}],"version-history":[{"count":0,"href":"https:\/\/www.europesays.com\/fr\/wp-json\/wp\/v2\/posts\/208000\/revisions"}],"wp:featuredmedia":[{"embeddable":true,"href":"https:\/\/www.europesays.com\/fr\/wp-json\/wp\/v2\/media\/208001"}],"wp:attachment":[{"href":"https:\/\/www.europesays.com\/fr\/wp-json\/wp\/v2\/media?parent=208000"}],"wp:term":[{"taxonomy":"category","embeddable":true,"href":"https:\/\/www.europesays.com\/fr\/wp-json\/wp\/v2\/categories?post=208000"},{"taxonomy":"post_tag","embeddable":true,"href":"https:\/\/www.europesays.com\/fr\/wp-json\/wp\/v2\/tags?post=208000"}],"curies":[{"name":"wp","href":"https:\/\/api.w.org\/{rel}","templated":true}]}}