{"id":208005,"date":"2025-06-27T09:34:18","date_gmt":"2025-06-27T09:34:18","guid":{"rendered":"https:\/\/www.europesays.com\/fr\/208005\/"},"modified":"2025-06-27T09:34:18","modified_gmt":"2025-06-27T09:34:18","slug":"lus-chauvinoise-basket-ball-a-obtenu-le-label-ffbb-citoyen","status":"publish","type":"post","link":"https:\/\/www.europesays.com\/fr\/208005\/","title":{"rendered":"l&rsquo;US Chauvinoise basket-ball a obtenu le label FFBB citoyen"},"content":{"rendered":"<p>\u00ab\u00a0Pour le club, c&rsquo;est la reconnaissance par la F\u00e9d\u00e9ration de notre engagement en termes de d\u00e9veloppement durable et de responsabilit\u00e9 soci\u00e9tale\u00a0\u00bb\u00a0: tr\u00e9sorier de <a target=\"_self\" href=\"https:\/\/www.lanouvellerepublique.fr\/chauvigny\/chauvigny-l-equipe-de-basket-ball-reussit-le-grand-chelem-en-championnat\" rel=\"noopener\">l&rsquo;US chauvinoise basketball<\/a>, \u00c9ric Guilbaud ne cache pas sa satisfaction apr\u00e8s l&rsquo;obtention du <a target=\"_self\" href=\"https:\/\/www.ffbb.com\/le-label-ffbb-citoyen-maif\" rel=\"noopener\">label FFBB citoyen<\/a>. Cette distinction, remise au gymnase de Peuron le 15\u00a0d\u00e9cembre 2024, est attribu\u00e9e pour trois ans.<\/p>\n<p>Le club travaille en relation<br \/>avec le CCAS<\/p>\n<p>La liste est longue des actions conduites par l&rsquo;USC et valoris\u00e9es par le label. \u00ab\u00a0On participe \u00e0 des \u00e9v\u00e9nements nationaux, comme Octobre rose par la vente de ballons roses et la recette du bar \u00e0 l&rsquo;occasion des matchs du week-end du T\u00e9l\u00e9thon a \u00e9t\u00e9 revers\u00e9e en faveur de l&rsquo;AFM-T\u00e9l\u00e9thon\u00a0\u00bb, d\u00e9crit ainsi celui qui a \u00e9t\u00e9 pr\u00e9sident du club durant douze saisons. Le bar, justement, on n&rsquo;y trouve plus de canette en aluminium. \u00ab\u00a0Nous disposons de nos propres verres et on vend au verre.\u00a0\u00bb<\/p>\n<p>Pour les rencontres de jeunes, le go\u00fbter comporte davantage de produits locaux et de meilleure qualit\u00e9. Les sodas sont bannis au profit du jus de pomme des Vergers de la Molle de Chauvigny. \u00ab\u00a0Et en boisson compl\u00e9mentaire, on offre du sirop \u00e0 l&rsquo;eau\u00a0\u00bb, ajoute \u00c9ric Guilbaud, pr\u00e9cisant que \u00ab\u00a0des poubelles de tri sont install\u00e9es dans le gymnase\u00a0\u00bb.<\/p>\n<p>Le club travaille en relation\u00a0avec le CCAS pour faciliter l&rsquo;acc\u00e8s au basket \u00e0 des personnes \u00e9loign\u00e9es de l&rsquo;activit\u00e9 sportive pour\u00a0raisons financi\u00e8res. \u00ab\u00a0On propose l&rsquo;inscription gratuite pour le cr\u00e9neau loisir et on a accueilli une personne dans ce cadre-l\u00e0.\u00a0\u00bb \u00ab\u00a0Ce qu&rsquo;on voudrait mettre en place, poursuit le tr\u00e9sorier, c&rsquo;est un tarif pr\u00e9f\u00e9rentiel ou la gratuit\u00e9 de la licence en fonction du quotient familial.\u00a0\u00bb<\/p>\n<p>Cette saison, le club accueille environ 160 licenci\u00e9s, r\u00e9partis en neuf \u00e9quipes. \u00ab\u00a0Les infrastructures ne permettent pas de faire plus\u00a0\u00bb, estime \u00c9ric Guilbaud.\u00a0Mais toujours pas d&rsquo;\u00e9quipe senior f\u00e9minine malgr\u00e9 un avis de recherche lanc\u00e9 \u00e0 l&rsquo;intersaison. \u00ab\u00a0Chez les jeunes, certaines jouent en mixte.\u00a0\u00bb<\/p>\n<p>La formation en priorit\u00e9<\/p>\n<p>La formation reste justement le credo du club qui, depuis la saison 2022-2023, a recrut\u00e9 un entra\u00eeneur salari\u00e9, <a target=\"_self\" href=\"https:\/\/www.lanouvellerepublique.fr\/chauvigny\/chauvigny-le-club-de-basket-fait-le-plein-et-se-developpe\" rel=\"noopener\">Bastien Casteuble.<\/a>\u00a0\u00ab\u00a0Il s&rsquo;occupe de l&rsquo;entra\u00eenement de toutes nos \u00e9quipes jeunes, qui sont notre priorit\u00e9. Et le week-end, il coache l&rsquo;\u00e9quipe U18.\u00a0\u00bb Entra\u00eeneur des seniors et des U13, <a target=\"_self\" href=\"https:\/\/www.lanouvellerepublique.fr\/chauvigny\/rm3-justine-germanaud-une-coach-au-coeur-des-hommes-de-l-us-chauvigny-basket\" rel=\"noopener\">Justine Germanaud<\/a>, de son c\u00f4t\u00e9, est contrat d&rsquo;apprentissage Bpjeps (1).<\/p>\n<p>Sur le terrain, l&rsquo;\u00e9quipe 1, baptis\u00e9e les Eagles, invaincue en championnat d\u00e9partemental l&rsquo;an pass\u00e9, a acc\u00e9d\u00e9 \u00e0 l&rsquo;\u00e9chelon r\u00e9gional o\u00f9 elle est, \u00e0 la tr\u00eave de No\u00ebl, dans la deuxi\u00e8me moiti\u00e9 de classement. \u00ab\u00a0Il faut retrouver le rythme de ce niveau et on a deux joueurs bless\u00e9s. ?C&rsquo;est une bande de copains qui se serrent les coudes, toujours dans un bon \u00e9tat d&rsquo;esprit.\u00a0Je suis s\u00fbr que la deuxi\u00e8me partie de saison sera meilleure\u00a0\u00bb, pronostique Eric Guilbaud.<\/p>\n<p>Le bureau de l&rsquo;US Chauvinoise basket-ball. Pr\u00e9sidente, Marie Berthom\u00e9\u00a0; secr\u00e9taire, Alexandre Guilbaud\u00a0; tr\u00e9sorier, \u00c9ric Guilbaud\u00a0; tr\u00e9sorier adjoint, Andr\u00e9 Dupin.<\/p>\n<p>(1) ?Brevet professionnel de la jeunesse, de l&rsquo;\u00e9ducation populaire et du sport.<\/p>\n","protected":false},"excerpt":{"rendered":"\u00ab\u00a0Pour le club, c&rsquo;est la reconnaissance par la F\u00e9d\u00e9ration de notre engagement en termes de d\u00e9veloppement durable et&hellip;\n","protected":false},"author":2,"featured_media":208006,"comment_status":"","ping_status":"","sticky":false,"template":"","format":"standard","meta":{"footnotes":""},"categories":[1414],"tags":[1465,1464,9332,1011,27,329,60],"class_list":{"0":"post-208005","1":"post","2":"type-post","3":"status-publish","4":"format-standard","5":"has-post-thumbnail","7":"category-basket","8":"tag-basket","9":"tag-basketball","10":"tag-centrepresse","11":"tag-fr","12":"tag-france","13":"tag-france-monde","14":"tag-sports"},"share_on_mastodon":{"url":"https:\/\/pubeurope.com\/@fr\/114754647893182944","error":""},"_links":{"self":[{"href":"https:\/\/www.europesays.com\/fr\/wp-json\/wp\/v2\/posts\/208005","targetHints":{"allow":["GET"]}}],"collection":[{"href":"https:\/\/www.europesays.com\/fr\/wp-json\/wp\/v2\/posts"}],"about":[{"href":"https:\/\/www.europesays.com\/fr\/wp-json\/wp\/v2\/types\/post"}],"author":[{"embeddable":true,"href":"https:\/\/www.europesays.com\/fr\/wp-json\/wp\/v2\/users\/2"}],"replies":[{"embeddable":true,"href":"https:\/\/www.europesays.com\/fr\/wp-json\/wp\/v2\/comments?post=208005"}],"version-history":[{"count":0,"href":"https:\/\/www.europesays.com\/fr\/wp-json\/wp\/v2\/posts\/208005\/revisions"}],"wp:featuredmedia":[{"embeddable":true,"href":"https:\/\/www.europesays.com\/fr\/wp-json\/wp\/v2\/media\/208006"}],"wp:attachment":[{"href":"https:\/\/www.europesays.com\/fr\/wp-json\/wp\/v2\/media?parent=208005"}],"wp:term":[{"taxonomy":"category","embeddable":true,"href":"https:\/\/www.europesays.com\/fr\/wp-json\/wp\/v2\/categories?post=208005"},{"taxonomy":"post_tag","embeddable":true,"href":"https:\/\/www.europesays.com\/fr\/wp-json\/wp\/v2\/tags?post=208005"}],"curies":[{"name":"wp","href":"https:\/\/api.w.org\/{rel}","templated":true}]}}