{"id":208021,"date":"2025-06-27T09:43:10","date_gmt":"2025-06-27T09:43:10","guid":{"rendered":"https:\/\/www.europesays.com\/fr\/208021\/"},"modified":"2025-06-27T09:43:10","modified_gmt":"2025-06-27T09:43:10","slug":"elle-a-pris-du-temps-pour-nous-a-minuit-marine-fete-la-sortie-de-son-album-a-la-fnac-de-lille","status":"publish","type":"post","link":"https:\/\/www.europesays.com\/fr\/208021\/","title":{"rendered":"\u00ab\u00a0Elle a pris du temps pour nous\u00a0\u00bb\u00a0: \u00e0 minuit, Marine f\u00eate la sortie de son album \u00e0 la Fnac de Lille"},"content":{"rendered":"<p class=\"paragraph text_align_left lp-f-body-02\">Arriv\u00e9s pour certains d\u00e8s 21 heures, n\u2019h\u00e9sitant pas \u00e0 chanter dans la file d\u2019attente en pleine rue, les heureux \u00e9lus ont eu droit \u00e0 un showcase. \u00ab Vous allez d\u00e9couvrir quelques titres de l\u2019album, avant de pouvoir l\u2019\u00e9couter tout \u00e0 l\u2019heure \u00bb, explique Marine, tout en lisant les pancartes. Notamment une o\u00f9 une jeune femme indique avoir fait six heures de route aller-retour pour l\u2019occasion !<\/p>\n","protected":false},"excerpt":{"rendered":"Arriv\u00e9s pour certains d\u00e8s 21 heures, n\u2019h\u00e9sitant pas \u00e0 chanter dans la file d\u2019attente en pleine rue, les&hellip;\n","protected":false},"author":2,"featured_media":208022,"comment_status":"","ping_status":"","sticky":false,"template":"","format":"standard","meta":{"footnotes":""},"categories":[1355],"tags":[872,459,58,59,1011,27,1361,873],"class_list":{"0":"post-208021","1":"post","2":"type-post","3":"status-publish","4":"format-standard","5":"has-post-thumbnail","7":"category-musique","8":"tag-culture-et-loisirs","9":"tag-departements-horsidfo","10":"tag-divertissement","11":"tag-entertainment","12":"tag-fr","13":"tag-france","14":"tag-music","15":"tag-musique"},"share_on_mastodon":{"url":"https:\/\/pubeurope.com\/@fr\/114754683187898333","error":""},"_links":{"self":[{"href":"https:\/\/www.europesays.com\/fr\/wp-json\/wp\/v2\/posts\/208021","targetHints":{"allow":["GET"]}}],"collection":[{"href":"https:\/\/www.europesays.com\/fr\/wp-json\/wp\/v2\/posts"}],"about":[{"href":"https:\/\/www.europesays.com\/fr\/wp-json\/wp\/v2\/types\/post"}],"author":[{"embeddable":true,"href":"https:\/\/www.europesays.com\/fr\/wp-json\/wp\/v2\/users\/2"}],"replies":[{"embeddable":true,"href":"https:\/\/www.europesays.com\/fr\/wp-json\/wp\/v2\/comments?post=208021"}],"version-history":[{"count":0,"href":"https:\/\/www.europesays.com\/fr\/wp-json\/wp\/v2\/posts\/208021\/revisions"}],"wp:featuredmedia":[{"embeddable":true,"href":"https:\/\/www.europesays.com\/fr\/wp-json\/wp\/v2\/media\/208022"}],"wp:attachment":[{"href":"https:\/\/www.europesays.com\/fr\/wp-json\/wp\/v2\/media?parent=208021"}],"wp:term":[{"taxonomy":"category","embeddable":true,"href":"https:\/\/www.europesays.com\/fr\/wp-json\/wp\/v2\/categories?post=208021"},{"taxonomy":"post_tag","embeddable":true,"href":"https:\/\/www.europesays.com\/fr\/wp-json\/wp\/v2\/tags?post=208021"}],"curies":[{"name":"wp","href":"https:\/\/api.w.org\/{rel}","templated":true}]}}