{"id":208037,"date":"2025-06-27T09:51:09","date_gmt":"2025-06-27T09:51:09","guid":{"rendered":"https:\/\/www.europesays.com\/fr\/208037\/"},"modified":"2025-06-27T09:51:09","modified_gmt":"2025-06-27T09:51:09","slug":"un-enfant-de-2-ans-meurt-oublie-par-son-pere-dans-une-voiture-exposee-au-soleil","status":"publish","type":"post","link":"https:\/\/www.europesays.com\/fr\/208037\/","title":{"rendered":"Un enfant de 2 ans meurt oubli\u00e9 par son p\u00e8re dans une voiture expos\u00e9e au soleil"},"content":{"rendered":"<p>Un terrible drame. Jeudi apr\u00e8s-midi, un enfant de 2 ans a \u00e9t\u00e9 retrouv\u00e9 mort dans une voiture dans les <a href=\"https:\/\/www.20minutes.fr\/dossier\/bouches-rhone\" class=\"color-ultramarine c-link\" target=\"_blank\" rel=\"noopener\">Bouches-du-Rh\u00f4ne<\/a> car il avait <a href=\"https:\/\/www.20minutes.fr\/monde\/espagne\/4154765-20250521-espagne-enfant-meurt-apres-avoir-oublie-voiture-plein-soleil-pere-arrete\" class=\"color-ultramarine c-link\" target=\"_blank\" rel=\"noopener\">\u00e9t\u00e9 oubli\u00e9 par son p\u00e8re<\/a>.<\/p>\n<p>Selon une source proche du dossier, le petit gar\u00e7on a \u00e9t\u00e9 retrouv\u00e9 en arr\u00eat cardio-respiratoire peu avant 16 heures. Il se trouvait \u00e0 bord d\u2019un v\u00e9hicule stationn\u00e9 sur un parking dans l\u2019enceinte de la base militaire, o\u00f9 le p\u00e8re de l\u2019enfant travaillait. Le procureur n\u2019a pas pr\u00e9cis\u00e9 le statut, civil ou militaire, de ce dernier.<\/p>\n<p>Une enqu\u00eate ouverte<\/p>\n<p>\u00ab\u00a0L\u2019enfant est mort apr\u00e8s avoir \u00e9t\u00e9 oubli\u00e9 dans la voiture expos\u00e9e au soleil et \u00e0 la chaleur\u00a0\u00bb, a pr\u00e9cis\u00e9 le procureur d\u2019<a href=\"https:\/\/www.20minutes.fr\/dossier\/aix-provence\" class=\"color-ultramarine c-link\" target=\"_blank\" rel=\"noopener\">Aix-en-Provence<\/a>, Jean-Luc Blachon, \u00e9voquant \u00ab\u00a0avant tout un drame\u00a0\u00bb. Une enqu\u00eate a \u00e9t\u00e9 ouverte pour homicide involontaire et le p\u00e8re de l\u2019enfant a \u00e9t\u00e9 plac\u00e9 en garde \u00e0 vue.<\/p>\n<p>Selon<a href=\"https:\/\/www.20minutes.fr\/dossier\/meteo_france\" class=\"color-ultramarine c-link\" target=\"_blank\" rel=\"noopener\"> M\u00e9t\u00e9o-France<\/a>, le thermom\u00e8tre est mont\u00e9 jusqu\u2019\u00e0 36\u00a0\u00b0C jeudi \u00e0 Istres. A partir de vendredi midi, les Bouches-du-Rh\u00f4ne ont \u00e9t\u00e9 plac\u00e9es en <a href=\"https:\/\/www.20minutes.fr\/societe\/4160657-20250626-canicule-quatre-departements-sud-france-alerte-orange-vendredi\" class=\"color-ultramarine c-link\" target=\"_blank\" rel=\"noopener\">vigilance orange canicule<\/a>.<\/p>\n","protected":false},"excerpt":{"rendered":"Un terrible drame. Jeudi apr\u00e8s-midi, un enfant de 2 ans a \u00e9t\u00e9 retrouv\u00e9 mort dans une voiture dans&hellip;\n","protected":false},"author":2,"featured_media":208038,"comment_status":"","ping_status":"","sticky":false,"template":"","format":"standard","meta":{"footnotes":""},"categories":[4],"tags":[47,11,7404,885,118,7505,1011,27,34592,2357,12,883,882,25],"class_list":{"0":"post-208037","1":"post","2":"type-post","3":"status-publish","4":"format-standard","5":"has-post-thumbnail","7":"category-france","8":"tag-actualite","9":"tag-actualites","10":"tag-aix-en-provence","11":"tag-bouches-du-rhone","12":"tag-faits-divers","13":"tag-faits-divers-marseille","14":"tag-fr","15":"tag-france","16":"tag-istres","17":"tag-meteo-france","18":"tag-news","19":"tag-paca","20":"tag-provence-alpes-cote-dazur","21":"tag-republique-francaise"},"share_on_mastodon":{"url":"https:\/\/pubeurope.com\/@fr\/114754714568075014","error":""},"_links":{"self":[{"href":"https:\/\/www.europesays.com\/fr\/wp-json\/wp\/v2\/posts\/208037","targetHints":{"allow":["GET"]}}],"collection":[{"href":"https:\/\/www.europesays.com\/fr\/wp-json\/wp\/v2\/posts"}],"about":[{"href":"https:\/\/www.europesays.com\/fr\/wp-json\/wp\/v2\/types\/post"}],"author":[{"embeddable":true,"href":"https:\/\/www.europesays.com\/fr\/wp-json\/wp\/v2\/users\/2"}],"replies":[{"embeddable":true,"href":"https:\/\/www.europesays.com\/fr\/wp-json\/wp\/v2\/comments?post=208037"}],"version-history":[{"count":0,"href":"https:\/\/www.europesays.com\/fr\/wp-json\/wp\/v2\/posts\/208037\/revisions"}],"wp:featuredmedia":[{"embeddable":true,"href":"https:\/\/www.europesays.com\/fr\/wp-json\/wp\/v2\/media\/208038"}],"wp:attachment":[{"href":"https:\/\/www.europesays.com\/fr\/wp-json\/wp\/v2\/media?parent=208037"}],"wp:term":[{"taxonomy":"category","embeddable":true,"href":"https:\/\/www.europesays.com\/fr\/wp-json\/wp\/v2\/categories?post=208037"},{"taxonomy":"post_tag","embeddable":true,"href":"https:\/\/www.europesays.com\/fr\/wp-json\/wp\/v2\/tags?post=208037"}],"curies":[{"name":"wp","href":"https:\/\/api.w.org\/{rel}","templated":true}]}}