{"id":208041,"date":"2025-06-27T09:53:10","date_gmt":"2025-06-27T09:53:10","guid":{"rendered":"https:\/\/www.europesays.com\/fr\/208041\/"},"modified":"2025-06-27T09:53:10","modified_gmt":"2025-06-27T09:53:10","slug":"la-canicule-va-frapper-la-loire-meteo-france-declenche-lalerte","status":"publish","type":"post","link":"https:\/\/www.europesays.com\/fr\/208041\/","title":{"rendered":"la canicule va frapper la Loire, M\u00e9t\u00e9o France d\u00e9clenche l&rsquo;alerte"},"content":{"rendered":"<p>            Par<br \/>\n        <strong><br \/>\n            <a href=\"https:\/\/actu.fr\/auteur\/mathias-souteyrat\" title=\"Consulter tous les articles de Mathias Souteyrat\" rel=\"nofollow noopener\" target=\"_blank\">Mathias Souteyrat<\/a><br \/>\n        <\/strong><\/p>\n<p>        Publi\u00e9 le<\/p>\n<p>            27 juin 2025 \u00e0 10h49        <\/p>\n<p>33\u00a0\u00b0C samedi, 35\u00a0\u00b0C dimanche, 36\u00a0\u00b0C lundi, 35\u00a0\u00b0C mardi et 34\u00b0 mercredi\u2026 Les prochains jours qui arrivent seront tr\u00e8s chauds \u00e0 <a href=\"https:\/\/actu.fr\/saint-etienne\/\" rel=\"nofollow noopener\" target=\"_blank\">Saint-Etienne<\/a>.<\/p>\n<p class=\" wall-content\">M\u00e9t\u00e9o France place la <a href=\"https:\/\/actu.fr\/auvergne-rhone-alpes\/loire_42\" rel=\"nofollow noopener\" target=\"_blank\">Loire<\/a> \u00e0 partir du samedi 28\u00a0juin en vigilance jaune \u00e0 la canicule, en alerte orange pour l\u2019Ard\u00e8che, la Dr\u00f4me, le <a href=\"https:\/\/actu.fr\/auvergne-rhone-alpes\/lyon_69123\/lyon-cette-legere-chute-des-temperatures-ne-va-pas-durer-la-chaleur-va-revenir-fort_62828022.html\" rel=\"nofollow noopener\" target=\"_blank\">Rh\u00f4ne<\/a> et <a href=\"https:\/\/actu.fr\/auvergne-rhone-alpes\/grenoble_38185\/canicule-a-grenoble-records-de-chaleur-pour-meteo-france-c-est-loin-d-etre-fini_62821459.html\" rel=\"nofollow noopener\" target=\"_blank\">l\u2019Is\u00e8re<\/a>.<\/p>\n<p>38\u00a0\u00b0C mardi dans la Loire<\/p>\n<p class=\" wall-content\">Une nouvelle canicule d\u00e9butera samedi, elle sera plus intense et plus difficile \u00e0 supporter que la pr\u00e9c\u00e9dente.<\/p>\n<p><a class=\"jo-module-caroussel__img-container\" href=\"https:\/\/static.actu.fr\/uploads\/2025\/06\/20250628-chaleur.jpg\" title=\"Agrandir la photo Temp\u00e9ratures pr\u00e9vues samedi 28 juin 2025. (\u00a9 M\u00e9t\u00e9o France)\" data-idx=\"1\" rel=\"nofollow noopener\" target=\"_blank\"><br \/>\n    <img decoding=\"async\" class=\"jo-module-caroussel__img\" loading=\"lazy\" src=\"https:\/\/www.europesays.com\/fr\/wp-content\/uploads\/2025\/06\/20250628-chaleur-640x427.jpg\" alt=\"Temp\u00e9ratures pr\u00e9vues samedi 28 juin 2025. (\u00a9 M\u00e9t\u00e9o France)\" width=\"640\" height=\"427\"\/><\/a><a class=\"jo-module-caroussel__img-container\" href=\"https:\/\/static.actu.fr\/uploads\/2025\/06\/20250629-chaleur.jpg\" title=\"Agrandir la photo Temp\u00e9ratures pr\u00e9vues dimanche 29 juin 2025. (\u00a9 M\u00e9t\u00e9o France)\" data-idx=\"2\" rel=\"nofollow noopener\" target=\"_blank\"><br \/>\n    <img decoding=\"async\" class=\"jo-module-caroussel__img\" loading=\"lazy\" src=\"https:\/\/www.europesays.com\/fr\/wp-content\/uploads\/2025\/06\/20250629-chaleur-640x427.jpg\" alt=\"Temp\u00e9ratures pr\u00e9vues dimanche 29 juin 2025. (\u00a9 M\u00e9t\u00e9o France)\" width=\"640\" height=\"427\"\/><\/a><\/p>\n<p class=\" wall-content\">Voici les temp\u00e9ratures minimum et maximum dans la Loire en plaine, selon M\u00e9t\u00e9o Pilat 42\u2009:<\/p>\n<ul class=\" wall-content\">\n<li>Samedi : 20 \u2013 36\u00b0<\/li>\n<li>Dimanche : 21\u00b0 \u2013 36\u00b0<\/li>\n<li>Lundi : 22\u00b0 \u2013 37\u00b0<\/li>\n<li><strong>Mardi : 22\u00b0 \u2013 38\u00b0<\/strong><\/li>\n<\/ul>\n<p>Vid\u00e9os : en ce moment sur ActuUn temps durablement sec et ensoleill\u00e9<\/p>\n<p class=\" wall-content\">Selon l\u2019agence m\u00e9t\u00e9orologique, la mise en place d\u2019un puissant blocage anticyclonique d\u2019\u00e9t\u00e9 qui va maintenir un temps durablement sec et ensoleill\u00e9 sur la r\u00e9gion d\u2019ici \u00e0 la semaine prochaine. Dans ces conditions, les temp\u00e9ratures vont progresser un peu chaque jour et atteindre des niveaux caniculaires.<\/p>\n<p class=\" wall-content\">\u00c0 Lyon, le dimanche sera la journ\u00e9e la plus difficile \u00e0 supporter du week-end. La minimale du jour devrait \u00eatre de 23\u00b0C et la maximale pourrait atteindre entre 35\u00b0C et 37\u00b0C, selon M\u00e9t\u00e9o-France.<\/p>\n<p class=\" wall-content\">Suivez toute l\u2019actualit\u00e9 de vos villes et m\u00e9dias favoris en vous inscrivant \u00e0 <a href=\"https:\/\/moncompte.actu.fr\" title=\"D\u00e9couvez Mon Actu\" rel=\"nofollow noopener\" data-trk=\"{&quot;cta&quot;:{&quot;action&quot;:&quot;https:\\\/\\\/moncompte.actu.fr&quot;,&quot;category&quot;:&quot;mon compte&quot;,&quot;from&quot;:&quot;article footer&quot;,&quot;name&quot;:&quot;Mon actu&quot;,&quot;type&quot;:&quot;cta&quot;}}\" target=\"_blank\">Mon Actu<\/a>.<\/p>\n","protected":false},"excerpt":{"rendered":"Par Mathias Souteyrat Publi\u00e9 le 27 juin 2025 \u00e0 10h49 33\u00a0\u00b0C samedi, 35\u00a0\u00b0C dimanche, 36\u00a0\u00b0C lundi, 35\u00a0\u00b0C mardi&hellip;\n","protected":false},"author":2,"featured_media":208042,"comment_status":"","ping_status":"","sticky":false,"template":"","format":"standard","meta":{"footnotes":""},"categories":[9653],"tags":[1111,11,2430,6698,1777,674,1011,27,2487,2357,12,25,4001,15637],"class_list":{"0":"post-208041","1":"post","2":"type-post","3":"status-publish","4":"format-standard","5":"has-post-thumbnail","7":"category-saint-etienne","8":"tag-actu","9":"tag-actualites","10":"tag-auvergne-rhone-alpes","11":"tag-canicule","12":"tag-eu","13":"tag-europe","14":"tag-fr","15":"tag-france","16":"tag-meteo","17":"tag-meteo-france","18":"tag-news","19":"tag-republique-francaise","20":"tag-saint-etienne","21":"tag-vague-de-chaleur"},"share_on_mastodon":{"url":"https:\/\/pubeurope.com\/@fr\/114754722625494315","error":""},"_links":{"self":[{"href":"https:\/\/www.europesays.com\/fr\/wp-json\/wp\/v2\/posts\/208041","targetHints":{"allow":["GET"]}}],"collection":[{"href":"https:\/\/www.europesays.com\/fr\/wp-json\/wp\/v2\/posts"}],"about":[{"href":"https:\/\/www.europesays.com\/fr\/wp-json\/wp\/v2\/types\/post"}],"author":[{"embeddable":true,"href":"https:\/\/www.europesays.com\/fr\/wp-json\/wp\/v2\/users\/2"}],"replies":[{"embeddable":true,"href":"https:\/\/www.europesays.com\/fr\/wp-json\/wp\/v2\/comments?post=208041"}],"version-history":[{"count":0,"href":"https:\/\/www.europesays.com\/fr\/wp-json\/wp\/v2\/posts\/208041\/revisions"}],"wp:featuredmedia":[{"embeddable":true,"href":"https:\/\/www.europesays.com\/fr\/wp-json\/wp\/v2\/media\/208042"}],"wp:attachment":[{"href":"https:\/\/www.europesays.com\/fr\/wp-json\/wp\/v2\/media?parent=208041"}],"wp:term":[{"taxonomy":"category","embeddable":true,"href":"https:\/\/www.europesays.com\/fr\/wp-json\/wp\/v2\/categories?post=208041"},{"taxonomy":"post_tag","embeddable":true,"href":"https:\/\/www.europesays.com\/fr\/wp-json\/wp\/v2\/tags?post=208041"}],"curies":[{"name":"wp","href":"https:\/\/api.w.org\/{rel}","templated":true}]}}