{"id":208049,"date":"2025-06-27T09:57:11","date_gmt":"2025-06-27T09:57:11","guid":{"rendered":"https:\/\/www.europesays.com\/fr\/208049\/"},"modified":"2025-06-27T09:57:11","modified_gmt":"2025-06-27T09:57:11","slug":"a-sanary-la-ville-reprend-la-gestion-de-la-base-nautique","status":"publish","type":"post","link":"https:\/\/www.europesays.com\/fr\/208049\/","title":{"rendered":"A Sanary, la Ville reprend la gestion de la base nautique"},"content":{"rendered":"<p>la ville lui avait confi\u00e9 la gestion de la base nautique, situ\u00e9e en bordure du parking de l\u2019Esplanade, pour une dur\u00e9e de douze ans. Mais au bout de cinq ans seulement, l\u2019UCPA, qui enregistre depuis son ouverture un d\u00e9ficit d\u2019exploitation persistant, a demand\u00e9 la r\u00e9siliation anticip\u00e9e du contrat.<\/p>\n<p>Ce que la commune a accept\u00e9 afin d\u2019\u00e9viter une proc\u00e9dure contentieuse.<\/p>\n<p>La r\u00e9siliation a \u00e9t\u00e9 fix\u00e9e au 10 octobre prochain et pr\u00e9voit une indemnit\u00e9 de 23.200 euros vers\u00e9e \u00e0 la commune, qui reprendra en pleine propri\u00e9t\u00e9 les \u00e9quipements nautiques.<\/p>\n<p>Eric Miggliaccio, adjoint au sport, a propos\u00e9 au conseil municipal \u00ab\u00a0que la commune reprenne la gestion de la base nautique en r\u00e9gie directe\u00a0\u00bb; l\u2019objectif \u00e9tant de \u00ab\u00a0recentrer ses objectifs sur l\u2019usage associatif, scolaire et communal, et de sortir d\u2019une logique purement commerciale\u00a0\u00bb.<\/p>\n<p>Cinq \u00e9lus d\u2019opposition se sont abstenus sur ce changement de mode de gestion.\u00a0<\/p>\n","protected":false},"excerpt":{"rendered":"la ville lui avait confi\u00e9 la gestion de la base nautique, situ\u00e9e en bordure du parking de l\u2019Esplanade,&hellip;\n","protected":false},"author":2,"featured_media":208050,"comment_status":"","ping_status":"","sticky":false,"template":"","format":"standard","meta":{"footnotes":""},"categories":[9619],"tags":[1111,11,1777,674,1011,27,12,882,25,2310,3366],"class_list":{"0":"post-208049","1":"post","2":"type-post","3":"status-publish","4":"format-standard","5":"has-post-thumbnail","7":"category-toulon","8":"tag-actu","9":"tag-actualites","10":"tag-eu","11":"tag-europe","12":"tag-fr","13":"tag-france","14":"tag-news","15":"tag-provence-alpes-cote-dazur","16":"tag-republique-francaise","17":"tag-toulon","18":"tag-vie-locale"},"share_on_mastodon":{"url":"https:\/\/pubeurope.com\/@fr\/114754738225803620","error":""},"_links":{"self":[{"href":"https:\/\/www.europesays.com\/fr\/wp-json\/wp\/v2\/posts\/208049","targetHints":{"allow":["GET"]}}],"collection":[{"href":"https:\/\/www.europesays.com\/fr\/wp-json\/wp\/v2\/posts"}],"about":[{"href":"https:\/\/www.europesays.com\/fr\/wp-json\/wp\/v2\/types\/post"}],"author":[{"embeddable":true,"href":"https:\/\/www.europesays.com\/fr\/wp-json\/wp\/v2\/users\/2"}],"replies":[{"embeddable":true,"href":"https:\/\/www.europesays.com\/fr\/wp-json\/wp\/v2\/comments?post=208049"}],"version-history":[{"count":0,"href":"https:\/\/www.europesays.com\/fr\/wp-json\/wp\/v2\/posts\/208049\/revisions"}],"wp:featuredmedia":[{"embeddable":true,"href":"https:\/\/www.europesays.com\/fr\/wp-json\/wp\/v2\/media\/208050"}],"wp:attachment":[{"href":"https:\/\/www.europesays.com\/fr\/wp-json\/wp\/v2\/media?parent=208049"}],"wp:term":[{"taxonomy":"category","embeddable":true,"href":"https:\/\/www.europesays.com\/fr\/wp-json\/wp\/v2\/categories?post=208049"},{"taxonomy":"post_tag","embeddable":true,"href":"https:\/\/www.europesays.com\/fr\/wp-json\/wp\/v2\/tags?post=208049"}],"curies":[{"name":"wp","href":"https:\/\/api.w.org\/{rel}","templated":true}]}}