{"id":208051,"date":"2025-06-27T09:58:09","date_gmt":"2025-06-27T09:58:09","guid":{"rendered":"https:\/\/www.europesays.com\/fr\/208051\/"},"modified":"2025-06-27T09:58:09","modified_gmt":"2025-06-27T09:58:09","slug":"certaines-familles-nont-pas-de-jardins-a-toulon-les-nouvelles-restrictions-sur-les-plages-du-mourillon-divisent-les-habitants-et-les-touristes","status":"publish","type":"post","link":"https:\/\/www.europesays.com\/fr\/208051\/","title":{"rendered":"\u00ab\u00a0Certaines familles n\u2019ont pas de jardins\u00a0\u00bb: \u00e0 Toulon, les nouvelles restrictions sur les plages du Mourillon divisent les habitants et les touristes"},"content":{"rendered":"<p>Derri\u00e8re l\u2019\u00eelot churros et le long de la promenade des plages, de nouvelles aires de pique-nique ont vu le jour au\u00a0Mourillon.<\/p>\n<p>\u00c9quip\u00e9es de tables et bancs en bois, prot\u00e9g\u00e9es par des voiles d\u2019ombrage, ces zones ont \u00e9t\u00e9 pens\u00e9es pour accueillir les repas en famille ou entre amis, dans un cadre propre et organis\u00e9.<\/p>\n<p><a href=\"https:\/\/www.varmatin.com\/vie-locale\/pique-niques-encadres-fetes-interdites-la-ville-de-toulon-serre-la-vis-sur-les-plages-du-mourillon--991783\" rel=\"nofollow noopener\" target=\"_blank\">Finis les pique-niques avec du gros mobilier, notamment aux abords des restaurants: <\/a>ces zones deviennent interdites \u00e0 la consommation de nourriture.<\/p>\n<p>Pour Ana\u00efs, jeune maman, la mesure est plut\u00f4t bien accueillie: \u00ab\u00a0C\u2019est une super id\u00e9e; les espaces sont propres, sans sable partout, et c\u2019est parfait pour les enfants. Et surtout, nous sommes bien \u00e0 l\u2019ombre gr\u00e2ce aux voiles.\u00a0\u00bb<\/p>\n<p>Ses enfants, Ja\u00efs et Jana, 2 et 4 ans, savourent chips et sandwichs pendant que la Toulonnaise discute avec son amie Camille, venue avec son fils Bailey: \u00ab\u00a0C\u2019est exactement ce qui manquait au Mourillon. Trop de gens laissent tra\u00eener des restes sur le sable. Interdire les repas sur certaines zones, notamment sur le sable, c\u2019est aussi une fa\u00e7on de prot\u00e9ger la mer.\u00a0\u00bb<\/p>\n<p>Du c\u00f4t\u00e9 des commer\u00e7ants aussi, la mesure est \u00ab\u00a0une bonne chose. Nous r\u00e9clamions cet encadrement depuis des ann\u00e9es, donc on se sent enfin \u00e9cout\u00e9. \u00c0 voir \u00e0 l\u2019usage\u00a0\u00bb, t\u00e9moignent Patrick et Wendy, g\u00e9rants du Kiddy\u2019s Land.<\/p>\n<p>Si pour certains, cette mesure est une bonne nouvelle, pour d\u2019autres, l\u2019encadrement strict des repas est plus difficile \u00e0 accepter.<\/p>\n<p>                                \u00ab\u00a0Manger sur les pelouses, c\u2019est l\u2019ADN du Mourillon\u00a0\u00bb<\/p>\n<p>\u00ab\u00a0Interdire les pique-niques sur les pelouses, m\u00eame pr\u00e8s des restaurants, je trouve \u00e7a l\u00e9g\u00e8rement clivant. Idem pour les f\u00eates d\u2019anniversaires.\u00a0Certaines familles n\u2019ont pas de jardins, et ici, c\u2019est l\u2019endroit id\u00e9al pour organiser un bel \u00e9v\u00e9nement pour un enfant notamment\u00a0\u00bb, temp\u00e8re Ana\u00efs.<\/p>\n<p>Un avis partag\u00e9 par \u00c9milie et \u00c9ric, un couple habitu\u00e9 \u00e0 se retrouver sur l\u2019herbe autour de plats faits maison: \u00ab\u00a0Manger sur les pelouses, c\u2019est l\u2019ADN du Mourillon. Interdire \u00e7a, c\u2019est retirer une part de ce qui fait le charme du lieu.\u00a0\u00bb<\/p>\n<p>Que le couple se rassure, les d\u00e9gustations discr\u00e8tes, sur une serviette et sans mobilier sont toujours autoris\u00e9es.<\/p>\n<p>\u00ab\u00a0Mais encadr\u00e9es, incite la mairie. Ceux qui restent attach\u00e9s aux traditions locales ne doivent pas paniquer, les usages sont simplement diff\u00e9rents d\u00e9sormais. Nous avons conscience que cela restera difficile \u00e0 imposer d\u00e8s le premier \u00e9t\u00e9, mais la pr\u00e9vention est de mise. Nous comptons sur le respect de chacun pour r\u00e9ussir \u00e0 concilier propret\u00e9, confort et esprit du lieu\u00a0\u00bb.\u00a0\u00bb<\/p>\n","protected":false},"excerpt":{"rendered":"Derri\u00e8re l\u2019\u00eelot churros et le long de la promenade des plages, de nouvelles aires de pique-nique ont vu&hellip;\n","protected":false},"author":2,"featured_media":208052,"comment_status":"","ping_status":"","sticky":false,"template":"","format":"standard","meta":{"footnotes":""},"categories":[9619],"tags":[1111,11,1777,674,1011,27,12,882,25,2310,3366],"class_list":{"0":"post-208051","1":"post","2":"type-post","3":"status-publish","4":"format-standard","5":"has-post-thumbnail","7":"category-toulon","8":"tag-actu","9":"tag-actualites","10":"tag-eu","11":"tag-europe","12":"tag-fr","13":"tag-france","14":"tag-news","15":"tag-provence-alpes-cote-dazur","16":"tag-republique-francaise","17":"tag-toulon","18":"tag-vie-locale"},"share_on_mastodon":{"url":"https:\/\/pubeurope.com\/@fr\/114754742121554435","error":""},"_links":{"self":[{"href":"https:\/\/www.europesays.com\/fr\/wp-json\/wp\/v2\/posts\/208051","targetHints":{"allow":["GET"]}}],"collection":[{"href":"https:\/\/www.europesays.com\/fr\/wp-json\/wp\/v2\/posts"}],"about":[{"href":"https:\/\/www.europesays.com\/fr\/wp-json\/wp\/v2\/types\/post"}],"author":[{"embeddable":true,"href":"https:\/\/www.europesays.com\/fr\/wp-json\/wp\/v2\/users\/2"}],"replies":[{"embeddable":true,"href":"https:\/\/www.europesays.com\/fr\/wp-json\/wp\/v2\/comments?post=208051"}],"version-history":[{"count":0,"href":"https:\/\/www.europesays.com\/fr\/wp-json\/wp\/v2\/posts\/208051\/revisions"}],"wp:featuredmedia":[{"embeddable":true,"href":"https:\/\/www.europesays.com\/fr\/wp-json\/wp\/v2\/media\/208052"}],"wp:attachment":[{"href":"https:\/\/www.europesays.com\/fr\/wp-json\/wp\/v2\/media?parent=208051"}],"wp:term":[{"taxonomy":"category","embeddable":true,"href":"https:\/\/www.europesays.com\/fr\/wp-json\/wp\/v2\/categories?post=208051"},{"taxonomy":"post_tag","embeddable":true,"href":"https:\/\/www.europesays.com\/fr\/wp-json\/wp\/v2\/tags?post=208051"}],"curies":[{"name":"wp","href":"https:\/\/api.w.org\/{rel}","templated":true}]}}