{"id":208057,"date":"2025-06-27T10:01:09","date_gmt":"2025-06-27T10:01:09","guid":{"rendered":"https:\/\/www.europesays.com\/fr\/208057\/"},"modified":"2025-06-27T10:01:09","modified_gmt":"2025-06-27T10:01:09","slug":"il-tente-de-voler-une-trottinette-et-menace-des-vigiles-avec-un-couteau-aux-docks-76-de-rouen","status":"publish","type":"post","link":"https:\/\/www.europesays.com\/fr\/208057\/","title":{"rendered":"Il tente de voler une trottinette et menace des vigiles avec un couteau aux Docks 76 de Rouen"},"content":{"rendered":"<p>            Par<br \/>\n        <strong><br \/>\n            <a href=\"https:\/\/actu.fr\/auteur\/thomas-rideau\" title=\"Consulter tous les articles de Thomas Rideau\" target=\"_blank\" rel=\"noopener\">Thomas Rideau<\/a><br \/>\n        <\/strong><\/p>\n<p>        Publi\u00e9 le<\/p>\n<p>            27 juin 2025 \u00e0 11h49        <\/p>\n<p>Il a \u00e9t\u00e9 surpris par les cam\u00e9ras de surveillance du<strong> centre commercial des Docks 76<\/strong>, \u00e0 <a href=\"https:\/\/actu.fr\/normandie\/rouen_76540\" target=\"_blank\" rel=\"noopener\">Rouen (Seine-Maritime)<\/a>. Ce jeudi 26\u00a0juin, vers 15h, les agents de s\u00e9curit\u00e9 aper\u00e7oivent \u00e0 travers les images des cam\u00e9ras de surveillance, un homme en train de tenter de voler une <a href=\"https:\/\/actu.fr\/tag\/trottinette-electrique\" target=\"_blank\" rel=\"noopener\">trottinette \u00e9lectrique<\/a> \u00e0 proximit\u00e9 du parking.<\/p>\n<p class=\" wall-content\">Ils interviennent tr\u00e8s vite, mais <strong>l\u2019homme se montre mena\u00e7ant<\/strong> et sort <strong>un couteau<\/strong> et menace les agents. Il finit par prendre la fuite tandis que les employ\u00e9s du centre le poursuivent. Dans le m\u00eame temps, la police est pr\u00e9venue et se rend sur place.<\/p>\n<p>Menott\u00e9 et son couteau retrouv\u00e9<\/p>\n<p class=\" wall-content\">Ils retrouvent les quatre agents de s\u00e9curit\u00e9 au niveau de<strong> la rue Mustel<\/strong>, non loin de l\u2019avenue du Mont-Riboudet. Ils indiquent aux policiers que le malfrat a trouv\u00e9 refuge dans<strong> les parties communes d\u2019un immeuble<\/strong>. Au m\u00eame moment, celui-ci sort dans la rue et la police en profite pour l\u2019interpeller et le menotter imm\u00e9diatement.<\/p>\n<p class=\" wall-content\">Son couteau est retrouv\u00e9 dans la rue. <strong>Sans domicile fixe et \u00e2g\u00e9 de 25\u00a0ans<\/strong>, il a \u00e9t\u00e9 ramen\u00e9 \u00e0 l\u2019h\u00f4tel de police et plac\u00e9 en garde \u00e0 vue.<\/p>\n<p>Suivez l\u2019actualit\u00e9 de Rouen <a href=\"https:\/\/www.whatsapp.com\/channel\/0029VaKfnf99hXF2ddApFB1D\" target=\"_blank\" rel=\"noopener\">sur notre cha\u00eene WhatsApp<\/a> et <a href=\"https:\/\/www.tiktok.com\/@76actu.fr?lang=fr\" target=\"_blank\" rel=\"noopener\">sur notre compte TikTok<\/a>Vid\u00e9os : en ce moment sur Actu<\/p>\n<p class=\" wall-content\">Suivez toute l\u2019actualit\u00e9 de vos villes et m\u00e9dias favoris en vous inscrivant \u00e0 <a href=\"https:\/\/moncompte.actu.fr\" title=\"D\u00e9couvez Mon Actu\" rel=\"nofollow noopener\" data-trk=\"{&quot;cta&quot;:{&quot;action&quot;:&quot;https:\\\/\\\/moncompte.actu.fr&quot;,&quot;category&quot;:&quot;mon compte&quot;,&quot;from&quot;:&quot;article footer&quot;,&quot;name&quot;:&quot;Mon actu&quot;,&quot;type&quot;:&quot;cta&quot;}}\" target=\"_blank\">Mon Actu<\/a>.<\/p>\n<p>                    <script async src=\"\/\/www.tiktok.com\/embed.js\"><\/script><\/p>\n","protected":false},"excerpt":{"rendered":"Par Thomas Rideau Publi\u00e9 le 27 juin 2025 \u00e0 11h49 Il a \u00e9t\u00e9 surpris par les cam\u00e9ras de&hellip;\n","protected":false},"author":2,"featured_media":208058,"comment_status":"","ping_status":"","sticky":false,"template":"","format":"standard","meta":{"footnotes":""},"categories":[9587],"tags":[1111,11,22131,1777,674,118,1011,27,12,5161,1072,25,9590,6960],"class_list":{"0":"post-208057","1":"post","2":"type-post","3":"status-publish","4":"format-standard","5":"has-post-thumbnail","7":"category-rouen","8":"tag-actu","9":"tag-actualites","10":"tag-docks-76","11":"tag-eu","12":"tag-europe","13":"tag-faits-divers","14":"tag-fr","15":"tag-france","16":"tag-news","17":"tag-normandie","18":"tag-police","19":"tag-republique-francaise","20":"tag-rouen","21":"tag-trottinette-electrique"},"share_on_mastodon":{"url":"https:\/\/pubeurope.com\/@fr\/114754753932864590","error":""},"_links":{"self":[{"href":"https:\/\/www.europesays.com\/fr\/wp-json\/wp\/v2\/posts\/208057","targetHints":{"allow":["GET"]}}],"collection":[{"href":"https:\/\/www.europesays.com\/fr\/wp-json\/wp\/v2\/posts"}],"about":[{"href":"https:\/\/www.europesays.com\/fr\/wp-json\/wp\/v2\/types\/post"}],"author":[{"embeddable":true,"href":"https:\/\/www.europesays.com\/fr\/wp-json\/wp\/v2\/users\/2"}],"replies":[{"embeddable":true,"href":"https:\/\/www.europesays.com\/fr\/wp-json\/wp\/v2\/comments?post=208057"}],"version-history":[{"count":0,"href":"https:\/\/www.europesays.com\/fr\/wp-json\/wp\/v2\/posts\/208057\/revisions"}],"wp:featuredmedia":[{"embeddable":true,"href":"https:\/\/www.europesays.com\/fr\/wp-json\/wp\/v2\/media\/208058"}],"wp:attachment":[{"href":"https:\/\/www.europesays.com\/fr\/wp-json\/wp\/v2\/media?parent=208057"}],"wp:term":[{"taxonomy":"category","embeddable":true,"href":"https:\/\/www.europesays.com\/fr\/wp-json\/wp\/v2\/categories?post=208057"},{"taxonomy":"post_tag","embeddable":true,"href":"https:\/\/www.europesays.com\/fr\/wp-json\/wp\/v2\/tags?post=208057"}],"curies":[{"name":"wp","href":"https:\/\/api.w.org\/{rel}","templated":true}]}}