{"id":20806,"date":"2025-04-12T23:08:13","date_gmt":"2025-04-12T23:08:13","guid":{"rendered":"https:\/\/www.europesays.com\/fr\/20806\/"},"modified":"2025-04-12T23:08:13","modified_gmt":"2025-04-12T23:08:13","slug":"les-duels-dans-le-match-toulon-toulouse","status":"publish","type":"post","link":"https:\/\/www.europesays.com\/fr\/20806\/","title":{"rendered":"les duels dans le match Toulon-Toulouse"},"content":{"rendered":"<p><strong>Toulon\u00a0&#8211; Toulouse<\/strong><\/p>\n<p>Le demi de m\u00eal\u00e9e toulonnais Baptiste Serin contre le Toulousain Paul Graou, le combat \u00e0 venir entre les Anglais Lewis Ludlam et Jack Willis\u2026 Le quart de finale de Champions Cup entre Toulon et Toulouse, ce dimanche 13 avril 2025, regorge de face-\u00e0-face d\u00e9cisifs.<\/p>\n<p>Ramos\u00a0&#8211; Jaminet<\/p>\n<p>Concurrents \u00e0 Toulouse lorsqu\u2019ils y \u00e9voluaient ensemble lors de la saison 2022-2023, les deux arri\u00e8res et buteurs ont connu des destins bien diff\u00e9rents depuis. Thomas Ramos s\u2019est install\u00e9 comme le patron du jeu toulousain, comme chez les Bleus, avec lesquels il a remport\u00e9 le Tournoi, devenant <a target=\"_self\" href=\"https:\/\/www.lanouvellerepublique.fr\/a-la-une\/tournoi-des-6-nations-les-bleus-sacres-avec-le-record-du-nombre-d-essais-inscrits-1742075714\" rel=\"noopener\">le joueur ayant marqu\u00e9 le plus de points<\/a> pour le XV de France.<\/p>\n<p>Melvyn Jaminet n\u2019est, lui, plus dans les gr\u00e2ces des Bleus, apr\u00e8s <a target=\"_self\" href=\"https:\/\/www.lanouvellerepublique.fr\/a-la-une\/xv-de-france-melvyn-jaminet-ecarte-suite-a-des-propos-racistes\" rel=\"noopener\">des propos racistes tenus<\/a> lors de la tourn\u00e9e en Argentine l\u2019\u00e9t\u00e9 dernier. Suspendu plusieurs mois, il brille de nouveau avec Toulon depuis son retour sur les terrains fin f\u00e9vrier, pr\u00e9cieux dans le jeu comme au but.<\/p>\n<p>Mais ce match s\u2019inscrit pour lui dans un autre contexte\u00a0: celui du dossier de son transfert de Perpignan \u00e0 Toulouse en 2002. D\u2019apr\u00e8s le quotidien L\u2019\u00c9quipe, le joueur aurait contract\u00e9 deux emprunts pour rembourser sa clause de d\u00e9part de Perpignan et le club de la Ville Rose ne l\u2019aurait jamais d\u00e9dommag\u00e9.<\/p>\n<p>Ribbans\u00a0&#8211; Meafou<\/p>\n<p>Des \u00e9tincelles sont \u00e0 pr\u00e9voir si les deux secondes lignes se croisent sur le terrain. D\u2019un c\u00f4t\u00e9, le colosse toulousain Emmanuel Meafou (2,03\u00a0m, 145\u00a0kg) retrouve du rythme apr\u00e8s une infection pulmonaire qui lui a fait rater une partie du Tournoi. Contre Sale, les charges du deuxi\u00e8me ligne des Bleus ont fait des ravages, tout comme sa capacit\u00e9 \u00e0 faire jouer derri\u00e8re lui.<\/p>\n<p>En face, David Ribbans, n\u00e9 en Afrique du Sud mais international anglais (29\u00a0ans, 10 s\u00e9lections), a pris une telle ampleur sur la Rade qu\u2019il est devenu le capitaine du RCT et un des meilleurs deuxi\u00e8mes lignes du Top\u00a014. Inusable, il joue r\u00e9guli\u00e8rement quatre-vingt minutes et fait parler sa puissance en d\u00e9fense comme avec le ballon.<\/p>\n<p>Serin\u00a0&#8211; Graou<\/p>\n<p>Pour sa deuxi\u00e8me titularisation seulement en Champions Cup, Paul Graou a la lourde t\u00e2che de remplacer Antoine Dupont, bless\u00e9 \u00e0 un genou. Ce dimanche, il fera face \u00e0 un nouveau d\u00e9fi, en affrontant Baptiste Serin, le d\u00e9tonateur de l\u2019\u00e9quipe toulonnaise.<\/p>\n<p>Pas rappel\u00e9 en Bleu depuis la derni\u00e8re tourn\u00e9e estivale en Argentine, Serin (30\u00a0ans) r\u00e9alise pourtant une saison exceptionnelle \u00e0 Toulon, dont il est le ma\u00eetre \u00e0 jouer.\u00a0Sens tactique, jeu au pied millim\u00e9tr\u00e9, prises d\u2019initiatives qui affolent les d\u00e9fenses\u00a0: Serin sait tout faire et Graou (27\u00a0ans) devra sortir une copie beaucoup plus propre que celle rendue contre Sale pour pouvoir rivaliser avec son a\u00een\u00e9.<\/p>\n<p>Willis\u00a0&#8211; Ludlam<\/p>\n<p>Les deux ont fait une croix sur l\u2019\u00e9quipe d\u2019Angleterre en venant jouer en Top\u00a014 et aucun ne regrette ce choix\u00a0: le Toulousain Jack Willis (28\u00a0ans, 14 s\u00e9lections) et le Toulonnais Lewis Ludlam (29\u00a0ans, 25 s\u00e9lections) s\u2019\u00e9panouissent en France.<\/p>\n<p>Willis, arriv\u00e9 \u00e0 Toulouse en 2022 apr\u00e8s la faillite de son club des Wasps, a fait \u00e9voluer son jeu sur les rives de la Garonne, se montrant de plus en plus \u00e0 l\u2019aise ballon en main.<\/p>\n<p>Ludlam est, lui, un des grands acteurs de l\u2019excellente saison du RCT, qu\u2019il a rejoint l\u2019\u00e9t\u00e9 dernier. Amateur des affrontements rugueux o\u00f9 il excelle, il voudra certainement essayer de museler Willis, un poison dans les regroupements.<\/p>\n<p>Ahki\u00a0&#8211; Sinzelle<\/p>\n<p>Deux v\u00e9t\u00e9rans se feront face au centre avec le num\u00e9ro\u00a012\u00a0: le Toulonnais J\u00e9r\u00e9my Sinzelle (34\u00a0ans) et le Toulousain Pita Ahki (32\u00a0ans). Un \u00e9ternel bandeau autour du cr\u00e2ne, Sinzelle rassure ses camarades, aboie et plaque \u00e0 tour de bras, v\u00e9ritable r\u00e9gulateur des lignes arri\u00e8res varoises.<\/p>\n<p>Plus discret, Ahki tient le m\u00eame r\u00f4le gr\u00e2ce \u00e0 sa qualit\u00e9 exceptionnelle de plaquage. Ennuy\u00e9 par quelques soucis physiques en d\u00e9but de saison, le N\u00e9o-Z\u00e9landais reste un joueur ultra-fiable, qui bonifie tous les ballons qu\u2019il touche, laissant la lumi\u00e8re \u00e0 son 13, en l\u2019occurrence l\u2019explosif Pierre-Louis Barassi.<\/p>\n<p>Dimanche 13\u00a0avril 2025 \u00e0 16\u00a0h sur France\u00a02 et beIN Sports 1.<\/p>\n","protected":false},"excerpt":{"rendered":"Toulon\u00a0&#8211; Toulouse Le demi de m\u00eal\u00e9e toulonnais Baptiste Serin contre le Toulousain Paul Graou, le combat \u00e0 venir&hellip;\n","protected":false},"author":2,"featured_media":20807,"comment_status":"","ping_status":"","sticky":false,"template":"","format":"standard","meta":{"footnotes":""},"categories":[2816],"tags":[1111,11,7888,1777,674,1011,27,12,2680,25,479,60,2312],"class_list":{"0":"post-20806","1":"post","2":"type-post","3":"status-publish","4":"format-standard","5":"has-post-thumbnail","7":"category-toulouse","8":"tag-actu","9":"tag-actualites","10":"tag-coupe-deurope-rugby","11":"tag-eu","12":"tag-europe","13":"tag-fr","14":"tag-france","15":"tag-news","16":"tag-occitanie","17":"tag-republique-francaise","18":"tag-rugby","19":"tag-sports","20":"tag-toulouse"},"share_on_mastodon":{"url":"https:\/\/pubeurope.com\/@fr\/114327512964818620","error":""},"_links":{"self":[{"href":"https:\/\/www.europesays.com\/fr\/wp-json\/wp\/v2\/posts\/20806","targetHints":{"allow":["GET"]}}],"collection":[{"href":"https:\/\/www.europesays.com\/fr\/wp-json\/wp\/v2\/posts"}],"about":[{"href":"https:\/\/www.europesays.com\/fr\/wp-json\/wp\/v2\/types\/post"}],"author":[{"embeddable":true,"href":"https:\/\/www.europesays.com\/fr\/wp-json\/wp\/v2\/users\/2"}],"replies":[{"embeddable":true,"href":"https:\/\/www.europesays.com\/fr\/wp-json\/wp\/v2\/comments?post=20806"}],"version-history":[{"count":0,"href":"https:\/\/www.europesays.com\/fr\/wp-json\/wp\/v2\/posts\/20806\/revisions"}],"wp:featuredmedia":[{"embeddable":true,"href":"https:\/\/www.europesays.com\/fr\/wp-json\/wp\/v2\/media\/20807"}],"wp:attachment":[{"href":"https:\/\/www.europesays.com\/fr\/wp-json\/wp\/v2\/media?parent=20806"}],"wp:term":[{"taxonomy":"category","embeddable":true,"href":"https:\/\/www.europesays.com\/fr\/wp-json\/wp\/v2\/categories?post=20806"},{"taxonomy":"post_tag","embeddable":true,"href":"https:\/\/www.europesays.com\/fr\/wp-json\/wp\/v2\/tags?post=20806"}],"curies":[{"name":"wp","href":"https:\/\/api.w.org\/{rel}","templated":true}]}}