{"id":208061,"date":"2025-06-27T10:03:09","date_gmt":"2025-06-27T10:03:09","guid":{"rendered":"https:\/\/www.europesays.com\/fr\/208061\/"},"modified":"2025-06-27T10:03:09","modified_gmt":"2025-06-27T10:03:09","slug":"ou-ca-va-le-plus-chauffer","status":"publish","type":"post","link":"https:\/\/www.europesays.com\/fr\/208061\/","title":{"rendered":"o\u00f9 \u00e7a va le plus chauffer"},"content":{"rendered":"<p>            Par<br \/>\n        <strong><br \/>\n            <a href=\"https:\/\/actu.fr\/auteur\/julien-sournies\" title=\"Consulter tous les articles de Julien Sournies\" rel=\"nofollow noopener\" target=\"_blank\">Julien Sournies<\/a><br \/>\n        <\/strong><\/p>\n<p>        Publi\u00e9 le<\/p>\n<p>            27 juin 2025 \u00e0 11h26        <\/p>\n<p>La <a href=\"https:\/\/actu.fr\/meteo\/canicule-plus-de-40-c-au-sud-plus-de-35-c-au-nord-vers-des-records-de-chaleur-fin-juin-en-france_62830398.html\" rel=\"nofollow noopener\" target=\"_blank\">canicule<\/a> n\u2019a laiss\u00e9 que tr\u00e8s peu de r\u00e9pit. \u00c0 compter de ce vendredi 27\u00a0juin 2025, les temp\u00e9ratures r\u00e9augmentent consid\u00e9rablement en <a href=\"https:\/\/actu.fr\/auvergne-rhone-alpes\/isere_38\" rel=\"nofollow noopener\" target=\"_blank\">Is\u00e8re<\/a>, et cela ne va pas s\u2019arranger au fil des jours. \u00c0 ce titre, <a href=\"https:\/\/actu.fr\/tag\/meteo-france\" rel=\"nofollow noopener\" target=\"_blank\">M\u00e9t\u00e9o-France<\/a> a plac\u00e9 le d\u00e9partement is\u00e9rois en <strong>vigilance orange canicule<\/strong> pour la journ\u00e9e de samedi \u00e0 partir de midi. Une alerte qui, d\u2019ailleurs, pourrait \u00eatre prolong\u00e9e encore plusieurs jours.<\/p>\n<p class=\" wall-content\">Voici \u00e0 quoi s\u2019attendre et o\u00f9 \u00e7a va le plus chauffer, selon les pr\u00e9visions m\u00e9t\u00e9orologiques.<\/p>\n<p>Des temp\u00e9ratures \u00ab\u2009difficiles \u00e0 supporter\u2009\u00bb ce week-end<\/p>\n<p class=\" wall-content\">Alors que les temp\u00e9ratures ont baiss\u00e9 jeudi, le mercure regrimpe en fl\u00e8che en cette fin de semaine. Du c\u00f4t\u00e9 de <a href=\"https:\/\/actu.fr\/grenoble\/\" rel=\"nofollow noopener\" target=\"_blank\">Grenoble<\/a> et Voiron ce vendredi, le thermom\u00e8tre affichera jusqu\u2019\u00e0 34\u00b0C, le tout sous un grand soleil, d\u2019apr\u00e8s M\u00e9t\u00e9o-France.<\/p>\n<p class=\" wall-content\">Mais les temp\u00e9ratures vont continuer d\u2019augmenter au cours des prochains jours, \u00ab\u2009et deviendront caniculaires et particuli\u00e8rement <strong>difficiles \u00e0 supporter<\/strong> \u00e0 partir de samedi et surtout en premi\u00e8re partie de semaine prochaine\u2009\u00bb, alerte M\u00e9t\u00e9o Centre-Is\u00e8re.<\/p>\n<p class=\" wall-content\">En effet, toujours selon M\u00e9t\u00e9o-France, il fera jusqu\u2019\u00e0 <strong>36\u00b0C<\/strong> \u00e0 Voiron et 35\u00b0C sur les secteurs de Grenoble, Vienne ou encore Roussillon ce samedi.<\/p>\n<p>Vid\u00e9os : en ce moment sur ActuJusqu\u2019\u00e0 40\u00b0C \u00e0 Grenoble la semaine prochaine\u2009?<\/p>\n<p class=\" wall-content\">Dimanche 29\u00a0juin, la chaleur va encore monter d\u2019un cran\u2009: comptez en effet 37\u00b0C \u00e0 Voiron, Grenoble et Vienne. Selon M\u00e9t\u00e9o-France, des orages pourraient toutefois se manifester en fin de journ\u00e9e dans le sud de l\u2019Is\u00e8re, \u00e0 savoir sur les secteurs de La Mure, Valjouffrey et du Bourg-d\u2019Oisans.<\/p>\n<p class=\" wall-content\">Mais le pire est visiblement \u00e0 venir. \u00ab\u2009Le pic de cette canicule est pour le moment vu pour mercredi prochain avec des temp\u00e9ratures qui pourraient atteindre <strong>40\u00b0C \u00e0 Grenoble<\/strong> ou en Vall\u00e9e du Rh\u00f4ne\u2009\u00bb, relate M\u00e9t\u00e9o Centre-Is\u00e8re.<\/p>\n<p class=\" wall-content\">Suivez toute l\u2019actualit\u00e9 de vos villes et m\u00e9dias favoris en vous inscrivant \u00e0 <a href=\"https:\/\/moncompte.actu.fr\" title=\"D\u00e9couvez Mon Actu\" rel=\"nofollow noopener\" data-trk=\"{&quot;cta&quot;:{&quot;action&quot;:&quot;https:\\\/\\\/moncompte.actu.fr&quot;,&quot;category&quot;:&quot;mon compte&quot;,&quot;from&quot;:&quot;article footer&quot;,&quot;name&quot;:&quot;Mon actu&quot;,&quot;type&quot;:&quot;cta&quot;}}\" target=\"_blank\">Mon Actu<\/a>.<\/p>\n<ul class=\"ac-article-tag wall-content\">\n<li><a href=\"https:\/\/actu.fr\/tag\/meteo-france\" data-trk=\"{&quot;cta&quot;:{&quot;action&quot;:&quot;M\\u00e9t\\u00e9o France&quot;,&quot;category&quot;:&quot;tag&quot;,&quot;from&quot;:&quot;article footer&quot;,&quot;name&quot;:&quot;M\\u00e9t\\u00e9o France&quot;,&quot;type&quot;:&quot;cta&quot;}}\" rel=\"nofollow noopener\" target=\"_blank\">#M\u00e9t\u00e9o France<\/a><\/li>\n<li><a href=\"https:\/\/actu.fr\/tag\/vague-de-chaleur\" data-trk=\"{&quot;cta&quot;:{&quot;action&quot;:&quot;Vague de chaleur&quot;,&quot;category&quot;:&quot;tag&quot;,&quot;from&quot;:&quot;article footer&quot;,&quot;name&quot;:&quot;Vague de chaleur&quot;,&quot;type&quot;:&quot;cta&quot;}}\" rel=\"nofollow noopener\" target=\"_blank\">#Vague de chaleur<\/a><\/li>\n<\/ul>\n","protected":false},"excerpt":{"rendered":"Par Julien Sournies Publi\u00e9 le 27 juin 2025 \u00e0 11h26 La canicule n\u2019a laiss\u00e9 que tr\u00e8s peu de&hellip;\n","protected":false},"author":2,"featured_media":136048,"comment_status":"","ping_status":"","sticky":false,"template":"","format":"standard","meta":{"footnotes":""},"categories":[9566],"tags":[1111,11,2430,1777,674,1011,27,2731,2487,2357,12,25,15637],"class_list":{"0":"post-208061","1":"post","2":"type-post","3":"status-publish","4":"format-standard","5":"has-post-thumbnail","7":"category-grenoble","8":"tag-actu","9":"tag-actualites","10":"tag-auvergne-rhone-alpes","11":"tag-eu","12":"tag-europe","13":"tag-fr","14":"tag-france","15":"tag-grenoble","16":"tag-meteo","17":"tag-meteo-france","18":"tag-news","19":"tag-republique-francaise","20":"tag-vague-de-chaleur"},"share_on_mastodon":{"url":"https:\/\/pubeurope.com\/@fr\/114754762036828687","error":""},"_links":{"self":[{"href":"https:\/\/www.europesays.com\/fr\/wp-json\/wp\/v2\/posts\/208061","targetHints":{"allow":["GET"]}}],"collection":[{"href":"https:\/\/www.europesays.com\/fr\/wp-json\/wp\/v2\/posts"}],"about":[{"href":"https:\/\/www.europesays.com\/fr\/wp-json\/wp\/v2\/types\/post"}],"author":[{"embeddable":true,"href":"https:\/\/www.europesays.com\/fr\/wp-json\/wp\/v2\/users\/2"}],"replies":[{"embeddable":true,"href":"https:\/\/www.europesays.com\/fr\/wp-json\/wp\/v2\/comments?post=208061"}],"version-history":[{"count":0,"href":"https:\/\/www.europesays.com\/fr\/wp-json\/wp\/v2\/posts\/208061\/revisions"}],"wp:featuredmedia":[{"embeddable":true,"href":"https:\/\/www.europesays.com\/fr\/wp-json\/wp\/v2\/media\/136048"}],"wp:attachment":[{"href":"https:\/\/www.europesays.com\/fr\/wp-json\/wp\/v2\/media?parent=208061"}],"wp:term":[{"taxonomy":"category","embeddable":true,"href":"https:\/\/www.europesays.com\/fr\/wp-json\/wp\/v2\/categories?post=208061"},{"taxonomy":"post_tag","embeddable":true,"href":"https:\/\/www.europesays.com\/fr\/wp-json\/wp\/v2\/tags?post=208061"}],"curies":[{"name":"wp","href":"https:\/\/api.w.org\/{rel}","templated":true}]}}