{"id":208066,"date":"2025-06-27T10:06:12","date_gmt":"2025-06-27T10:06:12","guid":{"rendered":"https:\/\/www.europesays.com\/fr\/208066\/"},"modified":"2025-06-27T10:06:12","modified_gmt":"2025-06-27T10:06:12","slug":"rennes-une-operation-pour-lemploi-fait-etape-dans-le-quartier-du-blosne","status":"publish","type":"post","link":"https:\/\/www.europesays.com\/fr\/208066\/","title":{"rendered":"Rennes\u00a0: une op\u00e9ration pour l\u2019emploi fait \u00e9tape dans le quartier du Blosne"},"content":{"rendered":"<p>France Travail et ses partenaires organisent, lundi 30 juin, une vaste op\u00e9ration pour l\u2019emploi dans le quartier du Blosne, \u00e0 Rennes. Ce village \u00ab Place de l\u2019emploi \u00bb va poser ses valises sur la place Jean-Normand, permettant notamment de rencontrer des entreprises qui recrutent (Inserm, Servicea, PIMM\u2019S, Geiq transport, RGO mobilit\u00e9, Stellantis, Cr\u00e9dit agricole, Klesia, Compass group, Lidl, ABC NET, Geiq propret\u00e9, ASSIA UNA, ADMR), des conseillers (France Travail, Cap emploi, Apec, We Ker\u2026) et des organismes de formation (AFPA, GRETA, EVOCIME, CLPS, CMA Ker Lann, INHNI). L\u2019\u00e9v\u00e9nement est ouvert \u00e0 tous, sans inscription, de 13 \u00e0 17 heures. Plus d\u2019informations sur <a href=\"https:\/\/www.francetravail.fr\/region\/bretagne\/actualite\/place-de-lemploi.html\" target=\"_blank\" rel=\"nofollow noopener\">le site de France Travail<\/a>.<\/p>\n","protected":false},"excerpt":{"rendered":"France Travail et ses partenaires organisent, lundi 30 juin, une vaste op\u00e9ration pour l\u2019emploi dans le quartier du&hellip;\n","protected":false},"author":2,"featured_media":208067,"comment_status":"","ping_status":"","sticky":false,"template":"","format":"standard","meta":{"footnotes":""},"categories":[2821],"tags":[1111,11,829,33,341,1777,674,1011,27,848,12,584,25],"class_list":{"0":"post-208066","1":"post","2":"type-post","3":"status-publish","4":"format-standard","5":"has-post-thumbnail","7":"category-rennes","8":"tag-actu","9":"tag-actualites","10":"tag-bretagne","11":"tag-economie","12":"tag-emploi","13":"tag-eu","14":"tag-europe","15":"tag-fr","16":"tag-france","17":"tag-ille-et-vilaine","18":"tag-news","19":"tag-rennes","20":"tag-republique-francaise"},"share_on_mastodon":{"url":"https:\/\/pubeurope.com\/@fr\/114754773577335452","error":""},"_links":{"self":[{"href":"https:\/\/www.europesays.com\/fr\/wp-json\/wp\/v2\/posts\/208066","targetHints":{"allow":["GET"]}}],"collection":[{"href":"https:\/\/www.europesays.com\/fr\/wp-json\/wp\/v2\/posts"}],"about":[{"href":"https:\/\/www.europesays.com\/fr\/wp-json\/wp\/v2\/types\/post"}],"author":[{"embeddable":true,"href":"https:\/\/www.europesays.com\/fr\/wp-json\/wp\/v2\/users\/2"}],"replies":[{"embeddable":true,"href":"https:\/\/www.europesays.com\/fr\/wp-json\/wp\/v2\/comments?post=208066"}],"version-history":[{"count":0,"href":"https:\/\/www.europesays.com\/fr\/wp-json\/wp\/v2\/posts\/208066\/revisions"}],"wp:featuredmedia":[{"embeddable":true,"href":"https:\/\/www.europesays.com\/fr\/wp-json\/wp\/v2\/media\/208067"}],"wp:attachment":[{"href":"https:\/\/www.europesays.com\/fr\/wp-json\/wp\/v2\/media?parent=208066"}],"wp:term":[{"taxonomy":"category","embeddable":true,"href":"https:\/\/www.europesays.com\/fr\/wp-json\/wp\/v2\/categories?post=208066"},{"taxonomy":"post_tag","embeddable":true,"href":"https:\/\/www.europesays.com\/fr\/wp-json\/wp\/v2\/tags?post=208066"}],"curies":[{"name":"wp","href":"https:\/\/api.w.org\/{rel}","templated":true}]}}