{"id":208068,"date":"2025-06-27T10:07:10","date_gmt":"2025-06-27T10:07:10","guid":{"rendered":"https:\/\/www.europesays.com\/fr\/208068\/"},"modified":"2025-06-27T10:07:10","modified_gmt":"2025-06-27T10:07:10","slug":"haguenau-wissembourg-la-saison-2025-2026-de-lopera-national-du-rhin-est-a-decouvrir-avec-labonnement-opera-bus","status":"publish","type":"post","link":"https:\/\/www.europesays.com\/fr\/208068\/","title":{"rendered":"Haguenau-Wissembourg. La saison 2025\/2026 de l\u2019Op\u00e9ra national du Rhin est \u00e0 d\u00e9couvrir avec l\u2019abonnement Op\u00e9ra-bus"},"content":{"rendered":"<p>Pour la prochaine saison, <a href=\"https:\/\/www.dna.fr\/culture-loisirs\/2025\/04\/10\/120-millions-d-euros-pour-renover-le-batiment-de-l-opera-du-rhin\" target=\"_blank\" rel=\"noopener\">l\u2019Op\u00e9ra national du Rhin<\/a> proposera un abonnement Op\u00e9ra-bus, ouvert \u00e0 tous, les dimanches matin. Au programme, deux spectacles de danse, deux op\u00e9ras et une com\u00e9die musicale, \u00e0 savoir\u00a0:<\/p>\n<p> \u25b6 \u2002 Le 28\u00a0septembre 2025\u00a0: En regard , ballet (dur\u00e9e 1\u00a0h\u00a010)<\/p>\n<p> \u25b6 \u2002 Le 9\u00a0novembre 2025\u00a0: Otello , op\u00e9ra de Verdi<\/p>\n<p> \u25b6 \u2002 Le 8\u00a0f\u00e9vrier 2026\u00a0: Hamlet,  ballet de Bryan Arias (dur\u00e9e 2\u00a0h\u00a005 avec orchestre)<\/p>\n<p> \u25b6 \u2002 Le 3\u00a0mai 2026\u00a0: Les noces de Figaro , op\u00e9ra de Mozart (dur\u00e9e 3\u00a0h\u00a020)<\/p>\n<p> \u25b6 \u2002 Le 7\u00a0juin 2026\u00a0: Follies , com\u00e9die musicale (dur\u00e9e 2\u00a0h\u00a050).<\/p>\n<p>Les spectacles commencent \u00e0 15\u00a0h sauf ceux des 3\u00a0mai et 7\u00a0juin qui d\u00e9butent \u00e0 17\u00a0h. Le ramassage des abonn\u00e9s se fait sur l\u2019axe Wissembourg, Soultz-sous-For\u00eats, Haguenau (3 arr\u00eats) et Oberhoffen\/Bischwiller. L\u2019heure de monter dans le bus sera pr\u00e9cis\u00e9e ult\u00e9rieurement.<\/p>\n<p class=\"note\">Le co\u00fbt global, incluant les trajets en bus, s\u2019\u00e9l\u00e8ve \u00e0 265\u00a0\u20ac payable int\u00e9gralement par ch\u00e8que \u00e0 la souscription ou en 4 fois. Possibilit\u00e9 pour les abonn\u00e9s d\u2019acheter des billets pour tous les autres spectacles de la saison avec 10\u00a0% de remise. Tous renseignements compl\u00e9mentaires ainsi que les souscriptions accompagn\u00e9es de leur r\u00e8glement par ch\u00e8que, au nom de l\u2019Op\u00e9ra national du Rhin, \u00e0 demander ou \u00e0 adresser avant le 21\u00a0ao\u00fbt 2025.<\/p>\n","protected":false},"excerpt":{"rendered":"Pour la prochaine saison, l\u2019Op\u00e9ra national du Rhin proposera un abonnement Op\u00e9ra-bus, ouvert \u00e0 tous, les dimanches matin.&hellip;\n","protected":false},"author":2,"featured_media":208069,"comment_status":"","ping_status":"","sticky":false,"template":"","format":"standard","meta":{"footnotes":""},"categories":[2820],"tags":[1111,11,1687,4877,1777,674,107,1011,27,775,11642,12,25,11643,3140,640],"class_list":{"0":"post-208068","1":"post","2":"type-post","3":"status-publish","4":"format-standard","5":"has-post-thumbnail","7":"category-strasbourg","8":"tag-actu","9":"tag-actualites","10":"tag-culture-loisirs","11":"tag-edition-haguenau-wissembourg","12":"tag-eu","13":"tag-europe","14":"tag-fil-info","15":"tag-fr","16":"tag-france","17":"tag-grand-est","18":"tag-haguenau","19":"tag-news","20":"tag-republique-francaise","21":"tag-secteur-de-haguenau","22":"tag-spectacle","23":"tag-strasbourg"},"share_on_mastodon":{"url":"https:\/\/pubeurope.com\/@fr\/114754777638013414","error":""},"_links":{"self":[{"href":"https:\/\/www.europesays.com\/fr\/wp-json\/wp\/v2\/posts\/208068","targetHints":{"allow":["GET"]}}],"collection":[{"href":"https:\/\/www.europesays.com\/fr\/wp-json\/wp\/v2\/posts"}],"about":[{"href":"https:\/\/www.europesays.com\/fr\/wp-json\/wp\/v2\/types\/post"}],"author":[{"embeddable":true,"href":"https:\/\/www.europesays.com\/fr\/wp-json\/wp\/v2\/users\/2"}],"replies":[{"embeddable":true,"href":"https:\/\/www.europesays.com\/fr\/wp-json\/wp\/v2\/comments?post=208068"}],"version-history":[{"count":0,"href":"https:\/\/www.europesays.com\/fr\/wp-json\/wp\/v2\/posts\/208068\/revisions"}],"wp:featuredmedia":[{"embeddable":true,"href":"https:\/\/www.europesays.com\/fr\/wp-json\/wp\/v2\/media\/208069"}],"wp:attachment":[{"href":"https:\/\/www.europesays.com\/fr\/wp-json\/wp\/v2\/media?parent=208068"}],"wp:term":[{"taxonomy":"category","embeddable":true,"href":"https:\/\/www.europesays.com\/fr\/wp-json\/wp\/v2\/categories?post=208068"},{"taxonomy":"post_tag","embeddable":true,"href":"https:\/\/www.europesays.com\/fr\/wp-json\/wp\/v2\/tags?post=208068"}],"curies":[{"name":"wp","href":"https:\/\/api.w.org\/{rel}","templated":true}]}}