{"id":208070,"date":"2025-06-27T10:08:16","date_gmt":"2025-06-27T10:08:16","guid":{"rendered":"https:\/\/www.europesays.com\/fr\/208070\/"},"modified":"2025-06-27T10:08:16","modified_gmt":"2025-06-27T10:08:16","slug":"moins-edulcore-que-celui-presente-reagit-jean-luc-herzog","status":"publish","type":"post","link":"https:\/\/www.europesays.com\/fr\/208070\/","title":{"rendered":"\u00ab\u00a0Moins \u00e9dulcor\u00e9 que celui pr\u00e9sent\u00e9\u00a0\u00bb, r\u00e9agit Jean-Luc Herzog"},"content":{"rendered":"<p>\u00ab\u00a0Rappelons tout d\u2019abord que tous les grands projets sortis de terre pendant ce mandat ou qui vont l\u2019\u00eatre prochainement, ont \u00e9t\u00e9 initi\u00e9s et vot\u00e9s par la coalition lors du mandat pr\u00e9c\u00e9dent\u00a0: le stade de la Meinau, l\u2019extension et la r\u00e9novation du Palais de la musique et des congr\u00e8s, le nouveau Parc des expositions, la m\u00e9diath\u00e8que Frida Kahlo et le tram Ouest\u00a0\u00bb, \u00e9num\u00e8re Jean-Luc Herzog reprenant au sujet du bilan de <a href=\"https:\/\/www.dna.fr\/p\/pia-imbs\" target=\"_blank\" rel=\"noopener\">Pia Imbs<\/a> <a href=\"https:\/\/www.dna.fr\/politique\/2025\/06\/11\/pia-imbs-ne-briguera-pas-de-nouveau-mandat-en-2026\" target=\"_blank\" rel=\"noopener\">qui ne briguera pas de nouveau mandat<\/a> \u00e0 la t\u00eate de l\u2019Eurom\u00e9tropole.<\/p>\n<p>  Une \u00ab cassure \u00bb entre les 33 maires de l\u2019Eurom\u00e9tropole<\/p>\n<p>\u00ab\u00a0\u00c0 l\u2019oppos\u00e9, la Zone \u00e0 faibles \u00e9missions (ZFE) avec ses exc\u00e8s, sous la pression du courant dur \u00e9cologiste, pr\u00e9sent\u00e9e comme un succ\u00e8s, est un \u00e9chec. Elles sont d\u00e9sormais remis\u00e9es par les d\u00e9put\u00e9s et s\u00e9nateurs. <a href=\"https:\/\/www.dna.fr\/societe\/2025\/02\/15\/tram-nord-le-maire-jean-luc-herzog-regrette-la-mise-a-l-ecart-des-communes-du-nord\" target=\"_blank\" rel=\"noopener\">Le tram Nord<\/a> , et conjointement, la quasi-fermeture voulue des acc\u00e8s nord \u00e0 Strasbourg, des acc\u00e8s transversaux nord et ouest vers Schiltigheim, sont un \u00e9chec patent. Le bilan du d\u00e9veloppement des nouvelles zones d\u2019activit\u00e9s est catastrophique. Et que dire <a href=\"https:\/\/www.dna.fr\/politique\/2025\/03\/28\/la-dette-va-dans-le-rouge-le-climat-aussi\" target=\"_blank\" rel=\"noopener\">des finances de l\u2019EMS<\/a> , devenues exsangues, avec un endettement excessif qui hypoth\u00e9quera l\u2019avenir\u00a0\u00bb, insiste le conseiller communautaire et maire de Niederhausbergen.<\/p>\n<p>\u00ab\u00a0Enfin, l\u2019\u00e9chec le plus important est la cassure op\u00e9r\u00e9e par Pia Imbs entre les 33 maires de l\u2019Eurom\u00e9tropole en deux groupes distincts et oppos\u00e9s de 14 communes contre 19, ces derni\u00e8res qui ont une lourde responsabilit\u00e9, ayant toujours donn\u00e9 la petite majorit\u00e9 de 56 voix sur 99 pour faire passer toutes les d\u00e9lib\u00e9rations controvers\u00e9es. Le bilan est donc bien moins \u00e9dulcor\u00e9 que celui pr\u00e9sent\u00e9, pour ne pas dire n\u00e9gatif\u00a0\u00bb, conclut l\u2019\u00e9lu.<\/p>\n","protected":false},"excerpt":{"rendered":"\u00ab\u00a0Rappelons tout d\u2019abord que tous les grands projets sortis de terre pendant ce mandat ou qui vont l\u2019\u00eatre&hellip;\n","protected":false},"author":2,"featured_media":208071,"comment_status":"","ping_status":"","sticky":false,"template":"","format":"standard","meta":{"footnotes":""},"categories":[2820],"tags":[1111,11,2880,1777,674,107,1011,27,775,3539,12,316,25,640,2879],"class_list":{"0":"post-208070","1":"post","2":"type-post","3":"status-publish","4":"format-standard","5":"has-post-thumbnail","7":"category-strasbourg","8":"tag-actu","9":"tag-actualites","10":"tag-edition-strasbourg","11":"tag-eu","12":"tag-europe","13":"tag-fil-info","14":"tag-fr","15":"tag-france","16":"tag-grand-est","17":"tag-les-ecologistes","18":"tag-news","19":"tag-politique","20":"tag-republique-francaise","21":"tag-strasbourg","22":"tag-strasbourg-ville"},"share_on_mastodon":{"url":"https:\/\/pubeurope.com\/@fr\/114754781443456937","error":""},"_links":{"self":[{"href":"https:\/\/www.europesays.com\/fr\/wp-json\/wp\/v2\/posts\/208070","targetHints":{"allow":["GET"]}}],"collection":[{"href":"https:\/\/www.europesays.com\/fr\/wp-json\/wp\/v2\/posts"}],"about":[{"href":"https:\/\/www.europesays.com\/fr\/wp-json\/wp\/v2\/types\/post"}],"author":[{"embeddable":true,"href":"https:\/\/www.europesays.com\/fr\/wp-json\/wp\/v2\/users\/2"}],"replies":[{"embeddable":true,"href":"https:\/\/www.europesays.com\/fr\/wp-json\/wp\/v2\/comments?post=208070"}],"version-history":[{"count":0,"href":"https:\/\/www.europesays.com\/fr\/wp-json\/wp\/v2\/posts\/208070\/revisions"}],"wp:featuredmedia":[{"embeddable":true,"href":"https:\/\/www.europesays.com\/fr\/wp-json\/wp\/v2\/media\/208071"}],"wp:attachment":[{"href":"https:\/\/www.europesays.com\/fr\/wp-json\/wp\/v2\/media?parent=208070"}],"wp:term":[{"taxonomy":"category","embeddable":true,"href":"https:\/\/www.europesays.com\/fr\/wp-json\/wp\/v2\/categories?post=208070"},{"taxonomy":"post_tag","embeddable":true,"href":"https:\/\/www.europesays.com\/fr\/wp-json\/wp\/v2\/tags?post=208070"}],"curies":[{"name":"wp","href":"https:\/\/api.w.org\/{rel}","templated":true}]}}