{"id":208093,"date":"2025-06-27T10:22:13","date_gmt":"2025-06-27T10:22:13","guid":{"rendered":"https:\/\/www.europesays.com\/fr\/208093\/"},"modified":"2025-06-27T10:22:13","modified_gmt":"2025-06-27T10:22:13","slug":"il-faudrait-une-rallonge-de-15-millions-deuros-pour-le-president-damu","status":"publish","type":"post","link":"https:\/\/www.europesays.com\/fr\/208093\/","title":{"rendered":"il faudrait une rallonge de \u00ab\u00a015 millions d&rsquo;euros\u00a0\u00bb pour le pr\u00e9sident d&rsquo;AMU"},"content":{"rendered":"<p>\u00c9ric Berton joue gros. Le pr\u00e9sident d\u2019Aix-Marseille Universit\u00e9 (AMU) souhaite \u00ab\u00a0une rallonge\u00a0\u00bb de 15\u00a0millions d\u2019euros pour pouvoir <a href=\"https:\/\/www.laprovence.com\/article\/societe\/3705325884739814\/aix-marseille-terre-dasile-des-scientifiques\" target=\"_blank\" rel=\"nofollow noopener\">accueillir les 39 chercheurs am\u00e9ricains<\/a> pr\u00e9s\u00e9lectionn\u00e9s dans le cadre du programme \u00ab\u00a0Safe Place for Science\u00a0\u00bb, alors que 20 places sont officiellement pr\u00e9vues par l\u2019universit\u00e9.<\/p>\n<p>\u00ab\u00a0Si j\u2019ai les financements, on en prendra 39\u00a0\u00bb<\/p>\n<p>Cr\u00e9\u00e9 le 6\u00a0mars dernier, le programme \u00ab\u00a0Safe Place for Science\u00a0\u00bb donne l\u2019opportunit\u00e9 aux <a href=\"https:\/\/www.laprovence.com\/article\/region\/1255725857647415\/c-est-du-jamais-vu-l-asile-scientifique-en-provence-attire-les-chercheurs-americains-menaces-par-trump\" target=\"_blank\" rel=\"nofollow noopener\">chercheurs am\u00e9ricains de poursuivre leurs recherches<\/a> dans les meilleures conditions\u00a0: \u00ab\u00a0Pour chaque chercheur, il y aura une affectation de trois \u00e0 quatre \u00e9tudiants en tant que th\u00e9sards. Ils pourront aider les chercheurs am\u00e9ricains dans leurs travaux, mais ce sont des postes qu\u2019il faut \u00e9galement financer\u00a0\u00bb, nuance St\u00e9phane Arnouts, le directeur du Laboratoire d\u2019astrophysique de Marseille (LAM), qui doit accueillir deux chercheurs am\u00e9ricains.<\/p>\n","protected":false},"excerpt":{"rendered":"\u00c9ric Berton joue gros. Le pr\u00e9sident d\u2019Aix-Marseille Universit\u00e9 (AMU) souhaite \u00ab\u00a0une rallonge\u00a0\u00bb de 15\u00a0millions d\u2019euros pour pouvoir accueillir&hellip;\n","protected":false},"author":2,"featured_media":208094,"comment_status":"","ping_status":"","sticky":false,"template":"","format":"standard","meta":{"footnotes":""},"categories":[2814],"tags":[17,34706,1111,11,2450,7079,1777,674,34707,1011,27,884,12,882,34708,16,25,96],"class_list":{"0":"post-208093","1":"post","2":"type-post","3":"status-publish","4":"format-standard","5":"has-post-thumbnail","7":"category-marseille","8":"tag-17","9":"tag-accueillis","10":"tag-actu","11":"tag-actualites","12":"tag-americains","13":"tag-chercheurs","14":"tag-eu","15":"tag-europe","16":"tag-faudrait","17":"tag-fr","18":"tag-france","19":"tag-marseille","20":"tag-news","21":"tag-provence-alpes-cote-dazur","22":"tag-rallonge","23":"tag-region","24":"tag-republique-francaise","25":"tag-une"},"share_on_mastodon":{"url":"https:\/\/pubeurope.com\/@fr\/114754836600005298","error":""},"_links":{"self":[{"href":"https:\/\/www.europesays.com\/fr\/wp-json\/wp\/v2\/posts\/208093","targetHints":{"allow":["GET"]}}],"collection":[{"href":"https:\/\/www.europesays.com\/fr\/wp-json\/wp\/v2\/posts"}],"about":[{"href":"https:\/\/www.europesays.com\/fr\/wp-json\/wp\/v2\/types\/post"}],"author":[{"embeddable":true,"href":"https:\/\/www.europesays.com\/fr\/wp-json\/wp\/v2\/users\/2"}],"replies":[{"embeddable":true,"href":"https:\/\/www.europesays.com\/fr\/wp-json\/wp\/v2\/comments?post=208093"}],"version-history":[{"count":0,"href":"https:\/\/www.europesays.com\/fr\/wp-json\/wp\/v2\/posts\/208093\/revisions"}],"wp:featuredmedia":[{"embeddable":true,"href":"https:\/\/www.europesays.com\/fr\/wp-json\/wp\/v2\/media\/208094"}],"wp:attachment":[{"href":"https:\/\/www.europesays.com\/fr\/wp-json\/wp\/v2\/media?parent=208093"}],"wp:term":[{"taxonomy":"category","embeddable":true,"href":"https:\/\/www.europesays.com\/fr\/wp-json\/wp\/v2\/categories?post=208093"},{"taxonomy":"post_tag","embeddable":true,"href":"https:\/\/www.europesays.com\/fr\/wp-json\/wp\/v2\/tags?post=208093"}],"curies":[{"name":"wp","href":"https:\/\/api.w.org\/{rel}","templated":true}]}}