{"id":208095,"date":"2025-06-27T10:23:13","date_gmt":"2025-06-27T10:23:13","guid":{"rendered":"https:\/\/www.europesays.com\/fr\/208095\/"},"modified":"2025-06-27T10:23:13","modified_gmt":"2025-06-27T10:23:13","slug":"lecole-des-savoirs-partages-table-sur-lemancipation-de-lenfant","status":"publish","type":"post","link":"https:\/\/www.europesays.com\/fr\/208095\/","title":{"rendered":"L&rsquo;Ecole des Savoirs Partag\u00e9s table sur l&rsquo;\u00e9mancipation de l&rsquo;enfant"},"content":{"rendered":"<p>L\u2019\u00c9cole des Savoirs Partag\u00e9s ouvrira ses portes \u00e0 Lyon, \u00e0 la rentr\u00e9e prochaine en septembre 2025. Les initiateurs de ce projet veulent, \u00e0 travers cette \u00e9cole, cr\u00e9er un cadre s\u00e9curisant qui permette \u00e0 chacun de d\u00e9velopper ses capacit\u00e9s d\u2019agir et de penser. En tablant sur l\u2019\u00e9mancipation de l\u2019enfant\u2026<\/p>\n<p>L\u2019<strong>Ecole des Savoirs Partag\u00e9s<\/strong> est une <strong><a href=\"https:\/\/ecoledessavoirspartages.fr\/\" target=\"_blank\" rel=\"noreferrer noopener nofollow\">\u00e9cole alternative \u00e0 \u00e9chelle humaine<\/a><\/strong>. Elle accueille les enfants du CP au CM2. Elle leur permet d\u2019\u00eatre pleinement <strong>acteurs et actrices de leurs apprentissages<\/strong>.<\/p>\n<p>Tout en garantissant l\u2019enseignement des <strong>savoirs fondamentaux<\/strong> requis par l\u2019<strong>Education Nationale<\/strong>, l\u2019\u00e9quipe entend donner \u00e0 chaque enfant la possibilit\u00e9 de <strong>comprendre et appr\u00e9hender le monde<\/strong> qui l\u2019entoure\u2026 Avec curiosit\u00e9, prise de recul et nuance\u2026<\/p>\n<p>Ecoutez aussi : <a href=\"https:\/\/www.lyondemain.fr\/premieres-pages-lecture-enfants-ecully\/\" target=\"_blank\" rel=\"noreferrer noopener nofollow\">Premi\u00e8res Pages\u00a0: le dispositif s\u2019installe \u00e0 Lyon<\/a><\/p>\n<p>Donner \u00e0 l\u2019enfant l\u2019assurance d\u2019\u00eatre toujours \u00e9cout\u00e9<\/p>\n<p>\u00c0 l\u2019<strong>Ecole des Savoirs Partag\u00e9s<\/strong>, chaque enfant a le moyen d\u2019exprimer ce qu\u2019il pense ou ce qu\u2019il ressent. Objectif : qu\u2019il ait l\u2019<strong>assurance d\u2019<\/strong>une \u00e9coute et d\u2019une consid\u00e9ration.<\/p>\n<p>\u00ab\u00a0Un <strong>cadre bienveillant et respectueux<\/strong> de chaque personne est la cl\u00e9 pour permettre de s\u2019ouvrir aux autres et construire collectivement des <strong>espaces d\u2019apprentissage apais\u00e9s<\/strong>, joyeux et \u00e9mancipateurs\u00a0\u00bb explique l\u2019\u00e9quipe.<\/p>\n<p>Pour en savoir plus,\u00a0nous avons rencontr\u00e9 <strong>Robin Purgus<\/strong>, membre de l\u2019\u00e9quipe p\u00e9dagogique de l\u2019<strong>Ecole des Savoirs Partag\u00e9s. <\/strong>Ecoutez le podcast<\/p>\n<p>Ecole des savoirs partag\u00e9s<\/p>\n<p>Privil\u00e9gier la confiance, la responsabilit\u00e9\u2026<\/p>\n<p>\u00ab\u00a0Les enfants peuvent et sont m\u00eame encourag\u00e9s, \u00e0 dire ce qu\u2019ils, elles, ressentent\u2026 Et \u00e9galement ce qu\u2019ils pensent. Dans nos <strong>pratiques p\u00e9dagogiques<\/strong>, le fait de pouvoir admettre qu\u2019on se trompe en tant qu\u2019adulte, c\u2019est quelque chose qui est sain et qui ne pose pas de probl\u00e8me. On privil\u00e9gie la <strong>confiance<\/strong>, la <strong>responsabilit\u00e9<\/strong>, et pas forc\u00e9ment le pouvoir et l\u2019\u00e9crasement. C\u2019est <strong>parler \u00e0 hauteur d\u2019enfants<\/strong>. Pas leur dire que telle ou telle chose est trop compliqu\u00e9e pour eux. Ou qu\u2019ils n\u2019ont pas le droit de parler de telle ou telle chose parce que ce n\u2019est pas adapt\u00e9 pour leur \u00e2ge. Non, il y a <strong>toujours des r\u00e9ponses\u2026 adapt\u00e9es<\/strong>. Il n\u2019y a pas de sujets interdits\u2026 On fait en sorte que l\u2019enfant se sente pleinement <strong>acteur<\/strong> et <strong>pleinement reconnu en tant que personne<\/strong> \u00e0 part enti\u00e8re au sein de l\u2019\u00e9cole. par les autres enfants, mais aussi par les adultes\u00a0\u00bb esplique <strong>Robin Purgus<\/strong>.<\/p>\n<p>Une journ\u00e9e portes ouvertes aura lieu samedi prochain 28 juin\u00a0ai 31 rue des Tuiliers Lyon 8e. A la rentr\u00e9e, L\u2019<strong>\u00c9cole des Savoirs Partag\u00e9s <\/strong>s\u2019installera dans le 3\u00e8me arrondissement. Dans des locaux situ\u00e9s a<strong>u 2 Rue Pierre Bourdan<\/strong><\/p>\n<p>Ecoutez aussi : <a href=\"https:\/\/www.lyondemain.fr\/assiettes-vertes-cantines-lyon-label\/\" target=\"_blank\" rel=\"noreferrer noopener nofollow\">Les cantines de Lyon d\u00e9crochent le label \u00ab\u00a0Assiettes Vertes\u00a0\u00bb<\/a><\/p>\n<p><img fetchpriority=\"high\" decoding=\"async\" width=\"1200\" height=\"675\" src=\"https:\/\/www.europesays.com\/fr\/wp-content\/uploads\/2025\/06\/Ecole-des-Savoirs-Partages.jpg\" alt=\"Ecole des Savoirs Partag\u00e9s\" class=\"wp-image-250205\"  \/><br \/>\nJ\u2019aime \u00e7a\u00a0:<\/p>\n<p>J\u2019aime chargement\u2026<\/p>\n<p><a class=\"sd-link-color\"\/><\/p>\n<p>\n\tArticles similaires\n<\/p>\n<p>\t\t\t\t<img decoding=\"async\" src=\"https:\/\/www.europesays.com\/fr\/wp-content\/uploads\/2025\/06\/1751019793_928_7866158698e17e8ed633c05e8f8e7fe5d9e057ad78661c4dc34e413abb6b9f19\" alt=\"G\u00e9rald Bouchon\"\/><\/p>\n<p>Pionnier des radios libres, passionn\u00e9 de radio, journaliste et dirigeant de m\u00e9dias \u00e9co-responsables..<\/p>\n","protected":false},"excerpt":{"rendered":"L\u2019\u00c9cole des Savoirs Partag\u00e9s ouvrira ses portes \u00e0 Lyon, \u00e0 la rentr\u00e9e prochaine en septembre 2025. Les initiateurs&hellip;\n","protected":false},"author":2,"featured_media":208096,"comment_status":"","ping_status":"","sticky":false,"template":"","format":"standard","meta":{"footnotes":""},"categories":[1889],"tags":[1111,11,9581,2430,1122,34224,34225,1057,9614,1777,674,1011,27,2428,12,34227,25,34228],"class_list":{"0":"post-208095","1":"post","2":"type-post","3":"status-publish","4":"format-standard","5":"has-post-thumbnail","7":"category-lyon","8":"tag-actu","9":"tag-actualites","10":"tag-apprentissage","11":"tag-auvergne-rhone-alpes","12":"tag-ecole","13":"tag-ecole-alternative","14":"tag-ecole-des-savoirs-partages","15":"tag-education","16":"tag-enseignement","17":"tag-eu","18":"tag-europe","19":"tag-fr","20":"tag-france","21":"tag-lyon","22":"tag-news","23":"tag-pedagogies-alternatives","24":"tag-republique-francaise","25":"tag-robin-purgus"},"share_on_mastodon":{"url":"https:\/\/pubeurope.com\/@fr\/114754840518065973","error":""},"_links":{"self":[{"href":"https:\/\/www.europesays.com\/fr\/wp-json\/wp\/v2\/posts\/208095","targetHints":{"allow":["GET"]}}],"collection":[{"href":"https:\/\/www.europesays.com\/fr\/wp-json\/wp\/v2\/posts"}],"about":[{"href":"https:\/\/www.europesays.com\/fr\/wp-json\/wp\/v2\/types\/post"}],"author":[{"embeddable":true,"href":"https:\/\/www.europesays.com\/fr\/wp-json\/wp\/v2\/users\/2"}],"replies":[{"embeddable":true,"href":"https:\/\/www.europesays.com\/fr\/wp-json\/wp\/v2\/comments?post=208095"}],"version-history":[{"count":0,"href":"https:\/\/www.europesays.com\/fr\/wp-json\/wp\/v2\/posts\/208095\/revisions"}],"wp:featuredmedia":[{"embeddable":true,"href":"https:\/\/www.europesays.com\/fr\/wp-json\/wp\/v2\/media\/208096"}],"wp:attachment":[{"href":"https:\/\/www.europesays.com\/fr\/wp-json\/wp\/v2\/media?parent=208095"}],"wp:term":[{"taxonomy":"category","embeddable":true,"href":"https:\/\/www.europesays.com\/fr\/wp-json\/wp\/v2\/categories?post=208095"},{"taxonomy":"post_tag","embeddable":true,"href":"https:\/\/www.europesays.com\/fr\/wp-json\/wp\/v2\/tags?post=208095"}],"curies":[{"name":"wp","href":"https:\/\/api.w.org\/{rel}","templated":true}]}}