{"id":208097,"date":"2025-06-27T10:24:15","date_gmt":"2025-06-27T10:24:15","guid":{"rendered":"https:\/\/www.europesays.com\/fr\/208097\/"},"modified":"2025-06-27T10:24:15","modified_gmt":"2025-06-27T10:24:15","slug":"travaux-et-taxe-de-sejour-hoteliers-et-restaurateurs-lyonnais-au-bord-du-gouffre","status":"publish","type":"post","link":"https:\/\/www.europesays.com\/fr\/208097\/","title":{"rendered":"Travaux et taxe de s\u00e9jour. H\u00f4teliers et restaurateurs lyonnais au bord du gouffre &#8211;"},"content":{"rendered":"<p>\t\t\t\t<img fetchpriority=\"high\" decoding=\"async\" width=\"900\" height=\"663\" src=\"https:\/\/www.europesays.com\/fr\/wp-content\/uploads\/2025\/06\/cafe-du-xxeme-siecle.jpg\" alt=\"\" title=\"caf\u00e9 du xxeme si\u00e8cle\"   class=\"wp-image-161702\"\/><\/p>\n<p>Le caf\u00e9 du XX\u00e8me si\u00e8cle contraint de dresser sa terrasse au milieu du chantier de la rue Grenette &#8211; Photos \u00a9 Margaux Nourry pour Lyon People <\/p>\n<p><strong>Texte\u00a0: Morgan Couturier \u2013<\/strong> Malgr\u00e9 les alertes des professionnels de l\u2019h\u00f4tellerie et de la restauration, les \u00e9lus \u00e9cologistes continuent d\u2019ignorer leurs difficult\u00e9s. Un m\u00e9pris condamn\u00e9 par l\u2019UMIH du Rh\u00f4ne, dont la col\u00e8re est exacerb\u00e9e par la hausse prochaine de la taxe de s\u00e9jour sur le sol lyonnais.<\/p>\n<p>Ce n\u2019est peut-\u00eatre pas la musique du moment, un tube \u00e0 placer en haut du hit-parade pour \u00e9gayer nos journ\u00e9es d\u2019\u00e9t\u00e9, mais force est de croire que le refrain revient inlassablement.<\/p>\n<p><img loading=\"lazy\" decoding=\"async\" aria-describedby=\"caption-attachment-161704\" class=\"size-full wp-image-161704\" src=\"data:image\/svg+xml,%3Csvg%20xmlns=\" http:=\"\" alt=\"\" width=\"900\" height=\"600\" data-lazy- data-lazy- data-lazy-src=\"https:\/\/www.europesays.com\/fr\/wp-content\/uploads\/2025\/06\/Bar-Le-Big-rue-de-lAncienne-Prefecture-\u00a9-Margaux-Nourry-Lyon-People-1.jpg\"\/><\/p>\n<p id=\"caption-attachment-161704\" class=\"wp-caption-text\">Des passerelles pour pouvoir rejoindre le BIG rue de l\u2019ancienne pr\u00e9fecture. Le bar de St\u00e9phane a perdu 30% de sa client\u00e8le<\/p>\n<p>Parmi les lyrics figurent ainsi le message commun de bon nombre de commer\u00e7ants en difficult\u00e9 regrettant les cons\u00e9quences de la multiplication des travaux et d\u2019une politique d\u00e9favorable \u00e0 la croissance. En face, des \u00e9lus de la M\u00e9tropole de Lyon et de la mairie continuent eux, de rejeter cette th\u00e9orie. \u00c0 minima, exhortent-ils les professionnels de la restauration et de l\u2019h\u00f4tellerie \u00e0 surmonter cette mauvaise passe, dans l\u2019attente de jours meilleurs.<\/p>\n<p>H\u00e9las pour ces derniers, la situation est telle qu\u2019il devient complexe de survivre. Face \u00e0 l\u2019effondrement massif des chiffres d\u2019affaires des commer\u00e7ants, l\u2019Union des M\u00e9tiers des Industries de l\u2019H\u00f4tellerie du Rh\u00f4ne a donc d\u00e9cid\u00e9 de monter au cr\u00e9neau. Le but\u00a0: exprimer sa \u00ab\u00a0vive inqui\u00e9tude et sa profonde indignation face au d\u00e9ni persistant des \u00e9lus de la M\u00e9tropole de Lyon \u00e0 l\u2019\u00e9gard de la situation critique que traverse le secteur CHRDT\u00a0\u00bb.<\/p>\n<p><strong>\u00ab\u00a0Non, tous les commer\u00e7ants ne sont pas heureux\u00a0\u00bb<\/strong><\/p>\n<p>Dans un communiqu\u00e9 en date du 24 juin 2025, l\u2019organisation professionnelle pointe ainsi un \u00ab m\u00e9pris \u00bb des \u00e9cologistes, indiff\u00e9rents aux courriers et autres revendications formul\u00e9es lors des r\u00e9unions. La mise en \u0153uvre de la ZTL, les 30 chantiers qui d\u00e9figurent la Presqu\u2019\u00eele et la pi\u00e9tonisation de la rue de la R\u00e9publique en sont les exemples les plus r\u00e9cents.<\/p>\n<p><img loading=\"lazy\" decoding=\"async\" aria-describedby=\"caption-attachment-161703\" class=\"wp-image-161703 size-full\" src=\"data:image\/svg+xml,%3Csvg%20xmlns=\" http:=\"\" alt=\"\" width=\"900\" height=\"769\" data-lazy- data-lazy- data-lazy-src=\"https:\/\/www.europesays.com\/fr\/wp-content\/uploads\/2025\/06\/Le-Progres-24-juin-2025.jpg\"\/><\/p>\n<p id=\"caption-attachment-161703\" class=\"wp-caption-text\">Autre exemple significatif, le cas du 405, rue Lanterne, \u00e9voqu\u00e9 par le Progr\u00e8s du 24 juin 2025<\/p>\n<p>\u00ab\u00a0Les derni\u00e8res d\u00e9clarations du Pr\u00e9sident de la M\u00e9tropole de Lyon vantent une dynamique \u00e9conomique in\u00e9dite et une satisfaction g\u00e9n\u00e9ralis\u00e9e des commer\u00e7ants. Mais non, tous les commer\u00e7ants ne sont pas heureux. Beaucoup d\u2019entre eux sont au bord de la rupture. Certains ont d\u00e9j\u00e0 cess\u00e9 leur activit\u00e9, d\u2019autres luttent chaque jour pour survivre\u00a0\u00bb, pointe encore l\u2019UMIH de Rh\u00f4ne.<\/p>\n<p>H\u00e9las, l\u2019organisation doit \u00e9galement affronter une nouvelle mesure improductive : l\u2019augmentation de la taxe de s\u00e9jour, \u00e0 compter du 1er janvier 2026. Si cette hausse n\u2019est que de 10%, c\u2019est une nouvelle \u00e9pine plant\u00e9e dans le pied du secteur du CHRDT, dans un contexte d\u2019attractivit\u00e9 en baisse.<\/p>\n<p><img loading=\"lazy\" decoding=\"async\" aria-describedby=\"caption-attachment-161705\" class=\"size-full wp-image-161705\" src=\"data:image\/svg+xml,%3Csvg%20xmlns=\" http:=\"\" alt=\"\" width=\"900\" height=\"600\" data-lazy- data-lazy- data-lazy-src=\"https:\/\/www.europesays.com\/fr\/wp-content\/uploads\/2025\/06\/Travaux-quai-Jules-Courmont-Ninkasi-2-\u00a9-Margaux-Nourry-Lyon-People-1.jpg\"\/><\/p>\n<p id=\"caption-attachment-161705\" class=\"wp-caption-text\">Les engins de chantier en action devant le Ninkasi, quai Jules Courmont<\/p>\n<p><strong>\u00ab Le signal adress\u00e9 au secteur h\u00f4telier est profond\u00e9ment d\u00e9moralisant et d\u00e9sastreux \u00bb<\/strong><\/p>\n<p>\u00ab\u00a0Cette mesure appara\u00eet comme un coup suppl\u00e9mentaire port\u00e9 \u00e0 des entreprises d\u00e9j\u00e0 \u00e0 genoux. Le signal adress\u00e9 au secteur CHRDT est profond\u00e9ment d\u00e9moralisant et d\u00e9sastreux. Il donne l\u2019image d\u2019une collectivit\u00e9 m\u00e9tropolitaine qui tourne le dos \u00e0 une fili\u00e8re pourtant essentielle \u00e0 l\u2019attractivit\u00e9, au dynamisme et \u00e0 l\u2019identit\u00e9 du territoire. Il est in\u00e9luctable de s\u2019interroger sur le soutien r\u00e9el au tourisme par la M\u00e9tropole de Lyon\u00a0\u00bb, bl\u00e2ment <strong>Thierry Fontaine<\/strong> et ses confr\u00e8res.<\/p>\n<p>Face \u00e0 ce constat, les exemples se multiplient\u00a0: les \u00e9tablissements de la M\u00e9tropole, en particulier \u00e0 Lyon, doivent rivaliser d\u2019ing\u00e9niosit\u00e9 pour contrebalancer les pertes issues des travaux et des mesures r\u00e9pressives des \u00e9cologistes. Dans ce contexte d\u00e9l\u00e9t\u00e8re pour le moral comme pour les affaires, la hausse de la taxe de s\u00e9jour ne passe pas.<\/p>\n<p><img loading=\"lazy\" decoding=\"async\" aria-describedby=\"caption-attachment-161707\" class=\"size-full wp-image-161707\" src=\"data:image\/svg+xml,%3Csvg%20xmlns=\" http:=\"\" alt=\"\" width=\"900\" height=\"599\" data-lazy- data-lazy- data-lazy-src=\"https:\/\/www.europesays.com\/fr\/wp-content\/uploads\/2025\/06\/Travaux-rue-Jussieu-x-place-de-la-Republique-Uniqlo-\u00a9-Margaux-Nourry-Lyon-People-1.jpg\"\/><\/p>\n<p id=\"caption-attachment-161707\" class=\"wp-caption-text\">Rue Jussieu, les travaux ont impact\u00e9 deux h\u00f4tels : le Carlton et le Boscolo<\/p>\n<p>\u00ab\u00a0Une hausse de prix, c\u2019est potentiellement un coup port\u00e9 au secteur. C\u2019est risquer une baisse de fr\u00e9quentation. C\u2019est une h\u00f4tellerie moins comp\u00e9titive, une destination moins accessible. A l\u2019heure d\u2019une M\u00e9tropole ravag\u00e9e par les travaux, de la mise en place de la zone \u00e0 trafic limit\u00e9, de toutes ces tracasseries d\u2019acc\u00e8s, est-ce r\u00e9ellement le bon signe \u00e0 envoyer \u00e0 tous ceux qui vivent gr\u00e2ce au tourisme ?\u00a0\u00bb, pointe de son c\u00f4t\u00e9 l\u2019ancienne s\u00e9natrice <strong>Mich\u00e8le Vullien<\/strong>, conseill\u00e8re m\u00e9tropolitaine et membre du groupe \u00ab Inventer la M\u00e9tropole de Demain\u00a0\u00bb.<\/p>\n<p>La r\u00e9ponse apport\u00e9e par l\u2019ex\u00e9cutif m\u00e9tropolitain est totalement hors sol\u00a0: \u00ab\u00a0les clients qui fr\u00e9quentent les h\u00f4tels trois \u00e9toiles ont les moyens\u00a0\u00bb. Ce sont pourtant ces m\u00eames clients qui participent \u00e0 la cr\u00e9ation de richesse. H\u00e9las, <strong>Bruno Bernard<\/strong> voit surtout en eux, une source de recettes suppl\u00e9mentaires.<\/p>\n<p><img loading=\"lazy\" decoding=\"async\" aria-describedby=\"caption-attachment-161706\" class=\"wp-image-161706 size-full\" src=\"data:image\/svg+xml,%3Csvg%20xmlns=\" http:=\"\" alt=\"\" width=\"900\" height=\"600\" data-lazy- data-lazy- data-lazy-src=\"https:\/\/www.europesays.com\/fr\/wp-content\/uploads\/2025\/06\/Travaux-rue-de-la-Monnaie-\u00a9-Margaux-Nourry-Lyon-People-1.jpg\"\/><\/p>\n<p id=\"caption-attachment-161706\" class=\"wp-caption-text\">La rue de la Monnaie \u00e9ventr\u00e9e..<\/p>\n<p>\u00ab\u00a0D\u00e9sormais, on comprend votre logique : d\u00e8s qu\u2019un besoin de financement se fait sentir, hop un imp\u00f4t par-ci, une taxe par-l\u00e0 !\u00a0\u00bb, souligne ainsi Mich\u00e8le Vullien. Le bras de fer engag\u00e9 par les \u00e9cologistes contre les acteurs \u00e9conomiques est donc loin d\u2019\u00eatre termin\u00e9. Avec, pour fait notable, l\u2019entr\u00e9e de l\u2019UMIH dans la bataille.<\/p>\n","protected":false},"excerpt":{"rendered":"Le caf\u00e9 du XX\u00e8me si\u00e8cle contraint de dresser sa terrasse au milieu du chantier de la rue Grenette&hellip;\n","protected":false},"author":2,"featured_media":208098,"comment_status":"","ping_status":"","sticky":false,"template":"","format":"standard","meta":{"footnotes":""},"categories":[1889],"tags":[4257,1111,34709,11,2430,1777,674,1011,27,2428,12,25,34710],"class_list":{"0":"post-208097","1":"post","2":"type-post","3":"status-publish","4":"format-standard","5":"has-post-thumbnail","7":"category-lyon","8":"tag-0top","9":"tag-actu","10":"tag-actualite-lyon-ecologistes","11":"tag-actualites","12":"tag-auvergne-rhone-alpes","13":"tag-eu","14":"tag-europe","15":"tag-fr","16":"tag-france","17":"tag-lyon","18":"tag-news","19":"tag-republique-francaise","20":"tag-umih-69"},"share_on_mastodon":{"url":"https:\/\/pubeurope.com\/@fr\/114754844761500147","error":""},"_links":{"self":[{"href":"https:\/\/www.europesays.com\/fr\/wp-json\/wp\/v2\/posts\/208097","targetHints":{"allow":["GET"]}}],"collection":[{"href":"https:\/\/www.europesays.com\/fr\/wp-json\/wp\/v2\/posts"}],"about":[{"href":"https:\/\/www.europesays.com\/fr\/wp-json\/wp\/v2\/types\/post"}],"author":[{"embeddable":true,"href":"https:\/\/www.europesays.com\/fr\/wp-json\/wp\/v2\/users\/2"}],"replies":[{"embeddable":true,"href":"https:\/\/www.europesays.com\/fr\/wp-json\/wp\/v2\/comments?post=208097"}],"version-history":[{"count":0,"href":"https:\/\/www.europesays.com\/fr\/wp-json\/wp\/v2\/posts\/208097\/revisions"}],"wp:featuredmedia":[{"embeddable":true,"href":"https:\/\/www.europesays.com\/fr\/wp-json\/wp\/v2\/media\/208098"}],"wp:attachment":[{"href":"https:\/\/www.europesays.com\/fr\/wp-json\/wp\/v2\/media?parent=208097"}],"wp:term":[{"taxonomy":"category","embeddable":true,"href":"https:\/\/www.europesays.com\/fr\/wp-json\/wp\/v2\/categories?post=208097"},{"taxonomy":"post_tag","embeddable":true,"href":"https:\/\/www.europesays.com\/fr\/wp-json\/wp\/v2\/tags?post=208097"}],"curies":[{"name":"wp","href":"https:\/\/api.w.org\/{rel}","templated":true}]}}