{"id":208099,"date":"2025-06-27T10:25:09","date_gmt":"2025-06-27T10:25:09","guid":{"rendered":"https:\/\/www.europesays.com\/fr\/208099\/"},"modified":"2025-06-27T10:25:09","modified_gmt":"2025-06-27T10:25:09","slug":"trafic-paralyse-apres-un-incendie-retrait-des-titres-de-sejour-linfo-a-midi-en-ile-de-france","status":"publish","type":"post","link":"https:\/\/www.europesays.com\/fr\/208099\/","title":{"rendered":"Trafic paralys\u00e9 apr\u00e8s un incendie, retrait des titres de s\u00e9jour\u2026 l\u2019info \u00e0 midi en \u00cele-de-France"},"content":{"rendered":"<p>            Par<br \/>\n        <strong><br \/>\n            <a href=\"https:\/\/actu.fr\/auteur\/l-bourven\" title=\"Consulter tous les articles de Laura Bourven\" rel=\"nofollow noopener\" target=\"_blank\">Laura Bourven<\/a><br \/>\n        <\/strong><\/p>\n<p>        Publi\u00e9 le<\/p>\n<p>            27 juin 2025 \u00e0 11h53        <\/p>\n<p>Vendredi 27\u00a0juin 2025, le trafic est toujours bloqu\u00e9 dans <b>l\u2019Essonne <\/b>sur la N104 apr\u00e8s un important incendie. En <b>Seine-Saint-Denis<\/b>, le pr\u00e9fet s\u2019explique apr\u00e8s avoir retir\u00e9 des titres de s\u00e9jour \u00e0 des \u00e9trangers.<\/p>\n<p class=\" wall-content\">Dans les <b>Yvelines<\/b>, plusieurs nouveaux commerces ouvrent dans un centre commercial. En<b> Seine-et-Marne<\/b>, un \u00e9v\u00e9nement organis\u00e9 avec un show de drones. Enfin, un incendie \u00e9clate apr\u00e8s l\u2019\u00e9vacuation de gens du voyage dans le<b> Val-d\u2019Oise.<\/b><\/p>\n<p>Les informations \u00e0 retenir ce vendredi 27\u00a0juin 2025, \u00e0 midi, en \u00cele-de-France<\/p>\n<p class=\" wall-content\"><b>Essonne.\u00a0<a href=\"https:\/\/actu.fr\/ile-de-france\/ris-orangis_91521\/trafic-paralyse-sur-la-n104-21-victimes-ce-qu-il-faut-savoir-sur-l-incendie-en-cours-a-ris-orangis_62832994.html\" rel=\"nofollow noopener\" target=\"_blank\">Trafic paralys\u00e9 sur la N104, 21 victimes\u2026 Ce qu\u2019il faut savoir sur l\u2019incendie en cours \u00e0 Ris-Orangis<\/a><\/b><\/p>\n<p class=\" wall-content\">L\u2019incendie, qui s\u2019est d\u00e9clar\u00e9 ce jeudi 26\u00a0juin dans un camp de Roms non occup\u00e9, \u00e0 proximit\u00e9 de la N104 et l\u2019hippodrome de Ris-Orangis, est toujours en cours d\u2019extinction.<\/p>\n<p class=\" wall-content\"><b>Seine-Saint-Denis. <a href=\"https:\/\/actu.fr\/ile-de-france\/bobigny_93008\/j-assume-le-prefet-de-seine-saint-denis-defend-le-retrait-des-titres-de-sejour-des-etrangers-delinquants_62829277.html\" rel=\"nofollow noopener\" target=\"_blank\">\u00ab\u2009J\u2019assume\u2009\u00bb\u2009: le pr\u00e9fet de Seine-Saint-Denis d\u00e9fend le retrait des titres de s\u00e9jour des \u00e9trangers d\u00e9linquants<\/a><\/b><\/p>\n<p class=\" wall-content\">Depuis le d\u00e9but de l\u2019ann\u00e9e 2025, 34 \u00e9trangers en situation r\u00e9guli\u00e8re ont perdu leur titre de s\u00e9jour apr\u00e8s avoir commis des infractions en Seine-Saint-Denis.<\/p>\n<p class=\" wall-content\"><b>Yvelines. <a href=\"https:\/\/actu.fr\/ile-de-france\/le-chesnay-rocquencourt_78158\/yvelines-huit-nouvelles-enseignes-ouvrent-au-centre-commercial-parly-2_62827546.html\" rel=\"nofollow noopener\" target=\"_blank\">Huit nouvelles enseignes ouvrent au centre commercial Parly 2<\/a><\/b><\/p>\n<p class=\" wall-content\">Au centre commercial Westfield Parly 2, au Chesnay-Rocquencourt (Yvelines), huit nouvelles enseignes font leur arriv\u00e9e.<\/p>\n<p class=\" wall-content\"><b>Seine-et-Marne. <a href=\"https:\/\/actu.fr\/ile-de-france\/nandy_77326\/seine-et-marne-cette-commune-propose-un-spectacle-avec-200-drones-le-28-juin_62822870.html\" rel=\"nofollow noopener\" target=\"_blank\">Cette commune propose un spectacle avec 200 drones le 28\u00a0juin<\/a><\/b><\/p>\n<p class=\" wall-content\">Samedi 28\u00a0juin, la ville de Nandy propose sa \u00ab\u2009F\u00e9\u00e9rie \u00e9toil\u00e9e\u2009\u00bb, avec, en point d\u2019orgue, un spectacle de 200 drones pour une chor\u00e9graphie c\u00e9leste.<\/p>\n<p>Vid\u00e9os : en ce moment sur Actu<\/p>\n<p class=\" wall-content\"><b>Val-d\u2019Oise. <a href=\"https:\/\/actu.fr\/ile-de-france\/groslay_95288\/la-butte-pinson-sembrase-apres-lexpulsion-des-gens-du-voyage_62828604.html\" rel=\"nofollow noopener\" target=\"_blank\">La Butte Pinson s\u2019embrase apr\u00e8s l\u2019expulsion des gens du voyage<\/a><\/b><\/p>\n<p class=\" wall-content\">Mardi 24\u00a0juin 2025, un violent incendie a \u00e9clat\u00e9 apr\u00e8s l\u2019\u00e9vacuation des gens du voyage sur le site de la Butte Pinson, \u00e0 Groslay. L\u2019intervention des pompiers se poursuit ce jeudi.<\/p>\n<p>Suivez-nous pour en savoir plus\u2009!<\/p>\n<p class=\" wall-content\">Vous voulez plus d\u2019infos sur l\u2019\u00cele-de-France\u2009? Vous pouvez nous retrouver sur Actu \u00cele-de-France. Pour nous suivre sur les r\u00e9seaux sociaux, dans vos d\u00e9partements\u2009:<br \/><b>Paris\u2009<\/b>: retrouvez\u00a0actu\u00a0Paris\u00a0sur\u00a0<a href=\"https:\/\/www.facebook.com\/actufr.paris\" rel=\"nofollow noopener\" target=\"_blank\">Facebook\u00a0<\/a>et\u00a0<a href=\"https:\/\/x.com\/actufrparis\" rel=\"nofollow\">Twitter\u2009<\/a>;<br \/><b>Seine-et-Marne<\/b>\u2009: retrouvez\u00a0La R\u00e9publique de Seine-et-Marne (sud) sur\u00a0<a href=\"https:\/\/www.facebook.com\/RepubliqueSeineMarne\" rel=\"nofollow noopener\" target=\"_blank\">Facebook\u00a0<\/a>et\u00a0<a href=\"https:\/\/x.com\/LaRep77\" rel=\"nofollow\">Twitter\u2009<\/a>; La Marne (nord) sur\u00a0<a href=\"https:\/\/www.facebook.com\/journallarmarne\" rel=\"nofollow noopener\" target=\"_blank\">Facebook\u00a0<\/a>et\u00a0<a href=\"https:\/\/x.com\/JournalLaMarne\" rel=\"nofollow\">Twitter\u2009<\/a>; et\u00a0Le Pays Briard\u00a0sur\u00a0<a href=\"https:\/\/www.facebook.com\/LePaysBriard\" rel=\"nofollow noopener\" target=\"_blank\">Facebook\u00a0<\/a>et\u00a0<a href=\"https:\/\/x.com\/LePaysBriard\" rel=\"nofollow\">Twitter\u2009<\/a>;<br \/><b>Essonne\u2009<\/b>: retrouvez\u00a0actu Essonne\u00a0sur\u00a0<a href=\"https:\/\/www.facebook.com\/actuessonne\" rel=\"nofollow noopener\" target=\"_blank\">Facebook\u00a0<\/a>et\u00a0<a href=\"https:\/\/x.com\/ActuEssonne\" rel=\"nofollow\">Twitter\u2009<\/a>;<\/p>\n<p class=\" wall-content\"><b>Hauts-de-Seine<\/b>\u2009: retrouvez\u00a0actu\u00a0Hauts-de-Seine\u00a0sur\u00a0<a href=\"https:\/\/www.facebook.com\/actufr.hautsdeseine\" rel=\"nofollow noopener\" target=\"_blank\">Facebook\u00a0<\/a>et\u00a0<a href=\"https:\/\/x.com\/actufr92\" rel=\"nofollow\">Twitter\u2009<\/a>;<br \/><b>Seine-Saint-Denis\u2009<\/b>: retrouvez actu Seine-Saint-Denis\u00a0sur\u00a0<a href=\"https:\/\/www.facebook.com\/actufr.seinesaintdenis\" rel=\"nofollow noopener\" target=\"_blank\">Facebook\u00a0<\/a>et\u00a0<a href=\"https:\/\/x.com\/actufr93\" rel=\"nofollow\">Twitter\u2009<\/a>;<br \/><b>Val-de-Marne<\/b>\u2009: retrouvez\u00a0actu Val-de-Marne\u00a0sur\u00a0<a href=\"https:\/\/www.facebook.com\/actufr.valdemarne\" rel=\"nofollow noopener\" target=\"_blank\">Facebook\u00a0<\/a>et\u00a0<a href=\"https:\/\/x.com\/actufr94\" rel=\"nofollow\">Twitter\u2009<\/a>;<br \/><b>Val-d\u2019Oise<\/b>\u2009: retrouvez\u00a0La Gazette du Val-d\u2019Oise\u00a0sur\u00a0<a href=\"https:\/\/www.facebook.com\/lagazetteduvaldoise\" rel=\"nofollow noopener\" target=\"_blank\">Facebook\u00a0<\/a>et\u00a0<a href=\"https:\/\/x.com\/lagazette95\" rel=\"nofollow\">Twitter<\/a>.<\/p>\n<p class=\" wall-content\">Suivez toute l\u2019actualit\u00e9 de vos villes et m\u00e9dias favoris en vous inscrivant \u00e0 <a href=\"https:\/\/moncompte.actu.fr\" title=\"D\u00e9couvez Mon Actu\" rel=\"nofollow noopener\" data-trk=\"{&quot;cta&quot;:{&quot;action&quot;:&quot;https:\\\/\\\/moncompte.actu.fr&quot;,&quot;category&quot;:&quot;mon compte&quot;,&quot;from&quot;:&quot;article footer&quot;,&quot;name&quot;:&quot;Mon actu&quot;,&quot;type&quot;:&quot;cta&quot;}}\" target=\"_blank\">Mon Actu<\/a>.<\/p>\n","protected":false},"excerpt":{"rendered":"Par Laura Bourven Publi\u00e9 le 27 juin 2025 \u00e0 11h53 Vendredi 27\u00a0juin 2025, le trafic est toujours bloqu\u00e9&hellip;\n","protected":false},"author":2,"featured_media":208100,"comment_status":"","ping_status":"","sticky":false,"template":"","format":"standard","meta":{"footnotes":""},"categories":[1592],"tags":[1111,11,1777,674,1011,27,662,1310,12,626,25,104],"class_list":{"0":"post-208099","1":"post","2":"type-post","3":"status-publish","4":"format-standard","5":"has-post-thumbnail","7":"category-ile-de-france","8":"tag-actu","9":"tag-actualites","10":"tag-eu","11":"tag-europe","12":"tag-fr","13":"tag-france","14":"tag-ile-de-france","15":"tag-incendie","16":"tag-news","17":"tag-paris","18":"tag-republique-francaise","19":"tag-societe"},"share_on_mastodon":{"url":"https:\/\/pubeurope.com\/@fr\/114754848294219934","error":""},"_links":{"self":[{"href":"https:\/\/www.europesays.com\/fr\/wp-json\/wp\/v2\/posts\/208099","targetHints":{"allow":["GET"]}}],"collection":[{"href":"https:\/\/www.europesays.com\/fr\/wp-json\/wp\/v2\/posts"}],"about":[{"href":"https:\/\/www.europesays.com\/fr\/wp-json\/wp\/v2\/types\/post"}],"author":[{"embeddable":true,"href":"https:\/\/www.europesays.com\/fr\/wp-json\/wp\/v2\/users\/2"}],"replies":[{"embeddable":true,"href":"https:\/\/www.europesays.com\/fr\/wp-json\/wp\/v2\/comments?post=208099"}],"version-history":[{"count":0,"href":"https:\/\/www.europesays.com\/fr\/wp-json\/wp\/v2\/posts\/208099\/revisions"}],"wp:featuredmedia":[{"embeddable":true,"href":"https:\/\/www.europesays.com\/fr\/wp-json\/wp\/v2\/media\/208100"}],"wp:attachment":[{"href":"https:\/\/www.europesays.com\/fr\/wp-json\/wp\/v2\/media?parent=208099"}],"wp:term":[{"taxonomy":"category","embeddable":true,"href":"https:\/\/www.europesays.com\/fr\/wp-json\/wp\/v2\/categories?post=208099"},{"taxonomy":"post_tag","embeddable":true,"href":"https:\/\/www.europesays.com\/fr\/wp-json\/wp\/v2\/tags?post=208099"}],"curies":[{"name":"wp","href":"https:\/\/api.w.org\/{rel}","templated":true}]}}