{"id":208101,"date":"2025-06-27T10:26:09","date_gmt":"2025-06-27T10:26:09","guid":{"rendered":"https:\/\/www.europesays.com\/fr\/208101\/"},"modified":"2025-06-27T10:26:09","modified_gmt":"2025-06-27T10:26:09","slug":"meteo-apres-les-violents-orages-une-nouvelle-vague-de-chaleur-va-sabattre-sur-paris-et-lile-de-france","status":"publish","type":"post","link":"https:\/\/www.europesays.com\/fr\/208101\/","title":{"rendered":"M\u00e9t\u00e9o. Apr\u00e8s les violents orages, une nouvelle vague de chaleur va s&rsquo;abattre sur Paris et l&rsquo;\u00cele-de-France"},"content":{"rendered":"<p>            Par<br \/>\n        <strong><br \/>\n            <a href=\"https:\/\/actu.fr\/auteur\/redaction-paris\" title=\"Consulter tous les articles de R\u00e9daction Paris\" rel=\"nofollow noopener\" target=\"_blank\">R\u00e9daction Paris<\/a><br \/>\n        <\/strong><\/p>\n<p>        Publi\u00e9 le<\/p>\n<p>            27 juin 2025 \u00e0 11h44        <\/p>\n<p>De l\u2019orage \u00e0 la chaleur, il n\u2019y a parfois que quelques jours. Apr\u00e8s les <a href=\"https:\/\/actu.fr\/ile-de-france\/paris_75056\/orages-et-vents-violents-les-images-impressionnantes-de-paris-completement-retourne-sur-et-sous-terre_62827048.html\" rel=\"nofollow noopener\" target=\"_blank\">violentes intemp\u00e9ries<\/a> qui ont touch\u00e9 Paris et l\u2019\u00cele-de-France, dans la soir\u00e9e de mercredi 25\u00a0juin 2025, puis la baisse des temp\u00e9ratures de ces derniers jours, une <a href=\"https:\/\/actu.fr\/meteo\/meteo-paris-et-l-ile-de-france-n-en-ont-pas-fini-avec-les-temperatures-caniculaires-avant-les-orages_62808331.html\" rel=\"nofollow noopener\" target=\"_blank\">nouvelle vague de chaleur<\/a> s\u2019approche. Plusieurs d\u00e9partements sont plac\u00e9s en <strong>vigilance canicule<\/strong>. Qu\u2019en est-il dans la capitale\u2009?<\/p>\n<p>Des temp\u00e9ratures, \u00ab\u2009tr\u00e8s au-dessus des valeurs normalement observ\u00e9es\u2009\u00bb<\/p>\n<p class=\" wall-content\">Pour l\u2019heure, <a href=\"https:\/\/actu.fr\/tag\/meteo-france\" rel=\"nofollow noopener\" target=\"_blank\">M\u00e9t\u00e9o France<\/a> a d\u00e9clench\u00e9 l\u2019alerte jaune pour une partie de la r\u00e9gion francilienne, dont Paris et la petite couronne. Si l\u2019air est un peu frais ce vendredi 27 juin 2025, dans la matin\u00e9e, il fera <strong>27\u00b0C<\/strong> au plus chaud de l\u2019apr\u00e8s-midi mais le ciel ne se d\u00e9partira jamais vraiment de ses nuages gris.<\/p>\n<p class=\" wall-content\">Le lendemain, samedi 28\u00a0juin 2025, l\u2019institut de m\u00e9t\u00e9orologie pr\u00e9voit <strong>21\u00b0C<\/strong> \u00e0 8\u00a0heures et <strong>29\u00b0C<\/strong> \u00e0 14\u00a0heures. Le temps sera \u00ab\u2009sec\u2009\u00bb et le soleil brillera \u00ab\u2009sans partage\u2009\u00bb. Il fera, au plus frais de la soir\u00e9e, 20\u00b0C.<\/p>\n<p class=\" wall-content\">Dimanche 29\u00a0juin 2025, m\u00eame ambiance estivale. Le jour se l\u00e8vera en compagnie du soleil qui restera au dans le ciel toute la journ\u00e9e. Il fera <strong>20\u00b0C<\/strong> de minimal et <strong>33\u00b0C<\/strong> dans l\u2019apr\u00e8s-midi. \u00ab\u2009Ces temp\u00e9ratures sont tr\u00e8s au-dessus des valeurs normalement observ\u00e9es.\u2009\u00bb<\/p>\n<p class=\" wall-content\">Le d\u00e9but de semaine prochaine se fera avec encore quelques degr\u00e9s de plus\u2009: les thermom\u00e8tres afficheront entre <strong>22\u00b0C<\/strong> et <strong>37\u00b0C<\/strong>. Des temp\u00e9ratures, l\u00e0 aussi, largement au-dessus des moyennes de saison.<\/p>\n<p>Vid\u00e9os : en ce moment sur Actu<\/p>\n<p class=\" wall-content\">Suivez toute l\u2019actualit\u00e9 de vos villes et m\u00e9dias favoris en vous inscrivant \u00e0 <a href=\"https:\/\/moncompte.actu.fr\" title=\"D\u00e9couvez Mon Actu\" rel=\"nofollow noopener\" data-trk=\"{&quot;cta&quot;:{&quot;action&quot;:&quot;https:\\\/\\\/moncompte.actu.fr&quot;,&quot;category&quot;:&quot;mon compte&quot;,&quot;from&quot;:&quot;article footer&quot;,&quot;name&quot;:&quot;Mon actu&quot;,&quot;type&quot;:&quot;cta&quot;}}\" target=\"_blank\">Mon Actu<\/a>.<\/p>\n","protected":false},"excerpt":{"rendered":"Par R\u00e9daction Paris Publi\u00e9 le 27 juin 2025 \u00e0 11h44 De l\u2019orage \u00e0 la chaleur, il n\u2019y a&hellip;\n","protected":false},"author":2,"featured_media":208102,"comment_status":"","ping_status":"","sticky":false,"template":"","format":"standard","meta":{"footnotes":""},"categories":[1592],"tags":[1111,11,6698,1777,674,1011,27,662,2487,2357,12,626,25],"class_list":{"0":"post-208101","1":"post","2":"type-post","3":"status-publish","4":"format-standard","5":"has-post-thumbnail","7":"category-ile-de-france","8":"tag-actu","9":"tag-actualites","10":"tag-canicule","11":"tag-eu","12":"tag-europe","13":"tag-fr","14":"tag-france","15":"tag-ile-de-france","16":"tag-meteo","17":"tag-meteo-france","18":"tag-news","19":"tag-paris","20":"tag-republique-francaise"},"share_on_mastodon":{"url":"https:\/\/pubeurope.com\/@fr\/114754852265612844","error":""},"_links":{"self":[{"href":"https:\/\/www.europesays.com\/fr\/wp-json\/wp\/v2\/posts\/208101","targetHints":{"allow":["GET"]}}],"collection":[{"href":"https:\/\/www.europesays.com\/fr\/wp-json\/wp\/v2\/posts"}],"about":[{"href":"https:\/\/www.europesays.com\/fr\/wp-json\/wp\/v2\/types\/post"}],"author":[{"embeddable":true,"href":"https:\/\/www.europesays.com\/fr\/wp-json\/wp\/v2\/users\/2"}],"replies":[{"embeddable":true,"href":"https:\/\/www.europesays.com\/fr\/wp-json\/wp\/v2\/comments?post=208101"}],"version-history":[{"count":0,"href":"https:\/\/www.europesays.com\/fr\/wp-json\/wp\/v2\/posts\/208101\/revisions"}],"wp:featuredmedia":[{"embeddable":true,"href":"https:\/\/www.europesays.com\/fr\/wp-json\/wp\/v2\/media\/208102"}],"wp:attachment":[{"href":"https:\/\/www.europesays.com\/fr\/wp-json\/wp\/v2\/media?parent=208101"}],"wp:term":[{"taxonomy":"category","embeddable":true,"href":"https:\/\/www.europesays.com\/fr\/wp-json\/wp\/v2\/categories?post=208101"},{"taxonomy":"post_tag","embeddable":true,"href":"https:\/\/www.europesays.com\/fr\/wp-json\/wp\/v2\/tags?post=208101"}],"curies":[{"name":"wp","href":"https:\/\/api.w.org\/{rel}","templated":true}]}}