{"id":208105,"date":"2025-06-27T10:28:11","date_gmt":"2025-06-27T10:28:11","guid":{"rendered":"https:\/\/www.europesays.com\/fr\/208105\/"},"modified":"2025-06-27T10:28:11","modified_gmt":"2025-06-27T10:28:11","slug":"une-exposition-chanel-a-monaco-le-studio-ghibli-a-paris-la-mode-apaisee-de-valentino-limperatif-madame","status":"publish","type":"post","link":"https:\/\/www.europesays.com\/fr\/208105\/","title":{"rendered":"Une exposition Chanel \u00e0 Monaco, le studio Ghibli \u00e0 Paris, la mode apais\u00e9e de Valentino&#8230; L\u2019Imp\u00e9ratif Madame"},"content":{"rendered":"<p>Retour sur ce que la r\u00e9daction veut imp\u00e9rativement partager cette semaine.<\/p>\n<p>L\u2019exposition qui c\u00e9l\u00e8bre Coco Chanel<\/p>\n<p>    L\u2019affiche de l\u2019exposition Coco Chanel.<br \/>\n                Nouveau Mus\u00e9e National de Monaco<\/p>\n<p class=\"fig-paragraph\">Le Nouveau Mus\u00e9e National de Monaco (NMNM) organise une exposition en hommage \u00e0 l\u2019embl\u00e9matique Coco Chanel, au c\u0153ur de la Villa Paloma. L\u2019objectif de celle-ci\u00a0? Rendre hommage au caract\u00e8re r\u00e9solument visionnaire de l\u2019approche de\u00a0<a href=\"https:\/\/madame.lefigaro.fr\/defiles\/chanel\/automne-hiver-25-26\/pret-a-porter\/defile-chanel-pret-a-porter-automne-hiver-25-26-20250207\" target=\"_blank\" data-fig-type=\"Article\" rel=\"noopener nofollow\" data-gtm-custom-categorie=\"navigation\" data-gtm-custom-action=\"crossclick\" data-gtm-custom-label=\"Contextuel\" data-gtm-event=\"customEventSPE\" data-fig-domain=\"MADAME\">Chanel\u00a0<\/a>dans son \u00abinvention de la femme nouvelle\u00bb, selon le communiqu\u00e9. Aussi, cette exposition propose une r\u00e9trospective consacr\u00e9e \u00e0 Mademoiselle, explorant ses cr\u00e9ations inspir\u00e9es par la C\u00f4te d\u2019Azur, o\u00f9 elle a d\u2019ailleurs ouvert une enseigne \u00e0 Monaco, au sein de l\u2019H\u00f4tel Hermitage, en 1914. Pour la quatri\u00e8me ann\u00e9e cons\u00e9cutive, la maison Chanel soutient l\u2019\u00e9v\u00e9nement organis\u00e9 par le NMNM et ce, dans la continuit\u00e9 des expositions \u00abSanto Sospir\u00bb, \u00abChristian B\u00e9rard et Excentrique B\u00e9b\u00e9\u00bb, entre autres. L\u2019exposition, en place depuis le 19 juin, reste visitable jusqu\u2019au 5 octobre 2025.<strong> E.M.<\/strong><\/p>\n<p class=\"fig-paragraph\">\u00c0 retrouver \u00e0 la Villa Paloma de Monaco du 19 juin au 5 octobre 2025.<\/p>\n<p><strong>Dormir n\u2019a jamais \u00e9t\u00e9 autant \u00e0 la mode<\/strong><\/p>\n<p>    La campagne Resort Printemps Valentino.<br \/>\n                Valentino<\/p>\n<p class=\"fig-paragraph\">La maison\u00a0<a href=\"https:\/\/madame.lefigaro.fr\/defiles\/valentino\/automne-hiver-25-26\/pret-a-porter\/defile-valentino-pret-a-porter-automne-hiver-25-26-20250207\" target=\"_blank\" data-fig-type=\"Article\" rel=\"noopener nofollow\" data-gtm-custom-categorie=\"navigation\" data-gtm-custom-action=\"crossclick\" data-gtm-custom-label=\"Contextuel\" data-gtm-event=\"customEventSPE\" data-fig-domain=\"MADAME\">Valentino<\/a>\u00a0imagine pour la nouvelle collection Resort Printemps 2026 une mise en sc\u00e8ne pour le moins originale. Sur un grand lit aux draps de satin, les mannequins sont photographi\u00e9s allong\u00e9s tous habill\u00e9s par des looks iconiques de la maison. Maquill\u00e9s, coiff\u00e9s, appr\u00eat\u00e9s&#8230; mais presque tous endormis. Car qui a dit que s\u2019habiller \u00e9tait une activit\u00e9 exclusivement pens\u00e9e pour sortir, quand on peut aussi \u00eatre coquet en dormant\u00a0? La mise en sc\u00e8ne au visuel structur\u00e9 met en valeur les accessoires de la griffe comme un sac en imprim\u00e9 l\u00e9opard ou des mules \u00e0 talons. Alessandro Michele, le directeur artistique, nous plonge dans une atmosph\u00e8re baroque que l\u2019on retrouve aussi \u00e0 travers les silhouettes aux allures pimpantes. On pense \u00e0 la veste masculine nou\u00e9e \u00e0 la taille confectionn\u00e9e dans un rouge profond. Un vestiaire qui n\u2019a rien de soporifique. <strong>V.H.D.F.<\/strong><\/p>\n<p class=\"fig-paragraph\">\u00c0 retrouver sur\u00a0<a href=\"https:\/\/www.valentino.com\/fr-fr\/?gclid=19fcde6c936613249af3b631b6ac0dd7&amp;gclsrc=3p.ds&amp;msclkid=19fcde6c936613249af3b631b6ac0dd7&amp;utm_source=bing&amp;utm_medium=cpc&amp;utm_campaign=1.Valentino_FR_SEA_B_Pure-Brand%20%5BE%5D&amp;utm_term=valentino&amp;utm_content=B_Pure-Brand%20%5BE%5D\" target=\"_blank\" rel=\"nofollow noopener\" data-gtm-custom-categorie=\"navigation\" data-gtm-custom-action=\"crossclick\" data-gtm-custom-label=\"Contextuel\" data-gtm-event=\"customEventSPE\">valentino.com<\/a><\/p>\n<p><strong>Miu Miu fait voyager la litt\u00e9rature<\/strong><\/p>\n<p>    L\u2019affiche de Miu Miu Summer Reads.<br \/>\n                Miu Miu<\/p>\n<p class=\"fig-paragraph\">Pour sa deuxi\u00e8me \u00e9dition,\u00a0<a href=\"http:\/\/madame.lefigaro.fr\/style\/news\/a-la-surprise-generale-lou-doillon-defile-au-show-miu-miu-a-paris-20250311\" target=\"_blank\" data-fig-type=\"Article\" rel=\"noopener nofollow\" data-gtm-custom-categorie=\"navigation\" data-gtm-custom-action=\"crossclick\" data-gtm-custom-label=\"Contextuel\" data-gtm-event=\"customEventSPE\" data-fig-domain=\"MADAME\">Miu Miu<\/a>\u00a0Summer Reads investit les plus beaux jardins du monde. Son but\u00a0? Enrichir la pens\u00e9e contemporaine et la vie en communaut\u00e9 gr\u00e2ce au pouvoir de l\u2019\u00e9crit. L\u2019\u00e9v\u00e9nement culturel met ainsi \u00e0 l\u2019honneur la lecture et plus pr\u00e9cis\u00e9ment la litt\u00e9rature f\u00e9minine. Pour l\u2019occasion, la maison italienne s\u2019installe dans diff\u00e9rents jardins urbains\u00a0: de P\u00e9kin \u00e0 Paris en passant par Hong Kong, Milan et Osaka. Dans ces espaces verts, les visiteurs pourront gratuitement lire, \u00e9changer et se d\u00e9tendre. Cette ann\u00e9e, deux figures sont \u00e0 l\u2019honneur\u00a0: Simone de Beauvoir ainsi que Fumiko Enchi, \u00e9crivaine japonaise consid\u00e9r\u00e9e comme l\u2019une des plus importantes de son \u00e9poque. Ainsi, Miu Miu offre aux participants un exemplaire des ouvrages\u00a0: Les Ins\u00e9parables ou Femmes en attente, \u0153uvres respectives des deux \u00e9crivaines, imprim\u00e9es dans une \u00e9dition exclusive avec la signature de la griffe. Chic et intello. <strong>E.M.<\/strong><\/p>\n<p class=\"fig-paragraph\">\u00c0 retrouver \u00e0 Paris, P\u00e9kin, Hong Kong et Milan les 27 et 28 juin 2025 et \u00e0 Osaka les 28 et 29 juin 2025.<\/p>\n<p>Uniqlo x Ghibli\u00a0: la collab qui r\u00e9conforte<\/p>\n<p>    Sweatshirt de la capsule Uniqlo x Studio Ghibli<br \/>\n                Uniqlo x Studio Ghibli<\/p>\n<p class=\"fig-paragraph\"><a href=\"http:\/\/madame.lefigaro.fr\/shopping\/cette-robe-uniqlo-assure-style-et-elegance-de-juin-a-septembre-20250607\" target=\"_blank\" data-fig-type=\"Article\" rel=\"noopener nofollow\" data-gtm-custom-categorie=\"navigation\" data-gtm-custom-action=\"crossclick\" data-gtm-custom-label=\"Contextuel\" data-gtm-event=\"customEventSPE\" data-fig-domain=\"MADAME\">Uniqlo<\/a>\u00a0lance une troisi\u00e8me collaboration in\u00e9dite avec le studio d\u2019animation Ghibli. La collection d\u00e9voile des tee-shirts et sweat-shirts \u00e0 l\u2019effigie des films classiques comme Le Voyage de Chihiro, Mon voisin Totoro ou Le Gar\u00e7on et le H\u00e9ron. Des pi\u00e8ces au style minimaliste influenc\u00e9es par l\u2019univers po\u00e9tique des films de Miyazaki. La capsule introduit aussi des pi\u00e8ces de l\u2019artiste tha\u00eflandaise Kanyada Pathan, et, \u00e0 l\u2019image des chefs-d\u2019\u0153uvre du r\u00e9alisateur japonais, s\u2019adresse aux adultes comme aux enfants. Pour c\u00e9l\u00e9brer cette sortie, des projections sont organis\u00e9es au Gand Rex \u00e0 Paris, du 4 au 6 juillet, afin de (re)d\u00e9couvrir les films intemporels, et toujours aussi dans l\u2019air du temps, de Hayao Miyazaki. <strong>V.H.D.F.<\/strong><\/p>\n<p class=\"fig-paragraph\">\u00c0 retrouver sur\u00a0<a href=\"https:\/\/www.uniqlo.com\/fr\/fr\/special-feature\/ghibli-collection?msockid=0de31f82a6f7647526af0a71a7436549\" target=\"_blank\" rel=\"nofollow noopener\" data-gtm-custom-categorie=\"navigation\" data-gtm-custom-action=\"crossclick\" data-gtm-custom-label=\"Contextuel\" data-gtm-event=\"customEventSPE\">uniqlo.com<\/a><\/p>\n<p>Les lunettes de l\u2019\u00e9t\u00e9 pour les petits<\/p>\n<p>    Les lunettes Petit Bateau x Krys.<br \/>\n                Petit Bateau x Krys<\/p>\n<p class=\"fig-paragraph\">Allier confort, style et r\u00e9sistance. C\u2019est le pari tenu par Petit Bateau et Krys en proposant une gamme de lunettes pour les enfants. Chaque mod\u00e8le est pens\u00e9 pour accompagner les mouvements des petits gr\u00e2ce \u00e0 des mat\u00e9riaux souples et l\u00e9gers. Leurs formes, parfaitement adapt\u00e9es aux petits visages, permettent un fort maintien et un confort optimal. Arrondies, rectangulaires, transparentes ou color\u00e9es, les lunettes \u00e0 la fois \u00e9l\u00e9gantes et d\u00e9contract\u00e9es se d\u00e9clinent en optiques et en solaires. Cette collection garantit \u00e9galement une protection sans compromis avec des verres solaires 100% UV. Vous pouvez d\u00e8s \u00e0 pr\u00e9sent retrouver l\u2019enti\u00e8ret\u00e9 de la gamme dans les boutiques du r\u00e9seau Krys. <strong>E.M.<\/strong><\/p>\n<p class=\"fig-paragraph\">\u00c0 retrouver dans les boutiques Krys.\u00a0<\/p>\n<p><strong>Pain de Sucre c\u00e9l\u00e8bre ses 40 ans<\/strong><\/p>\n<p>    Nouvelle collection Pain de Sucre.<br \/>\n                Pain de sucre<\/p>\n<p class=\"fig-paragraph\">La maison iconique en mati\u00e8re de mode baln\u00e9aire, n\u00e9e en 1985, traverse le temps et f\u00eate cette ann\u00e9e ses 40 ans. Une nouvelle collection est donc imagin\u00e9e pour cette occasion en s\u2019inspirant directement des archives de la marque. Pi\u00e8ce signature, le<a href=\"http:\/\/madame.lefigaro.fr\/style\/news\/tout-en-un-kim-kardashian-sort-un-nouveau-maillot-de-bain-convertible-chez-skims-20250612\" target=\"_blank\" data-fig-type=\"Article\" rel=\"noopener nofollow\" data-gtm-custom-categorie=\"navigation\" data-gtm-custom-action=\"crossclick\" data-gtm-custom-label=\"Contextuel\" data-gtm-event=\"customEventSPE\" data-fig-domain=\"MADAME\">\u00a0maillot de bain<\/a>\u00a0sculptant, se d\u00e9cline ici avec audace, qu\u2019il soit dos nu ou d\u00e9collet\u00e9, il magnifie la silhouette avec pr\u00e9cision. Pain de sucre s\u2019applique aussi \u00e0 revisiter ses classiques avec des coupes modernes, et des couleurs vives du bleu roi, au vert en passant par le corail. La tendance du maillot de bain bijou ne passe pas inaper\u00e7ue dans la collection, marqu\u00e9e ici par l\u2019ajout de breloques ou de simples touches de dor\u00e9es int\u00e9gr\u00e9es aux pi\u00e8ces les plus minimalistes. Une v\u00e9ritable c\u00e9l\u00e9bration d\u2019un savoir-faire unique pour ce label qui continue, quatre d\u00e9cennies apr\u00e8s son lancement, de conjuguer h\u00e9ritage et innovation. <strong>V.H.D.F.<\/strong><\/p>\n<p class=\"fig-paragraph\">\u00c0 retrouver sur\u00a0<a href=\"https:\/\/paindesucre.com\/collections\/maillot-de-bain\" target=\"_blank\" rel=\"nofollow noopener\" data-gtm-custom-categorie=\"navigation\" data-gtm-custom-action=\"crossclick\" data-gtm-custom-label=\"Contextuel\" data-gtm-event=\"customEventSPE\">paindesucre.com<\/a><\/p>\n<p>Muu\u00f1 r\u00e9invente le panier<\/p>\n<p>    Le panier Orbi sign\u00e9 Muu\u00f1.<br \/>\n                Muu\u00f1<\/p>\n<p class=\"fig-paragraph\">La marque de maroquinerie Muu\u00f1 lance un nouveau mod\u00e8le de\u00a0<a href=\"http:\/\/madame.lefigaro.fr\/cuisine\/actu-cuisine\/a-miami-ce-cocktail-a-33-000-dollars-est-servi-dans-un-sac-birkin-20250606\" target=\"_blank\" data-fig-type=\"Article\" rel=\"noopener nofollow\" data-gtm-custom-categorie=\"navigation\" data-gtm-custom-action=\"crossclick\" data-gtm-custom-label=\"Contextuel\" data-gtm-event=\"customEventSPE\" data-fig-domain=\"MADAME\">sac<\/a>. Le panier, pi\u00e8ce incontournable de nos vestiaires d\u2019\u00e9t\u00e9, est r\u00e9interpr\u00e9t\u00e9 d\u2019une fa\u00e7on plus contemporaine. Ainsi, la maison imagine une pi\u00e8ce en osier dont les contours en cuir forment l\u2019anse du sac. L\u2019histoire de la cr\u00e9ation de la pi\u00e8ce est charg\u00e9e de symboles\u00a0: une fois ferm\u00e9, il sugg\u00e8re la forme du signe \u00abinfini\u00bb. Sa technique de fabrication t\u00e9moigne d\u2019une ma\u00eetrise des m\u00e9thodes de fabrication artisanales et son aspect arrondi permet de le porter \u00e0 l\u2019\u00e9paule ou \u00e0 la main. Les tons clairs du panier s\u2019adaptent aux looks estivaux ou aux allures plus urbaines. Fabriqu\u00e9 au Ghana, le sac iconique, fruit d\u2019une cr\u00e9ation commune, refl\u00e8te un savoir-faire local et une vision partag\u00e9e de la mode. <strong>V.H.D.F.<\/strong><\/p>\n<p class=\"fig-paragraph\">\u00c0 retrouver sur\u00a0<a href=\"https:\/\/www.muun-collection.com\/\" target=\"_blank\" rel=\"nofollow noopener\" data-gtm-custom-categorie=\"navigation\" data-gtm-custom-action=\"crossclick\" data-gtm-custom-label=\"Contextuel\" data-gtm-event=\"customEventSPE\">muuncollection.com<\/a><\/p>\n","protected":false},"excerpt":{"rendered":"Retour sur ce que la r\u00e9daction veut imp\u00e9rativement partager cette semaine. L\u2019exposition qui c\u00e9l\u00e8bre Coco Chanel L\u2019affiche de&hellip;\n","protected":false},"author":2,"featured_media":208106,"comment_status":"","ping_status":"","sticky":false,"template":"","format":"standard","meta":{"footnotes":""},"categories":[1888],"tags":[998,1111,988,1928,991,11,1927,1000,1890,993,994,1777,674,992,638,1011,27,34716,997,977,34713,999,989,34715,12,1926,995,626,1925,973,34714,25,34712,990,8826,34711,996],"class_list":{"0":"post-208105","1":"post","2":"type-post","3":"status-publish","4":"format-standard","5":"has-post-thumbnail","7":"category-paris","8":"tag-accessoire","9":"tag-actu","10":"tag-actu-mode","11":"tag-actu-paris","12":"tag-actualite-mode","13":"tag-actualites","14":"tag-actualites-paris","15":"tag-celebrites","16":"tag-chanel","17":"tag-defiles","18":"tag-egerie-mode","19":"tag-eu","20":"tag-europe","21":"tag-fashion-week","22":"tag-figaro","23":"tag-fr","24":"tag-france","25":"tag-limperatif-madame","26":"tag-lingerie","27":"tag-madame","28":"tag-miu-miu","29":"tag-mode-fashion-femme","30":"tag-mode-femme","31":"tag-munn","32":"tag-news","33":"tag-news-paris","34":"tag-nouvelle-tendance","35":"tag-paris","36":"tag-paris-news","37":"tag-people","38":"tag-petit-bateau","39":"tag-republique-francaise","40":"tag-studio-ghibli","41":"tag-tendance-mode","42":"tag-uniqlo","43":"tag-valentino","44":"tag-vetement"},"share_on_mastodon":{"url":"","error":"Validation failed: Text character limit of 500 exceeded"},"_links":{"self":[{"href":"https:\/\/www.europesays.com\/fr\/wp-json\/wp\/v2\/posts\/208105","targetHints":{"allow":["GET"]}}],"collection":[{"href":"https:\/\/www.europesays.com\/fr\/wp-json\/wp\/v2\/posts"}],"about":[{"href":"https:\/\/www.europesays.com\/fr\/wp-json\/wp\/v2\/types\/post"}],"author":[{"embeddable":true,"href":"https:\/\/www.europesays.com\/fr\/wp-json\/wp\/v2\/users\/2"}],"replies":[{"embeddable":true,"href":"https:\/\/www.europesays.com\/fr\/wp-json\/wp\/v2\/comments?post=208105"}],"version-history":[{"count":0,"href":"https:\/\/www.europesays.com\/fr\/wp-json\/wp\/v2\/posts\/208105\/revisions"}],"wp:featuredmedia":[{"embeddable":true,"href":"https:\/\/www.europesays.com\/fr\/wp-json\/wp\/v2\/media\/208106"}],"wp:attachment":[{"href":"https:\/\/www.europesays.com\/fr\/wp-json\/wp\/v2\/media?parent=208105"}],"wp:term":[{"taxonomy":"category","embeddable":true,"href":"https:\/\/www.europesays.com\/fr\/wp-json\/wp\/v2\/categories?post=208105"},{"taxonomy":"post_tag","embeddable":true,"href":"https:\/\/www.europesays.com\/fr\/wp-json\/wp\/v2\/tags?post=208105"}],"curies":[{"name":"wp","href":"https:\/\/api.w.org\/{rel}","templated":true}]}}