{"id":208107,"date":"2025-06-27T10:29:14","date_gmt":"2025-06-27T10:29:14","guid":{"rendered":"https:\/\/www.europesays.com\/fr\/208107\/"},"modified":"2025-06-27T10:29:14","modified_gmt":"2025-06-27T10:29:14","slug":"paris-les-elus-communistes-veulent-hisser-le-drapeau-palestinien-sur-lhotel-de-ville","status":"publish","type":"post","link":"https:\/\/www.europesays.com\/fr\/208107\/","title":{"rendered":"Paris\u00a0: les \u00e9lus communistes veulent hisser le drapeau palestinien sur l\u2019H\u00f4tel de Ville"},"content":{"rendered":"<p class=\"paragraph text_align_left lp-f-body-02\">C\u2019est dans un contexte de tensions exacerb\u00e9es au Proche-Orient que le groupe communiste du Conseil de Paris d\u00e9pose un v\u0153u appelant \u00e0 une multiplication des <a href=\"https:\/\/www.leparisien.fr\/societe\/fuite-en-avant-mortifere-disrael-plusieurs-syndicats-appellent-a-la-mobilisation-pour-la-palestine-samedi-11-06-2025-Y3BT724AB5AH7KS52YJES5ZZHQ.php\" target=\"_blank\" rel=\"noreferrer nofollow noopener\">soutiens de la capitale<\/a> envers la Palestine. Il sera soumis au vote des \u00e9lus parisiens lors du Conseil de Paris, organis\u00e9 du 1er au 4 juillet.<\/p>\n<p class=\"paragraph text_align_left lp-f-body-02\">Le v\u0153u propose trois mesures symboliques : l\u2019attribution de la citoyennet\u00e9 d\u2019honneur aux civils palestiniens, le hissage du drapeau palestinien sur l\u2019H\u00f4tel de Ville et l\u2019illumination de la tour Eiffel aux couleurs de la Palestine \u00ab afin d\u2019exprimer la solidarit\u00e9 des Parisiens et des Parisiennes envers les victimes civiles palestiniennes \u00bb.<\/p>\n<p class=\"paragraph text_align_left lp-f-body-02\">Des propositions qui, si elles \u00e9taient adopt\u00e9es, marqueraient un tournant dans la position de la Ville de Paris sur le conflit isra\u00e9lo-palestinien. Et qui pourraient bien enflammer, une nouvelle fois, l\u2019h\u00e9micycle parisien : depuis la trag\u00e9die du 7 octobre, chaque Conseil de Paris est ponctu\u00e9 de d\u00e9bats houleux autour de cette question sensible.<\/p>\n<blockquote class=\"twitter-tweet\">\n<p lang=\"fr\" dir=\"ltr\">La droite parisienne traite \u00ab\u00a0d\u2019antis\u00e9mites\u00a0\u00bb des \u00e9lus qui s\u2019indignent du g\u00e9nocide en cours en Gaza. <\/p>\n<p>Honte absolue. <\/p>\n<p>Qu\u2019ils assument : ils approuvent le massacre en cours, les bombardements de civils et le blocage de l\u2019aide alimentaire. <\/p>\n<p>Voil\u00e0 la v\u00e9rit\u00e9. <a href=\"https:\/\/t.co\/CXK0zMNnEI\" rel=\"nofollow\">pic.twitter.com\/CXK0zMNnEI<\/a><\/p>\n<p>\u2014 Ian Brossat (@IanBrossat) <a href=\"https:\/\/twitter.com\/IanBrossat\/status\/1930951317410726104?ref_src=twsrc%5Etfw\" rel=\"nofollow noopener\" target=\"_blank\">June 6, 2025<\/a><\/p><\/blockquote>\n<p class=\"paragraph text_align_left lp-f-body-02\">Port\u00e9 par Rapha\u00eblle Primet et <a href=\"https:\/\/www.leparisien.fr\/paris-75\/municipales-a-paris-face-aux-canicules-ian-brossat-propose-des-volets-a-toutes-les-fenetres-19-06-2025-S7OR5IVMURA3DM2LGOQDCZ3NJI.php\" target=\"_blank\" rel=\"noreferrer nofollow noopener\">Ian Brossat<\/a>, le texte s\u2019appuie sur une <a href=\"https:\/\/www.leparisien.fr\/paris-75\/paris-plusieurs-milliers-de-personnes-manifestent-en-soutien-a-gaza-17-05-2025-ZC6PQ36W3FF4PABS36AAHL7W2I.php\" target=\"_blank\" rel=\"noreferrer nofollow noopener\">vague de manifestations propalestiniennes<\/a> qui d\u00e9ferle sur l\u2019Europe, de Paris \u00e0 Berlin. Il fait notamment r\u00e9f\u00e9rence au r\u00e9cent jumelage de Marseille (Bouches-du-Rh\u00f4ne) avec une commune palestinienne, annonc\u00e9 par le maire (PS) Beno\u00eet Payan, ou encore \u00e0 l\u2019extinction des lumi\u00e8res de plusieurs H\u00f4tels de Ville en hommage aux victimes de Gaza, initiative suivie par Lyon (Rh\u00f4ne) et Bordeaux (Gironde).<\/p>\n<p>Des villes d\u2019\u00cele-de-France tr\u00e8s actives<\/p>\n<p class=\"paragraph text_align_left lp-f-body-02\">De nombreuses villes fran\u00e7aises se sont d\u00e9j\u00e0 engag\u00e9es : Rennes a demand\u00e9 la reconnaissance de l\u2019\u00c9tat palestinien, Strasbourg souhaite un jumelage avec le camp de r\u00e9fugi\u00e9s d\u2019A\u00efda, tandis que Saint-Denis a hiss\u00e9 le drapeau palestinien sur sa mairie. Des communes plus modestes comme La Chapelle-sur-Erdre ou Trappes ont \u00e9galement entrepris des d\u00e9marches similaires.<\/p>\n<p class=\"paragraph text_align_left lp-f-body-02\">Les villes communistes d\u2019\u00cele-de-France sont d\u2019ailleurs particuli\u00e8rement actives : Gennevilliers a d\u00e9j\u00e0 hiss\u00e9 le drapeau palestinien, Bagneux organise des galas sportifs solidaires, Ivry-sur-Seine des concerts de soutien, tandis que Montreuil maintient depuis 2005 une coop\u00e9ration avec la commune de Beit Sira.<\/p>\n<p class=\"paragraph text_align_left lp-f-body-02\">Cette initiative du groupe communiste intervient alors que la capitale a d\u00e9j\u00e0 \u00e9t\u00e9 critiqu\u00e9e pour son manque de positionnement clair sur le conflit. Si la tour Eiffel s\u2019\u00e9tait illumin\u00e9e <a href=\"https:\/\/www.leparisien.fr\/paris-75\/la-tour-eiffel-sest-illuminee-aux-couleurs-disrael-10-10-2023-E2SRQJEBHZEEXPMK6SX65GR6AQ.php\" target=\"_blank\" rel=\"noreferrer nofollow noopener\">aux couleurs d\u2019Isra\u00ebl<\/a> apr\u00e8s les attaques du 7 octobre 2023, puis du <a href=\"https:\/\/www.leparisien.fr\/paris-75\/guerre-au-proche-orient-a-paris-la-tour-eiffel-silluminera-pour-la-paix-ce-mercredi-soir-16-04-2025-LSLRFWMF4FEUXAN6LE5ISE4CEA.php\" target=\"_blank\" rel=\"noreferrer nofollow noopener\">mot \u00ab paix \u00bb<\/a> en avril dernier lors d\u2019une conf\u00e9rence pour la paix au Proche-Orient, la Ville reste depuis silencieuse sur le sujet.<\/p>\n<p class=\"paragraph text_align_left lp-f-body-02\">Une position que des \u00e9lus ont <a href=\"https:\/\/www.leparisien.fr\/paris-75\/paris-75007\/paris-stephane-troussel-veut-voir-la-tour-eiffel-aux-couleurs-de-la-palestine-18-06-2025-I4ZRZRGXDRAHLDLYYCG5REFYIY.php\" target=\"_blank\" rel=\"noreferrer nofollow noopener\">d\u2019ores et d\u00e9j\u00e0 d\u00e9nonc\u00e9e<\/a>. \u00ab Paris ne peut rester mutique devant l\u2019immense trag\u00e9die v\u00e9cue par le peuple palestinien \u00bb, avait notamment d\u00e9clar\u00e9 St\u00e9phane Troussel, pr\u00e9sident socialiste du conseil d\u00e9partemental de Seine-Saint-Denis, apr\u00e8s avoir demand\u00e9 \u00e0 la soci\u00e9t\u00e9 d\u2019exploitation de la tour Eiffel d\u2019illuminer le monument aux couleurs palestiniennes, sans obtenir de r\u00e9ponse.<\/p>\n<p class=\"paragraph text_align_left lp-f-body-02\">Si ce v\u0153u \u00e9tait adopt\u00e9 par le Conseil, la question de la position de la pr\u00e9fecture de Paris se poserait \u00e9galement. Le 24 juin dernier, le pr\u00e9fet du Doubs a en effet <a href=\"https:\/\/www.leparisien.fr\/societe\/un-principe-de-neutralite-le-prefet-du-doubs-demande-le-retrait-dun-drapeau-palestinien-devant-la-mairie-de-besancon-24-06-2025-56L2WHXG3ZD4VIRLVEL2KQ2ESU.php\" target=\"_blank\" rel=\"noreferrer nofollow noopener\">demand\u00e9 le retrait du drapeau palestinien<\/a> hiss\u00e9 devant la mairie de Besan\u00e7on, invoquant le \u00ab principe de neutralit\u00e9 \u00bb des b\u00e2timents publics. Une jurisprudence qui pourrait faire obstacle aux ambitions des \u00e9lus communistes parisiens.<\/p>\n<p><script async src=\"https:\/\/platform.twitter.com\/widgets.js\" charset=\"utf-8\"><\/script><\/p>\n","protected":false},"excerpt":{"rendered":"C\u2019est dans un contexte de tensions exacerb\u00e9es au Proche-Orient que le groupe communiste du Conseil de Paris d\u00e9pose&hellip;\n","protected":false},"author":2,"featured_media":208108,"comment_status":"","ping_status":"","sticky":false,"template":"","format":"standard","meta":{"footnotes":""},"categories":[1888],"tags":[11,1777,674,1011,27,1944,12,626,25],"class_list":{"0":"post-208107","1":"post","2":"type-post","3":"status-publish","4":"format-standard","5":"has-post-thumbnail","7":"category-paris","8":"tag-actualites","9":"tag-eu","10":"tag-europe","11":"tag-fr","12":"tag-france","13":"tag-ma-ville","14":"tag-news","15":"tag-paris","16":"tag-republique-francaise"},"share_on_mastodon":{"url":"https:\/\/pubeurope.com\/@fr\/114754864279920791","error":""},"_links":{"self":[{"href":"https:\/\/www.europesays.com\/fr\/wp-json\/wp\/v2\/posts\/208107","targetHints":{"allow":["GET"]}}],"collection":[{"href":"https:\/\/www.europesays.com\/fr\/wp-json\/wp\/v2\/posts"}],"about":[{"href":"https:\/\/www.europesays.com\/fr\/wp-json\/wp\/v2\/types\/post"}],"author":[{"embeddable":true,"href":"https:\/\/www.europesays.com\/fr\/wp-json\/wp\/v2\/users\/2"}],"replies":[{"embeddable":true,"href":"https:\/\/www.europesays.com\/fr\/wp-json\/wp\/v2\/comments?post=208107"}],"version-history":[{"count":0,"href":"https:\/\/www.europesays.com\/fr\/wp-json\/wp\/v2\/posts\/208107\/revisions"}],"wp:featuredmedia":[{"embeddable":true,"href":"https:\/\/www.europesays.com\/fr\/wp-json\/wp\/v2\/media\/208108"}],"wp:attachment":[{"href":"https:\/\/www.europesays.com\/fr\/wp-json\/wp\/v2\/media?parent=208107"}],"wp:term":[{"taxonomy":"category","embeddable":true,"href":"https:\/\/www.europesays.com\/fr\/wp-json\/wp\/v2\/categories?post=208107"},{"taxonomy":"post_tag","embeddable":true,"href":"https:\/\/www.europesays.com\/fr\/wp-json\/wp\/v2\/tags?post=208107"}],"curies":[{"name":"wp","href":"https:\/\/api.w.org\/{rel}","templated":true}]}}