{"id":208119,"date":"2025-06-27T10:35:14","date_gmt":"2025-06-27T10:35:14","guid":{"rendered":"https:\/\/www.europesays.com\/fr\/208119\/"},"modified":"2025-06-27T10:35:14","modified_gmt":"2025-06-27T10:35:14","slug":"lallemagne-envisage-de-relever-progressivement-le-salaire-minimum-a-1460-euros-dici-2027","status":"publish","type":"post","link":"https:\/\/www.europesays.com\/fr\/208119\/","title":{"rendered":"L&rsquo;Allemagne envisage de relever progressivement le salaire minimum \u00e0 14,60 euros d&rsquo;ici 2027"},"content":{"rendered":"<p>Une commission allemande recommande d&rsquo;augmenter progressivement le salaire minimum horaire \u00e0 14,60 euros (17,11\u00a0$) d&rsquo;ici 2027, contre 12,82 euros actuellement, selon des propositions \u00e9manant d&rsquo;un groupe nomm\u00e9 par le gouvernement. Ce niveau reste cependant inf\u00e9rieur \u00e0 l&rsquo;objectif initialement fix\u00e9 par la coalition au pouvoir.<\/p>\n<p>La hausse du salaire minimum pourrait compliquer l&#8217;embauche pour les entreprises, car l&rsquo;augmentation des co\u00fbts salariaux risque de pousser certaines \u00e0 supprimer des emplois ou \u00e0 r\u00e9duire les heures travaill\u00e9es. Ce risque est particuli\u00e8rement \u00e9lev\u00e9 pour les petites entreprises et les travailleurs peu qualifi\u00e9s, ce qui pourrait entra\u00eener une hausse du ch\u00f4mage.<\/p>\n<p>Dans un premier temps, le salaire minimum devrait passer \u00e0 13,90 euros au d\u00e9but de l&rsquo;ann\u00e9e 2026.<\/p>\n<p>La proposition de la commission, compos\u00e9e de repr\u00e9sentants des employeurs et des syndicats, doit d\u00e9sormais \u00eatre mise en oeuvre par le minist\u00e8re du Travail.<\/p>\n<p>La ministre allemande du Travail, Baerbel Bas, a salu\u00e9 cet accord, estimant qu&rsquo;il \u00ab\u00a0d\u00e9montre que le partenariat social fonctionne dans notre pays\u00a0\u00bb, et a appel\u00e9 le gouvernement \u00e0 rendre cette mesure juridiquement contraignante \u00e0 compter du 1er janvier 2026.<\/p>\n<p>Avec ces changements, la premi\u00e8re \u00e9conomie de la zone euro verrait le salaire mensuel des travailleurs \u00e0 temps plein r\u00e9mun\u00e9r\u00e9s au minimum l\u00e9gal approcher les 2\u00a0500 euros d&rsquo;ici 2027.<\/p>\n<p>L&rsquo;Allemagne disposerait alors du deuxi\u00e8me salaire minimum le plus \u00e9lev\u00e9 de l&rsquo;Union europ\u00e9enne, derri\u00e8re le Luxembourg, qui impose un minimum mensuel de 2\u00a0638 euros, selon les donn\u00e9es d&rsquo;Eurostat pour 2025.<\/p>\n<p>Trois autres pays de l&rsquo;UE affichent un salaire minimum national sup\u00e9rieur \u00e0 2\u00a0000 euros par mois\u00a0: la Belgique, les Pays-Bas et l&rsquo;Irlande.<\/p>\n<p>L&rsquo;accord de coalition sign\u00e9 entre les conservateurs et les sociaux-d\u00e9mocrates (SPD) \u00e9voquait la possibilit\u00e9 de porter le salaire minimum \u00e0 15 euros de l&rsquo;heure en 2026, un objectif jug\u00e9 \u00ab\u00a0atteignable\u00a0\u00bb et soutenu par le SPD lors des n\u00e9gociations. Il appara\u00eet toutefois que ce seuil ne sera pas atteint, m\u00eame en 2027.<\/p>\n<p>\u00ab\u00a0\u00c0 long terme, le salaire minimum doit prot\u00e9ger contre la pauvret\u00e9 et suivre l&rsquo;\u00e9volution g\u00e9n\u00e9rale des salaires\u00a0\u00bb, a d\u00e9clar\u00e9 Dagmar Schmidt, vice-pr\u00e9sidente du groupe parlementaire SPD au Bundestag, saluant la proposition tout en reconnaissant qu&rsquo;elle restait en de\u00e7\u00e0 des attentes du parti.<\/p>\n<p><b>Le ch\u00f4mage en hausse<\/b><\/p>\n<p>Les propositions de la commission interviennent dans un contexte difficile pour l&rsquo;Allemagne, apr\u00e8s deux ann\u00e9es de contraction \u00e9conomique. La faiblesse conjoncturelle commence \u00e0 peser sur le march\u00e9 du travail, et le nombre de ch\u00f4meurs s&rsquo;approche du seuil des 3\u00a0millions pour la premi\u00e8re fois en dix ans.<\/p>\n<p>\u00ab\u00a0Apr\u00e8s des ann\u00e9es de stagnation \u00e9conomique, qui ont d\u00e9j\u00e0 laiss\u00e9 des traces visibles sur le march\u00e9 du travail, il est probable que la p\u00e9riode o\u00f9 les hausses du salaire minimum passaient sans effet notable sur l&#8217;emploi soit r\u00e9volue\u00a0\u00bb, analyse Hagen Lesch, expert du travail \u00e0 l&rsquo;institut \u00e9conomique IW, qui promeut l&rsquo;\u00e9conomie de march\u00e9 et la concurrence.<\/p>\n<p>Les entreprises allemandes se montrent de plus en plus prudentes dans leur gestion des effectifs, selon le barom\u00e8tre de l&#8217;emploi de l&rsquo;institut Ifo publi\u00e9 vendredi, avant l&rsquo;annonce sur le salaire minimum.<\/p>\n<p>\u00ab\u00a0Malgr\u00e9 une am\u00e9lioration du climat \u00e9conomique, le march\u00e9 du travail n&rsquo;a pas encore amorc\u00e9 son redressement\u00a0\u00bb, souligne Klaus Wohlrabe, responsable des enqu\u00eates \u00e0 l&rsquo;Ifo. \u00ab\u00a0Il manque toujours des commandes pour justifier de nouveaux recrutements.\u00a0\u00bb<\/p>\n<p>Les chiffres montrent que le nombre de ch\u00f4meurs a augment\u00e9 de pr\u00e8s d&rsquo;un tiers depuis 2022, notamment dans les m\u00e9tiers d&rsquo;aide, g\u00e9n\u00e9ralement concern\u00e9s par le salaire minimum.<\/p>\n<p>\u00ab\u00a0Un salaire minimum \u00e0 14,60 euros risque d&rsquo;aggraver cette tendance et pourrait particuli\u00e8rement exclure les travailleurs peu qualifi\u00e9s du march\u00e9 de l&#8217;emploi\u00a0\u00bb, alerte Marc S. Tenbieg, pr\u00e9sident du DMB.<\/p>\n<p>(1\u00a0$ = 0,8535 euro)<\/p>\n","protected":false},"excerpt":{"rendered":"Une commission allemande recommande d&rsquo;augmenter progressivement le salaire minimum horaire \u00e0 14,60 euros (17,11\u00a0$) d&rsquo;ici 2027, contre 12,82&hellip;\n","protected":false},"author":2,"featured_media":208120,"comment_status":"","ping_status":"","sticky":false,"template":"","format":"standard","meta":{"footnotes":""},"categories":[1587],"tags":[11,672,340,1804,1805,1803,1777,674,1801,12,1802],"class_list":{"0":"post-208119","1":"post","2":"type-post","3":"status-publish","4":"format-standard","5":"has-post-thumbnail","7":"category-allemagne","8":"tag-actualites","9":"tag-allemagne","10":"tag-bourse","11":"tag-bundesrepublik-deutschland","12":"tag-de","13":"tag-deutschland","14":"tag-eu","15":"tag-europe","16":"tag-germany","17":"tag-news","18":"tag-republique-federale-dallemagne"},"share_on_mastodon":{"url":"https:\/\/pubeurope.com\/@fr\/114754887684549731","error":""},"_links":{"self":[{"href":"https:\/\/www.europesays.com\/fr\/wp-json\/wp\/v2\/posts\/208119","targetHints":{"allow":["GET"]}}],"collection":[{"href":"https:\/\/www.europesays.com\/fr\/wp-json\/wp\/v2\/posts"}],"about":[{"href":"https:\/\/www.europesays.com\/fr\/wp-json\/wp\/v2\/types\/post"}],"author":[{"embeddable":true,"href":"https:\/\/www.europesays.com\/fr\/wp-json\/wp\/v2\/users\/2"}],"replies":[{"embeddable":true,"href":"https:\/\/www.europesays.com\/fr\/wp-json\/wp\/v2\/comments?post=208119"}],"version-history":[{"count":0,"href":"https:\/\/www.europesays.com\/fr\/wp-json\/wp\/v2\/posts\/208119\/revisions"}],"wp:featuredmedia":[{"embeddable":true,"href":"https:\/\/www.europesays.com\/fr\/wp-json\/wp\/v2\/media\/208120"}],"wp:attachment":[{"href":"https:\/\/www.europesays.com\/fr\/wp-json\/wp\/v2\/media?parent=208119"}],"wp:term":[{"taxonomy":"category","embeddable":true,"href":"https:\/\/www.europesays.com\/fr\/wp-json\/wp\/v2\/categories?post=208119"},{"taxonomy":"post_tag","embeddable":true,"href":"https:\/\/www.europesays.com\/fr\/wp-json\/wp\/v2\/tags?post=208119"}],"curies":[{"name":"wp","href":"https:\/\/api.w.org\/{rel}","templated":true}]}}