{"id":20812,"date":"2025-04-12T23:11:11","date_gmt":"2025-04-12T23:11:11","guid":{"rendered":"https:\/\/www.europesays.com\/fr\/20812\/"},"modified":"2025-04-12T23:11:11","modified_gmt":"2025-04-12T23:11:11","slug":"le-directeur-ecarte-denonce-des-malversations","status":"publish","type":"post","link":"https:\/\/www.europesays.com\/fr\/20812\/","title":{"rendered":"le directeur \u00e9cart\u00e9 d\u00e9nonce des malversations"},"content":{"rendered":"<p><a href=\"https:\/\/www.laprovence.com\/article\/politique\/27503430739886\/mis-a-pied-le-directeur-de-13-habitat-va-contre-attaquer-en-justice\" target=\"_blank\" rel=\"nofollow noopener\">Fr\u00e9d\u00e9ric Mignon<\/a> est d\u00e9cid\u00e9 \u00e0 ne pas se laisser faire. Dans un communiqu\u00e9 transmis \u00e0 La Provence par son avocat, Me Lubrano-Lavadera, le <a href=\"https:\/\/www.laprovence.com\/article\/region\/8219639257667914\/marseille-nora-preziosi-fait-le-menage-a-la-direction-du-bailleur-13-habitat\" target=\"_blank\" rel=\"nofollow noopener\">directeur g\u00e9n\u00e9ral de 13\u00a0Habitat mis \u00e0 pied le 25\u00a0mars par le conseil d&rsquo;administration<\/a>, annonce qu&rsquo;il intentera un proc\u00e8s en \u00ab\u00a0diffamation\u00a0\u00bb et \u00ab\u00a0d\u00e9nonciations calomnieuses\u00a0\u00bb apr\u00e8s \u00ab\u00a0les communications par voie de presse de 13\u00a0Habitat qui visent \u00e0 le salir et \u00e0 le discr\u00e9diter\u00a0\u00bb. Le 26\u00a0mars, Nora Preziosi, pr\u00e9sidente (SE) du bailleur social public, avait publiquement d\u00e9nonc\u00e9 des agissements suppos\u00e9s de Fr\u00e9d\u00e9ric Mignon. Selon elle, il aurait fait signer \u00e0 son pr\u00e9d\u00e9cesseur (devenu conseiller sp\u00e9cial de 13 Habitat) un contrat de travail contenant \u00ab\u00a0des clauses susceptibles de constituer des d\u00e9lits de d\u00e9tournements de fonds publics, d&rsquo;abus de confiance et de prise ill\u00e9gale d&rsquo;int\u00e9r\u00eats\u00a0\u00bb.<\/p>\n<p>La conseill\u00e8re d\u00e9partementale assurait avoir \u00e9galement saisi la justice. Fr\u00e9d\u00e9ric Mignon indique avoir lui aussi saisi le procureur au sujet de potentiels d\u00e9lits commis chez 13\u00a0Habitat, comme \u00ab\u00a0l&rsquo;absence du respect des r\u00e8gles relatives \u00e0 l&rsquo;attribution de march\u00e9s publics\u00a0; la sur\u00e9valuation tarifaire de march\u00e9s publics\u00a0; la r\u00e9alisation de travaux, au sein de certains logements du parc immobilier de 13\u00a0Habitat, dans des\u00a0conditions anormales\u00a0; l&rsquo;attribution opaque de logements du parc de 13\u00a0Habitat\u00a0; l&#8217;embauche ou promotion de personnes au sein de 13\u00a0Habitat\u00a0\u00bb. \u00c0 l&rsquo;\u00e9t\u00e9\u00a02024, le parquet de Marseille avait ouvert une enqu\u00eate pr\u00e9liminaire \u00e0 la suite de la r\u00e9v\u00e9lation par la presse de <a href=\"https:\/\/www.laprovence.com\/article\/region\/1879370282897414\/affaire-du-logement-de-la-mere-de-nora-preziosi-une-perquisition-menee-au-siege-de-13-habitat\" target=\"_blank\" rel=\"nofollow noopener\">l&rsquo;attribution suspecte d&rsquo;un logement 13 Habitat, aux Catalans (7e), \u00e0 la propre m\u00e8re de Nora Preziosi<\/a>. Ce que l&rsquo;int\u00e9ress\u00e9e avait assum\u00e9 dans La Provence.<\/p>\n<p>La R\u00e9gion veut accueillir les chercheurs am\u00e9ricains<\/p>\n<p>\u00ab\u00a0Welcome Act\u00a0\u00bb\u00a0: c&rsquo;est le nom du programme que lancera la R\u00e9gion Provence-Alpes-C\u00f4te d&rsquo;Azur le 23\u00a0avril, pour soutenir \u00ab\u00a0<a href=\"https:\/\/www.laprovence.com\/article\/region\/2196995976990514\/luniversite-daix-marseille-ouvre-grand-les-bras-aux-chercheurs-americains\" target=\"_blank\" rel=\"nofollow noopener\">l&rsquo;accueil des chercheurs et \u00e9tudiants am\u00e9ricains\u00a0\u00bb<\/a> dont le travail est mis \u00e0 mal par la nouvelle administration Trump. Selon la R\u00e9gion, il s&rsquo;agit d&rsquo;aider \u00ab\u00a0les universit\u00e9s et \u00e9tablissements d&rsquo;enseignement sup\u00e9rieur qui s&rsquo;organisent d\u00e9j\u00e0 en ce sens\u00a0\u00bb. Le pr\u00e9sident (Ren.) Renaud Muselier veut que la R\u00e9gion soit \u00ab\u00a0une place de s\u00fbret\u00e9 pour la recherche libre et \u00e9clair\u00e9e, et essayer d&rsquo;attirer les meilleurs\u00a0\u00bb. Parmi les mesures envisag\u00e9es, le \u00ab\u00a0fl\u00e9chage\u00a0\u00bb de bourses doctorales internationales, des discussions avec le Crous pour faciliter l&rsquo;obtention de logements ou le lancement d&rsquo;un plan \u00ab\u00a0contre les fake news\u00a0\u00bb.<\/p>\n","protected":false},"excerpt":{"rendered":"Fr\u00e9d\u00e9ric Mignon est d\u00e9cid\u00e9 \u00e0 ne pas se laisser faire. Dans un communiqu\u00e9 transmis \u00e0 La Provence par&hellip;\n","protected":false},"author":2,"featured_media":20813,"comment_status":"","ping_status":"","sticky":false,"template":"","format":"standard","meta":{"footnotes":""},"categories":[2814],"tags":[17,1111,11,2826,7891,154,7889,7890,1777,674,1011,27,4250,884,12,882,16,25],"class_list":{"0":"post-20812","1":"post","2":"type-post","3":"status-publish","4":"format-standard","5":"has-post-thumbnail","7":"category-marseille","8":"tag-17","9":"tag-actu","10":"tag-actualites","11":"tag-confidentiels","12":"tag-denonce","13":"tag-des","14":"tag-directeur","15":"tag-ecarte","16":"tag-eu","17":"tag-europe","18":"tag-fr","19":"tag-france","20":"tag-habitat","21":"tag-marseille","22":"tag-news","23":"tag-provence-alpes-cote-dazur","24":"tag-region","25":"tag-republique-francaise"},"share_on_mastodon":{"url":"https:\/\/pubeurope.com\/@fr\/114327524775163051","error":""},"_links":{"self":[{"href":"https:\/\/www.europesays.com\/fr\/wp-json\/wp\/v2\/posts\/20812","targetHints":{"allow":["GET"]}}],"collection":[{"href":"https:\/\/www.europesays.com\/fr\/wp-json\/wp\/v2\/posts"}],"about":[{"href":"https:\/\/www.europesays.com\/fr\/wp-json\/wp\/v2\/types\/post"}],"author":[{"embeddable":true,"href":"https:\/\/www.europesays.com\/fr\/wp-json\/wp\/v2\/users\/2"}],"replies":[{"embeddable":true,"href":"https:\/\/www.europesays.com\/fr\/wp-json\/wp\/v2\/comments?post=20812"}],"version-history":[{"count":0,"href":"https:\/\/www.europesays.com\/fr\/wp-json\/wp\/v2\/posts\/20812\/revisions"}],"wp:featuredmedia":[{"embeddable":true,"href":"https:\/\/www.europesays.com\/fr\/wp-json\/wp\/v2\/media\/20813"}],"wp:attachment":[{"href":"https:\/\/www.europesays.com\/fr\/wp-json\/wp\/v2\/media?parent=20812"}],"wp:term":[{"taxonomy":"category","embeddable":true,"href":"https:\/\/www.europesays.com\/fr\/wp-json\/wp\/v2\/categories?post=20812"},{"taxonomy":"post_tag","embeddable":true,"href":"https:\/\/www.europesays.com\/fr\/wp-json\/wp\/v2\/tags?post=20812"}],"curies":[{"name":"wp","href":"https:\/\/api.w.org\/{rel}","templated":true}]}}