{"id":208125,"date":"2025-06-27T10:38:14","date_gmt":"2025-06-27T10:38:14","guid":{"rendered":"https:\/\/www.europesays.com\/fr\/208125\/"},"modified":"2025-06-27T10:38:14","modified_gmt":"2025-06-27T10:38:14","slug":"dramatique-accident-dans-la-somme-trois-morts-de-7-8-et-17-ans-le-jeune-conducteur-dans-un-etat-grave","status":"publish","type":"post","link":"https:\/\/www.europesays.com\/fr\/208125\/","title":{"rendered":"Dramatique accident dans la Somme\u00a0: trois morts de\u00a07, 8\u00a0et 17 ans, le jeune conducteur dans un \u00e9tat grave"},"content":{"rendered":"<p class=\"paragraph text_align_left lp-f-body-02\">Un jeune de 17 ans et deux enfants de 7 et 8 ans sont morts jeudi soir dans un accident de la route \u00e0 Montauban-de-Picardie (<a href=\"https:\/\/www.leparisien.fr\/somme-80\/\" target=\"_self\" rel=\"nofollow noopener\">Somme<\/a>), pr\u00e8s d\u2019Albert, et le conducteur, \u00e2g\u00e9 de 17 ans \u00e9galement, h\u00e9liport\u00e9 dans un \u00e9tat grave, \u00e9tait toujours en vie ce vendredi matin.<\/p>\n<p class=\"paragraph text_align_left lp-f-body-02\">Le drame s\u2019est produit vers 19 heures sur une route d\u00e9partementale, a pr\u00e9cis\u00e9 \u00e0 l\u2019AFP une source proche du dossier confirmant les informations du <a href=\"https:\/\/www.courrier-picard.fr\/id641539\/article\/2025-06-26\/un-accident-de-la-route-fait-trois-morts-dans-lest-de-la-somme\" target=\"_self\" rel=\"nofollow noopener\">Courrier Picard<\/a> et <a href=\"https:\/\/www.francebleu.fr\/infos\/faits-divers-justice\/trois-morts-dont-deux-enfants-dans-un-accident-de-la-route-dans-l-est-de-la-somme-5240091\" target=\"_self\" rel=\"nofollow noopener\">Ici Picardie<\/a>. La voiture, seule en cause, a fait une sortie de route pour une raison encore inconnue. Ce jeune homme a perdu le contr\u00f4le de son v\u00e9hicule et la voiture a fini sa course dans un cimeti\u00e8re militaire, a pr\u00e9cis\u00e9 la gendarmerie \u00e0 l\u2019AFP.<\/p>\n<p>Deux h\u00e9licopt\u00e8res, d\u2019importants moyens de secours<\/p>\n<p class=\"paragraph text_align_left lp-f-body-02\">Le conducteur, en \u00e2ge de conduire seul, selon <a href=\"https:\/\/www.leparisien.fr\/societe\/permis-de-conduire-a-17-ans-un-an-apres-sa-mise-en-place-le-bilan-savere-tres-positif-13-02-2025-BYKGWHWGRZH73JXP2IUT63MSKY.php\" target=\"_self\" rel=\"nofollow noopener\">la nouvelle r\u00e9glementation<\/a>, et les enfants \u00e9taient de la m\u00eame fratrie, selon la pr\u00e9fecture de la Somme.<\/p>\n<p class=\"paragraph text_align_left lp-f-body-02\">De nombreux moyens de secours ont \u00e9t\u00e9 d\u00e9p\u00each\u00e9s sur les lieux avec plusieurs sapeurs-pompiers et deux h\u00e9licopt\u00e8res. La d\u00e9partementale a \u00e9t\u00e9 coup\u00e9e dans les deux sens pendant plusieurs heures. Une enqu\u00eate a \u00e9t\u00e9 ouverte et confi\u00e9e \u00e0 la brigade de recherches de P\u00e9ronne.<\/p>\n","protected":false},"excerpt":{"rendered":"Un jeune de 17 ans et deux enfants de 7 et 8 ans sont morts jeudi soir dans&hellip;\n","protected":false},"author":2,"featured_media":208126,"comment_status":"","ping_status":"","sticky":false,"template":"","format":"standard","meta":{"footnotes":""},"categories":[2],"tags":[11,459,118,1011,27,12,25],"class_list":{"0":"post-208125","1":"post","2":"type-post","3":"status-publish","4":"format-standard","5":"has-post-thumbnail","7":"category-actualites","8":"tag-actualites","9":"tag-departements-horsidfo","10":"tag-faits-divers","11":"tag-fr","12":"tag-france","13":"tag-news","14":"tag-republique-francaise"},"share_on_mastodon":{"url":"https:\/\/pubeurope.com\/@fr\/114754899661878345","error":""},"_links":{"self":[{"href":"https:\/\/www.europesays.com\/fr\/wp-json\/wp\/v2\/posts\/208125","targetHints":{"allow":["GET"]}}],"collection":[{"href":"https:\/\/www.europesays.com\/fr\/wp-json\/wp\/v2\/posts"}],"about":[{"href":"https:\/\/www.europesays.com\/fr\/wp-json\/wp\/v2\/types\/post"}],"author":[{"embeddable":true,"href":"https:\/\/www.europesays.com\/fr\/wp-json\/wp\/v2\/users\/2"}],"replies":[{"embeddable":true,"href":"https:\/\/www.europesays.com\/fr\/wp-json\/wp\/v2\/comments?post=208125"}],"version-history":[{"count":0,"href":"https:\/\/www.europesays.com\/fr\/wp-json\/wp\/v2\/posts\/208125\/revisions"}],"wp:featuredmedia":[{"embeddable":true,"href":"https:\/\/www.europesays.com\/fr\/wp-json\/wp\/v2\/media\/208126"}],"wp:attachment":[{"href":"https:\/\/www.europesays.com\/fr\/wp-json\/wp\/v2\/media?parent=208125"}],"wp:term":[{"taxonomy":"category","embeddable":true,"href":"https:\/\/www.europesays.com\/fr\/wp-json\/wp\/v2\/categories?post=208125"},{"taxonomy":"post_tag","embeddable":true,"href":"https:\/\/www.europesays.com\/fr\/wp-json\/wp\/v2\/tags?post=208125"}],"curies":[{"name":"wp","href":"https:\/\/api.w.org\/{rel}","templated":true}]}}