{"id":208128,"date":"2025-06-27T10:40:09","date_gmt":"2025-06-27T10:40:09","guid":{"rendered":"https:\/\/www.europesays.com\/fr\/208128\/"},"modified":"2025-06-27T10:40:09","modified_gmt":"2025-06-27T10:40:09","slug":"ameublement-casa-france-en-liquidation-judiciaire-les-145-magasins-de-la-chaine-vont-fermer","status":"publish","type":"post","link":"https:\/\/www.europesays.com\/fr\/208128\/","title":{"rendered":"Ameublement\u00a0: Casa France en liquidation judiciaire, les 145 magasins de la cha\u00eene vont fermer"},"content":{"rendered":"<p>L&rsquo;enseigne de meubles et d&rsquo;objets de d\u00e9coration pour la maison Casa France a \u00e9t\u00e9 plac\u00e9e en liquidation judiciaire ce vendredi par le tribunal judiciaire de Bobigny. Les 145 magasins de la cha\u00eene vont fermer. <\/p>\n<p>Casa, c&rsquo;est fini. Les magasins aux enseignes vertes et blanches et aux rayons garnis d&rsquo;articles pour la maison et de meubles vont tous baisser le rideau. Le tribunal de commerce de Bobigny a prononc\u00e9, ce vendredi, la liquidation judiciaire de Casa\u00a0France, \u00ab\u00a0sans maintien de l&rsquo;activit\u00e9 de la soci\u00e9t\u00e9\u00a0\u00bb, selon la d\u00e9cision consult\u00e9e par l&rsquo;AFP. Les 145 magasins de la cha\u00eene vont donc fermer. Ils emploient environ 600 salari\u00e9s en CDI.<\/p>\n<p>Parmi les neuf offres de reprise, quatre ont \u00e9t\u00e9 \u00e9cart\u00e9es par les administrateurs, deux ont \u00e9t\u00e9 jug\u00e9es irrecevables, une a \u00e9t\u00e9 rejet\u00e9e, et deux repreneurs se sont finalement d\u00e9sist\u00e9s, est-il pr\u00e9cis\u00e9 dans la d\u00e9cision du tribunal.<\/p>\n","protected":false},"excerpt":{"rendered":"L&rsquo;enseigne de meubles et d&rsquo;objets de d\u00e9coration pour la maison Casa France a \u00e9t\u00e9 plac\u00e9e en liquidation judiciaire&hellip;\n","protected":false},"author":2,"featured_media":208129,"comment_status":"","ping_status":"","sticky":false,"template":"","format":"standard","meta":{"footnotes":""},"categories":[4],"tags":[11,1011,27,12,25],"class_list":{"0":"post-208128","1":"post","2":"type-post","3":"status-publish","4":"format-standard","5":"has-post-thumbnail","7":"category-france","8":"tag-actualites","9":"tag-fr","10":"tag-france","11":"tag-news","12":"tag-republique-francaise"},"share_on_mastodon":{"url":"https:\/\/pubeurope.com\/@fr\/114754907513249006","error":""},"_links":{"self":[{"href":"https:\/\/www.europesays.com\/fr\/wp-json\/wp\/v2\/posts\/208128","targetHints":{"allow":["GET"]}}],"collection":[{"href":"https:\/\/www.europesays.com\/fr\/wp-json\/wp\/v2\/posts"}],"about":[{"href":"https:\/\/www.europesays.com\/fr\/wp-json\/wp\/v2\/types\/post"}],"author":[{"embeddable":true,"href":"https:\/\/www.europesays.com\/fr\/wp-json\/wp\/v2\/users\/2"}],"replies":[{"embeddable":true,"href":"https:\/\/www.europesays.com\/fr\/wp-json\/wp\/v2\/comments?post=208128"}],"version-history":[{"count":0,"href":"https:\/\/www.europesays.com\/fr\/wp-json\/wp\/v2\/posts\/208128\/revisions"}],"wp:featuredmedia":[{"embeddable":true,"href":"https:\/\/www.europesays.com\/fr\/wp-json\/wp\/v2\/media\/208129"}],"wp:attachment":[{"href":"https:\/\/www.europesays.com\/fr\/wp-json\/wp\/v2\/media?parent=208128"}],"wp:term":[{"taxonomy":"category","embeddable":true,"href":"https:\/\/www.europesays.com\/fr\/wp-json\/wp\/v2\/categories?post=208128"},{"taxonomy":"post_tag","embeddable":true,"href":"https:\/\/www.europesays.com\/fr\/wp-json\/wp\/v2\/tags?post=208128"}],"curies":[{"name":"wp","href":"https:\/\/api.w.org\/{rel}","templated":true}]}}