{"id":208132,"date":"2025-06-27T10:43:11","date_gmt":"2025-06-27T10:43:11","guid":{"rendered":"https:\/\/www.europesays.com\/fr\/208132\/"},"modified":"2025-06-27T10:43:11","modified_gmt":"2025-06-27T10:43:11","slug":"pierre-mignoni-avoue-ne-pas-avoir-termine-le-recrutement-comme-il-le-voulait","status":"publish","type":"post","link":"https:\/\/www.europesays.com\/fr\/208132\/","title":{"rendered":"Pierre Mignoni avoue ne pas avoir termin\u00e9 le recrutement comme il le voulait"},"content":{"rendered":"<p>Le manager du Rugby Club Toulonnais, Pierre Mignoni s\u2019est longuement confi\u00e9 dans les Causeries de la Rade pour faire le bilan de la saison 2024 \/ 2025.<\/p>\n<p>Ce-dernier a \u00e9galement \u00e9voqu\u00e9 le recrutement pour la saison \u00e0 venir.<\/p>\n<p>Et le technicien Varois confirme ne pas avoir pu totalement recruter tous les joueurs qu\u2019il souhaitait.<\/p>\n<p>Il confirme avoir cherch\u00e9 un certain type de joueur et ne pas avoir trouv\u00e9 le profil souhait\u00e9.<\/p>\n<p>Il prend l\u2019exemple de Leicester Fainga\u2019anuku \u2013 lequel va rejoindre les Crusaders \u2013 qui n\u2019a toujours pas \u00e9t\u00e9 remplac\u00e9.<\/p>\n<p><strong>A lire ci-dessous :<\/strong><\/p>\n<p>\u00ab\u00a0Je suis honn\u00eate : parfois on a envie d\u2019avoir un profil de joueur mais que nous n\u2019avons pas pu avoir. C\u2019est le march\u00e9\u2026 Il y a des ann\u00e9es o\u00f9 c\u2019est un peu plus facile sur certains postes, un peu plus dur sur d\u2019autres postes. Et on ne peut pas faire n\u2019importe quoi. <\/p>\n<p>On ne peut pas racheter des contrats de partout. Des clubs le font, on l\u2019a aussi fait par le pass\u00e9, on l\u2019a m\u00eame fait encore cette ann\u00e9e avec Zach Mercer et Mathis Fert\u00e9. On a investi sur ce joueur-l\u00e0. Mais on ne peut pas le faire tout le temps, ce n\u2019est pas possible. Ce sont des opportunit\u00e9s. Pour la saison prochaine, j\u2019avais envie de faire une ou deux opportunit\u00e9s de plus sur des profils particuliers et \u00e0 ce jour, on ne l\u2019a pas fait. <\/p>\n<p>Je ne vais pas dire les postes car je ne veux pas dire qu\u2019on aura des faiblesses \u00e0 tel poste la saison prochaine. On perd Leicester Fainga\u2019anuku qui est un profil vraiment diff\u00e9rent de ce que nous avons. Est-ce que nous avons remplac\u00e9 ce profil ? La r\u00e9ponse est non, et je ne vais pas mentir. A ce jour, on n\u2019a pas recrut\u00e9 un autre Leicester. Des Leicester dans le monde, il n\u2019y en a pas beaucoup. On a eu des opportunit\u00e9s, on a scrut\u00e9, on a regard\u00e9, on a recherch\u00e9, mais ce n\u2019est pas si simple.<\/p>\n<p>On essaye aussi de pr\u00e9parer l\u2019avenir avec des opportunit\u00e9s \u00e0 deux jours, mais aussi \u00e0 six mois ou \u00e0 deux ans.\u00a0\u00bb<\/p>\n","protected":false},"excerpt":{"rendered":"Le manager du Rugby Club Toulonnais, Pierre Mignoni s\u2019est longuement confi\u00e9 dans les Causeries de la Rade pour&hellip;\n","protected":false},"author":2,"featured_media":208133,"comment_status":"","ping_status":"","sticky":false,"template":"","format":"standard","meta":{"footnotes":""},"categories":[1416],"tags":[1011,27,479,1468,60],"class_list":{"0":"post-208132","1":"post","2":"type-post","3":"status-publish","4":"format-standard","5":"has-post-thumbnail","7":"category-rugby","8":"tag-fr","9":"tag-france","10":"tag-rugby","11":"tag-rugby-football","12":"tag-sports"},"share_on_mastodon":{"url":"https:\/\/pubeurope.com\/@fr\/114754919061442048","error":""},"_links":{"self":[{"href":"https:\/\/www.europesays.com\/fr\/wp-json\/wp\/v2\/posts\/208132","targetHints":{"allow":["GET"]}}],"collection":[{"href":"https:\/\/www.europesays.com\/fr\/wp-json\/wp\/v2\/posts"}],"about":[{"href":"https:\/\/www.europesays.com\/fr\/wp-json\/wp\/v2\/types\/post"}],"author":[{"embeddable":true,"href":"https:\/\/www.europesays.com\/fr\/wp-json\/wp\/v2\/users\/2"}],"replies":[{"embeddable":true,"href":"https:\/\/www.europesays.com\/fr\/wp-json\/wp\/v2\/comments?post=208132"}],"version-history":[{"count":0,"href":"https:\/\/www.europesays.com\/fr\/wp-json\/wp\/v2\/posts\/208132\/revisions"}],"wp:featuredmedia":[{"embeddable":true,"href":"https:\/\/www.europesays.com\/fr\/wp-json\/wp\/v2\/media\/208133"}],"wp:attachment":[{"href":"https:\/\/www.europesays.com\/fr\/wp-json\/wp\/v2\/media?parent=208132"}],"wp:term":[{"taxonomy":"category","embeddable":true,"href":"https:\/\/www.europesays.com\/fr\/wp-json\/wp\/v2\/categories?post=208132"},{"taxonomy":"post_tag","embeddable":true,"href":"https:\/\/www.europesays.com\/fr\/wp-json\/wp\/v2\/tags?post=208132"}],"curies":[{"name":"wp","href":"https:\/\/api.w.org\/{rel}","templated":true}]}}