{"id":208138,"date":"2025-06-27T10:46:12","date_gmt":"2025-06-27T10:46:12","guid":{"rendered":"https:\/\/www.europesays.com\/fr\/208138\/"},"modified":"2025-06-27T10:46:12","modified_gmt":"2025-06-27T10:46:12","slug":"en-video-marc-marquez-chute-lourdement-en-essais-mais-prend-le-meilleur-temps-a-assen","status":"publish","type":"post","link":"https:\/\/www.europesays.com\/fr\/208138\/","title":{"rendered":"en vid\u00e9o, Marc Marquez chute lourdement en essais mais prend le meilleur temps \u00e0 Assen"},"content":{"rendered":"<p><strong>LE SCAN SPORT &#8211;<\/strong> Marc Marquez a violemment chut\u00e9 et roul\u00e9 dans les graviers \u00e0 tr\u00e8s haute vitesse lors des essais libres 1 du grand Prix des Pays-Bas. Le pilote Ducati est quand m\u00eame parvenu \u00e0 accrocher la premi\u00e8re place.<\/p>\n<p class=\"fig-paragraph\">Les chutes, Marc Marquez conna\u00eet. Celle qu\u2019il vient de subir \u00e0 Assen, \u00e0 l\u2019occasion du Grand Prix des Pays-Bas est particuli\u00e8rement violente. Le leader du championnat se sauve d\u2019abord d\u2019un \u00abhighside\u00bb (quand un pilote passe par-dessus sa moto) avant de tomber plus doucement et glisser sur plusieurs m\u00e8tres.<\/p>\n<p class=\"fig-paragraph\">Lorsqu\u2019il a percut\u00e9 les graviers, l\u2019octuple champion du monde a roul\u00e9 sur lui-m\u00eame dans un nuage de poussi\u00e8re alors que sa moto le devan\u00e7ait. Cette chute ne l\u2019a pas emp\u00each\u00e9 de faire le meilleur temps de cette premi\u00e8re s\u00e9ance d\u2019essais. \u00c0 noter les belles 6e et 8e positions des Fran\u00e7ais Fabio Quartararo et Johann Zarco.<\/p>\n","protected":false},"excerpt":{"rendered":"LE SCAN SPORT &#8211; Marc Marquez a violemment chut\u00e9 et roul\u00e9 dans les graviers \u00e0 tr\u00e8s haute vitesse&hellip;\n","protected":false},"author":2,"featured_media":208139,"comment_status":"","ping_status":"","sticky":false,"template":"","format":"standard","meta":{"footnotes":""},"categories":[1413],"tags":[7589,7590,1976,525,7592,1981,1979,4266,1680,1011,27,7591,1982,4922,1741,4977,1461,1457,6033,1456,1458,1978,1980,60,4921],"class_list":{"0":"post-208138","1":"post","2":"type-post","3":"status-publish","4":"format-standard","5":"has-post-thumbnail","7":"category-moto","8":"tag-125cc","9":"tag-250cc","10":"tag-auto-moto","11":"tag-calendrier","12":"tag-circuits","13":"tag-classement","14":"tag-constructeurs","15":"tag-ducati","16":"tag-fabio-quartararo","17":"tag-fr","18":"tag-france","19":"tag-gp","20":"tag-grand-prix","21":"tag-honda","22":"tag-johann-zarco","23":"tag-le-scan-sport","24":"tag-marc-marquez","25":"tag-moto","26":"tag-moto-gp","27":"tag-motocycle","28":"tag-motogp","29":"tag-pilotes","30":"tag-resultats","31":"tag-sports","32":"tag-yamaha"},"share_on_mastodon":{"url":"https:\/\/pubeurope.com\/@fr\/114754930871794939","error":""},"_links":{"self":[{"href":"https:\/\/www.europesays.com\/fr\/wp-json\/wp\/v2\/posts\/208138","targetHints":{"allow":["GET"]}}],"collection":[{"href":"https:\/\/www.europesays.com\/fr\/wp-json\/wp\/v2\/posts"}],"about":[{"href":"https:\/\/www.europesays.com\/fr\/wp-json\/wp\/v2\/types\/post"}],"author":[{"embeddable":true,"href":"https:\/\/www.europesays.com\/fr\/wp-json\/wp\/v2\/users\/2"}],"replies":[{"embeddable":true,"href":"https:\/\/www.europesays.com\/fr\/wp-json\/wp\/v2\/comments?post=208138"}],"version-history":[{"count":0,"href":"https:\/\/www.europesays.com\/fr\/wp-json\/wp\/v2\/posts\/208138\/revisions"}],"wp:featuredmedia":[{"embeddable":true,"href":"https:\/\/www.europesays.com\/fr\/wp-json\/wp\/v2\/media\/208139"}],"wp:attachment":[{"href":"https:\/\/www.europesays.com\/fr\/wp-json\/wp\/v2\/media?parent=208138"}],"wp:term":[{"taxonomy":"category","embeddable":true,"href":"https:\/\/www.europesays.com\/fr\/wp-json\/wp\/v2\/categories?post=208138"},{"taxonomy":"post_tag","embeddable":true,"href":"https:\/\/www.europesays.com\/fr\/wp-json\/wp\/v2\/tags?post=208138"}],"curies":[{"name":"wp","href":"https:\/\/api.w.org\/{rel}","templated":true}]}}